{"id":43836,"date":"2024-05-28T20:44:50","date_gmt":"2024-05-28T20:44:50","guid":{"rendered":"https:\/\/cordoba.gob.ar\/?p=58181"},"modified":"2024-05-28T20:44:50","modified_gmt":"2024-05-28T20:44:50","slug":"a-55-anos-del-cordobazo-un-abanico-de-propuestas-culturales-para-conmemorar-una-de-las-gestas-mas-significativas-de-nuestra-historia","status":"publish","type":"post","link":"http:\/\/nuevacordoba.net\/index.php\/2024\/05\/28\/a-55-anos-del-cordobazo-un-abanico-de-propuestas-culturales-para-conmemorar-una-de-las-gestas-mas-significativas-de-nuestra-historia\/","title":{"rendered":"A 55 a\u00f1os del Cordobazo, un abanico de propuestas culturales para conmemorar una de las gestas m\u00e1s significativas de nuestra historia"},"content":{"rendered":"<div><img src=\"http:\/\/nuevacordoba.net\/wp-content\/uploads\/2024\/05\/a-55-anos-del-cordobazo-un-abanico-de-propuestas-culturales-para-conmemorar-una-de-las-gestas-mas-significativas-de-nuestra-historia.jpg\" class=\"ff-og-image-inserted\"><\/div>\n<p>Todas las actividades son gratuitas.<\/p>\n<hr>\n<p data-pm-slice=\"1 1 []\">En el marco del 55\u00ba aniversario del Cordobazo, la Municipalidad de C\u00f3rdoba invita a la comunidad a participar de una nutrida agenda cultural que busca revalorizar este hito hist\u00f3rico a trav\u00e9s de diversas expresiones art\u00edsticas y culturales.<\/p>\n<p>El Cordobazo, aquella gesta obrero-estudiantil que marc\u00f3 un antes y un despu\u00e9s en la historia de C\u00f3rdoba y del pa\u00eds, ser\u00e1 conmemorado con una serie de actividades que buscan no solo recordar el hecho, sino tambi\u00e9n reflexionar sobre su significado y vigencia en la actualidad.<\/p>\n<p>M\u00fasica, teatro, fotograf\u00eda, cine, literatura y un circuito tur\u00edstico-cultural conforman un programa libre y gratuito que se desarrollar\u00e1 desde el mi\u00e9rcoles 29 de mayo al s\u00e1bado 1 de junio en distintos espacios de la ciudad.<\/p>\n<p>La grilla propone cuatro jornadas con diversas actividades: presentaci\u00f3n de una novela gr\u00e1fica; tres muestras fotogr\u00e1ficas; la proyecci\u00f3n de la pel\u00edcula \u201c\u00a1Qu\u00e9menlos!\u201d, a la que se le sumar\u00e1 un conversatorio con su director; la presentaci\u00f3n de la obra teatral \u00abCordobazo, la mesa de tres patas\u00bb; y la interpretaci\u00f3n del Cordobazo Musical, a cargo de la Banda Sinf\u00f3nica Municipal de C\u00f3rdoba; entre otras.<\/p>\n<p>Adem\u00e1s, en el marco del lanzamiento del programa \u201cRutas Tur\u00edstico-Culturales\u201d, a trav\u00e9s del cual se busca visibilizar huellas urban\u00edsticas relacionadas a acontecimientos y tesoros culturales de nuestra ciudad, se presentar\u00e1 desde la Subsecretar\u00eda de Cultura junto a la Subsecretar\u00eda de Turismo un circuito espec\u00edfico vinculado al Cordobazo. Actividad con cupo limitado.<\/p>\n<p><strong>La agenda<\/strong><\/p>\n<p><strong>MI\u00c9RCOLES 29<\/strong><\/p>\n<p><strong>18hs:<\/strong> Presentaci\u00f3n del libro \u201cLa rebeli\u00f3n. Historias del Cordobazo\u201d, junto a la CGT (Confederaci\u00f3n General del Trabajo).<\/p>\n<p>Su autor, Ian Debiase, desglosa el hecho hist\u00f3rico desde diversos puntos de vista, que construyen una mirada populosa de lo que fue el evento colectivo. Cada episodio de \u201cLa Rebeli\u00f3n. Historias del Cordobazo\u201d, es una an\u00e9cdota diferente que en su conjunto nos muestran las facetas de la gesta, donde cada protagonista fue un actor, y cada acci\u00f3n un signo pol\u00edtico.<\/p>\n<p>Orador: Ian Debiase (autor).<\/p>\n<p>Moderadores: Mari Salina, Cristian Blasco.<\/p>\n<p>Lugar: Casa Hist\u00f3rica de la CGT (Av. V\u00e9lez Sarsfield 137).<\/p>\n<p><strong>JUEVES 30<\/strong><\/p>\n<p><strong>18:30hs:<\/strong> Inauguraci\u00f3n de la muestra fotogr\u00e1fica \u201cEl Patio del Cordobazo\u201d de Guillermo Gal\u00edndez y charla sobre los \u201cOr\u00edgenes del Cordobazo\u201d. Cierre musical con el \u00abD\u00fao cadencia\u00bb.<\/p>\n<p>Oradores: Guillermo Gal\u00edndez, Manuel Reyes, Juan Villa, Gonzalo Sarria.<\/p>\n<p>Lugar: Museo de la Industria \u00abBrigadier Mayor Juan San Mart\u00edn\u00bb (Libertad 1130).<\/p>\n<p><strong>20hs:<\/strong> Proyecci\u00f3n de la pel\u00edcula \u201cQu\u00e9menlos\u201d y posterior conversatorio con su director Adri\u00e1n Jaime.<\/p>\n<p>Este documental traza el derrotero de aquella resistencia civil en la ciudad de C\u00f3rdoba, cuna de la industria automotriz argentina y de la Reforma Universitaria. Como nunca antes se ha visto, una reconstrucci\u00f3n de lo ocurrido en el Cordobazo.<\/p>\n<p>Lugar: Centro Cultural La Piojera (Av. Col\u00f3n 1559).<\/p>\n<p><strong>VIERNES 31<\/strong><\/p>\n<p><strong>18hs:<\/strong> \u201cEl Cordobazo en el Cementerio San Jer\u00f3nimo\u201d, conversatorio con Mariano Saravia y Bibiana Fulchieri.<\/p>\n<p>Lugar: Hall Cementerio San Jer\u00f3nimo (Dr. Pedro Chutro 55).<\/p>\n<p><strong>20hs:<\/strong>&nbsp; \u00abCordobazo, la mesa de tres patas\u00bb.&nbsp; Enmarcada en el Cordobazo, a trav\u00e9s de c\u00e1maras, proyecciones, un creativo juego de luces y un trasfondo musical, el espectador se mete dentro de los sucesos como si estuviera participando de esa jornada.<\/p>\n<p>Idea y direcci\u00f3n: Cacho Pi\u00f1a \u2013 Puesta en escena: Mart\u00edn Gaet\u00e1n<\/p>\n<p>Participa la Banda Sinf\u00f3nica Municipal junto a Comedia Infanto Juvenil<\/p>\n<p>Lugar: Teatro Comedia (Rivadavia 254).<\/p>\n<p>Entrada gratuita hasta agotar capacidad de sala.<\/p>\n<p><strong>S\u00e1bado 1<\/strong><\/p>\n<p><strong>10:30hs:<\/strong> Rutas tur\u00edstico-culturales<\/p>\n<p>Lanzamiento del circuito tur\u00edstico sobre el Cordobazo con se\u00f1alizaci\u00f3n, escenas teatrales y muestra fotogr\u00e1fica.<\/p>\n<p>El recorrido ser\u00e1 desde el Monumento a Agust\u00edn Tosco (frente al Patio Olmos) hasta Plaza Col\u00f3n. Actividad organizada por la Subsecretar\u00eda de Cultura junto a la Subsecretar\u00eda de Turismo.<\/p>\n<p><strong>12:30hs:<\/strong> Cierre de la agenda cultural junto a la CGT. Presentaci\u00f3n de la Banda Sinf\u00f3nica Municipal de C\u00f3rdoba interpretando el Cordobazo Musical junto al m\u00fasico Cacho Pi\u00f1a y actores de la Comedia Infanto Juvenil. Actividad organizada por la Subsecretar\u00eda de Cultura junto a la Subsecretar\u00eda de Turismo.<\/p>\n<p>Lugar: Plaza Col\u00f3n.<\/p>\n","protected":false},"excerpt":{"rendered":"<p>Todas las actividades son gratuitas. En el marco del 55\u00ba aniversario del Cordobazo, la Municipalidad de C\u00f3rdoba invita a la comunidad a participar de una nutrida agenda cultural que busca revalorizar este hito hist\u00f3rico a trav\u00e9s de diversas expresiones art\u00edsticas y culturales. El Cordobazo, aquella gesta obrero-estudiantil que marc\u00f3 un antes y un despu\u00e9s en [&hellip;]<\/p>\n","protected":false},"author":1,"featured_media":43837,"comment_status":"closed","ping_status":"closed","sticky":false,"template":"","format":"standard","meta":[],"categories":[14],"tags":[],"_links":{"self":[{"href":"http:\/\/nuevacordoba.net\/index.php\/wp-json\/wp\/v2\/posts\/43836"}],"collection":[{"href":"http:\/\/nuevacordoba.net\/index.php\/wp-json\/wp\/v2\/posts"}],"about":[{"href":"http:\/\/nuevacordoba.net\/index.php\/wp-json\/wp\/v2\/types\/post"}],"author":[{"embeddable":true,"href":"http:\/\/nuevacordoba.net\/index.php\/wp-json\/wp\/v2\/users\/1"}],"replies":[{"embeddable":true,"href":"http:\/\/nuevacordoba.net\/index.php\/wp-json\/wp\/v2\/comments?post=43836"}],"version-history":[{"count":0,"href":"http:\/\/nuevacordoba.net\/index.php\/wp-json\/wp\/v2\/posts\/43836\/revisions"}],"wp:featuredmedia":[{"embeddable":true,"href":"http:\/\/nuevacordoba.net\/index.php\/wp-json\/wp\/v2\/media\/43837"}],"wp:attachment":[{"href":"http:\/\/nuevacordoba.net\/index.php\/wp-json\/wp\/v2\/media?parent=43836"}],"wp:term":[{"taxonomy":"category","embeddable":true,"href":"http:\/\/nuevacordoba.net\/index.php\/wp-json\/wp\/v2\/categories?post=43836"},{"taxonomy":"post_tag","embeddable":true,"href":"http:\/\/nuevacordoba.net\/index.php\/wp-json\/wp\/v2\/tags?post=43836"}],"curies":[{"name":"wp","href":"https:\/\/api.w.org\/{rel}","templated":true}]}}