{"id":43842,"date":"2024-05-28T03:03:26","date_gmt":"2024-05-28T03:03:26","guid":{"rendered":"https:\/\/puntoapunto.com.ar\/?p=361187"},"modified":"2024-05-28T03:03:26","modified_gmt":"2024-05-28T03:03:26","slug":"cambios-en-el-gabinete-con-nicolas-posse-afuera-francos-es-el-nuevo-jefe-de-gabinete-y-llega-sturzenegger","status":"publish","type":"post","link":"http:\/\/nuevacordoba.net\/index.php\/2024\/05\/28\/cambios-en-el-gabinete-con-nicolas-posse-afuera-francos-es-el-nuevo-jefe-de-gabinete-y-llega-sturzenegger\/","title":{"rendered":"Cambios en el gabinete: con Nicol\u00e1s Posse afuera, Francos es el nuevo jefe de Gabinete y \u00bfllega Sturzenegger?"},"content":{"rendered":"<div class=\"g g-36\">\n<div class=\"g-dyn a-29 c-1\"><a class=\"gofollow\" data-track=\"MjksMzYsMSw2MA==\" href=\"https:\/\/www.harmoniechateau.com.ar\/\" target=\"_blank\" rel=\"noopener\"><img src=\"http:\/\/nuevacordoba.net\/wp-content\/uploads\/2024\/05\/cambios-en-el-gabinete-con-nicolas-posse-afuera-francos-es-el-nuevo-jefe-de-gabinete-y-llega-sturzenegger.jpg\" loading=\"lazy\"><\/a><\/div>\n<\/div>\n<p>&nbsp;\n<\/p>\n<p>Luego de varios d\u00edas de rumores sobre su salida por las internas, finalmente se concret\u00f3 la&nbsp;<strong>renuncia del ahora ex jefe de Gabinete,&nbsp;Nicol\u00e1s Posse<\/strong><a href=\"https:\/\/www.perfil.com\/noticias\/politica\/nicolas-posse-cree-es-victima-de-una-interna-del-propio-gabinete.phtml\" target=\"_blank\" rel=\"noopener\">.<\/a>&nbsp;El Gobierno ya comunic\u00f3 que lo&nbsp;<strong>reemplazar\u00e1 Guillermo Francos<\/strong>&nbsp;que gana poder ya que&nbsp;el Ministerio del Interior que ten\u00eda a su cargo ser\u00e1 absorbido por la Jefatura de Gabinete.\n<\/p>\n<p>Adem\u00e1s, desde la Casa Rosada adelantaron que<strong>&nbsp;Federico Sturzenegger<\/strong>&nbsp;estar\u00e1 el frente&nbsp;de un nuevo ministerio, que tendr\u00e1 un nombre que defin\u00eda&nbsp;junto al asesor&nbsp;<strong>Santiago Caputo<\/strong>. La nueva cartera, que seg\u00fan las fuentes apuntar\u00e1 a acelerar&nbsp;la desregulaci\u00f3n de la econom\u00eda se&nbsp;formalizar\u00eda&nbsp;en estas horas.\n<\/p>\n<p>La decisi\u00f3n del reemplazo de Posse, motivada por \u00ab<strong>diferencias de criterios y expectativas<\/strong>&nbsp;en la marcha del Gobierno y las tareas encomendadas\u00bb, marca un importante cambio en la estructura del Ejecutivo.\n<\/p>\n<blockquote class=\"twitter-tweet\" data-width=\"500\" data-dnt=\"true\" readability=\"4.2926829268293\">\n<p lang=\"zxx\" dir=\"ltr\"><a href=\"https:\/\/t.co\/30RZs7yVHy\">pic.twitter.com\/30RZs7yVHy<\/a>\n<\/p>\n<p>\u2014 Oficina del Presidente (@OPRArgentina) <a href=\"https:\/\/twitter.com\/OPRArgentina\/status\/1795251727652032868?ref_src=twsrc%5Etfw\">May 28, 2024<\/a><\/p>\n<\/blockquote>\n<div class=\"subscription\" readability=\"16\">\n<p>En un comunicado de prensa, el Gobierno se\u00f1al\u00f3 que \u00abNicol\u00e1s Posse, quien ha sido una figura central en la administraci\u00f3n de Milei desde el inicio de su mandato, continuar\u00e1 apoyando las ideas fundamentales de la libertad, la defensa de la vida y la propiedad, y el proyecto de una Argentina libre que el Presidente Milei ha promovido con firmeza. <strong>Posse asumir\u00e1 un nuevo rol dentro del Gobierno, el cual ser\u00e1 anunciado en los pr\u00f3ximos d\u00edas<\/strong>\u00ab.<\/p>\n<h5 class=\"subscription__title\"><strong>Guillermo Francos gana poder en el Gabinete<\/strong><\/h5>\n<\/div>\n<p>En su lugar,&nbsp;Guillermo Francos, actual ministro del Interior, asumir\u00e1 la Jefatura de Gabinete de Ministros. \u00abSe espera que la transici\u00f3n se lleve a cabo de manera ordenada durante esta semana, asegurando la continuidad y estabilidad en la gesti\u00f3n gubernamental\u00bb, se\u00f1alaron desde el oficialismo.\n<\/p>\n<p>Asimismo, Francos gana poder dentro del Gobierno ya que no deja del todo el Ministerio del Interior que comandaba. Es que esa cartera ser\u00e1 absorbida por la Jefatura de Gabinete. A partir de ahora, el Ministerio del Interior pasar\u00e1 a ser Secretar\u00eda del Interior y estar\u00e1 a cargo de&nbsp;<strong>Lisandro Catal\u00e1n<\/strong>.\n<\/p>\n<div class=\"g g-38\">\n<div class=\"g-dyn a-12 c-1\"><a class=\"gofollow\" data-track=\"MTIsMzgsMSw2MA==\" href=\"https:\/\/form.jotform.com\/240784464263663\" target=\"_blank\" rel=\"noopener\"><img src=\"http:\/\/nuevacordoba.net\/wp-content\/uploads\/2024\/05\/cambios-en-el-gabinete-con-nicolas-posse-afuera-francos-es-el-nuevo-jefe-de-gabinete-y-llega-sturzenegger-1.jpg\" loading=\"lazy\"><\/a><\/div>\n<\/div>\n","protected":false},"excerpt":{"rendered":"<p>&nbsp; Luego de varios d\u00edas de rumores sobre su salida por las internas, finalmente se concret\u00f3 la&nbsp;renuncia del ahora ex jefe de Gabinete,&nbsp;Nicol\u00e1s Posse.&nbsp;El Gobierno ya comunic\u00f3 que lo&nbsp;reemplazar\u00e1 Guillermo Francos&nbsp;que gana poder ya que&nbsp;el Ministerio del Interior que ten\u00eda a su cargo ser\u00e1 absorbido por la Jefatura de Gabinete. Adem\u00e1s, desde la Casa Rosada [&hellip;]<\/p>\n","protected":false},"author":1,"featured_media":43843,"comment_status":"open","ping_status":"closed","sticky":false,"template":"","format":"standard","meta":[],"categories":[12,14],"tags":[],"_links":{"self":[{"href":"http:\/\/nuevacordoba.net\/index.php\/wp-json\/wp\/v2\/posts\/43842"}],"collection":[{"href":"http:\/\/nuevacordoba.net\/index.php\/wp-json\/wp\/v2\/posts"}],"about":[{"href":"http:\/\/nuevacordoba.net\/index.php\/wp-json\/wp\/v2\/types\/post"}],"author":[{"embeddable":true,"href":"http:\/\/nuevacordoba.net\/index.php\/wp-json\/wp\/v2\/users\/1"}],"replies":[{"embeddable":true,"href":"http:\/\/nuevacordoba.net\/index.php\/wp-json\/wp\/v2\/comments?post=43842"}],"version-history":[{"count":0,"href":"http:\/\/nuevacordoba.net\/index.php\/wp-json\/wp\/v2\/posts\/43842\/revisions"}],"wp:featuredmedia":[{"embeddable":true,"href":"http:\/\/nuevacordoba.net\/index.php\/wp-json\/wp\/v2\/media\/43843"}],"wp:attachment":[{"href":"http:\/\/nuevacordoba.net\/index.php\/wp-json\/wp\/v2\/media?parent=43842"}],"wp:term":[{"taxonomy":"category","embeddable":true,"href":"http:\/\/nuevacordoba.net\/index.php\/wp-json\/wp\/v2\/categories?post=43842"},{"taxonomy":"post_tag","embeddable":true,"href":"http:\/\/nuevacordoba.net\/index.php\/wp-json\/wp\/v2\/tags?post=43842"}],"curies":[{"name":"wp","href":"https:\/\/api.w.org\/{rel}","templated":true}]}}