{"id":43849,"date":"2024-05-29T03:04:46","date_gmt":"2024-05-29T03:04:46","guid":{"rendered":"https:\/\/puntoapunto.com.ar\/?p=361194"},"modified":"2024-05-29T03:04:46","modified_gmt":"2024-05-29T03:04:46","slug":"edicion-semanal-la-hora-del-mercado","status":"publish","type":"post","link":"http:\/\/nuevacordoba.net\/index.php\/2024\/05\/29\/edicion-semanal-la-hora-del-mercado\/","title":{"rendered":"Edici\u00f3n semanal: La hora del mercado"},"content":{"rendered":"<div class=\"g g-36\">\n<div class=\"g-dyn a-29 c-1\"><a class=\"gofollow\" data-track=\"MjksMzYsMSw2MA==\" href=\"https:\/\/www.harmoniechateau.com.ar\/\" target=\"_blank\" rel=\"noopener\"><img src=\"http:\/\/nuevacordoba.net\/wp-content\/uploads\/2024\/05\/edicion-semanal-la-hora-del-mercado.jpg\" loading=\"lazy\"><\/a><\/div>\n<\/div>\n<p>&nbsp;\n<\/p>\n<p>Para referentes de la city <strong>las reformas que plantea el gobierno de Milei pueden traccionar inversiones que necesitar\u00e1n de un mercado de capitales m\u00e1s activo y sofisticado<\/strong>. Los n\u00fameros que se manejan y que instrumentos pueden potenciar a las empresas.\n<\/p>\n<p><strong>Plus: <\/strong>Dracma compr\u00f3 ALYC&nbsp;y se relanza\n<\/p>\n<p><strong>Le\u00e9 la revista en tu dispositivo favorito<\/strong>\n<\/p>\n<p><a href=\"https:\/\/indd.adobe.com\/view\/082c452d-a59c-4ec3-bb03-da6c10667e38\" target=\"_blank\" rel=\"noopener\"><img decoding=\"async\" class=\"alignnone wp-image-341569 size-full\" src=\"http:\/\/nuevacordoba.net\/wp-content\/uploads\/2024\/05\/edicion-semanal-la-hora-del-mercado-1.jpg\" alt width=\"300\" height=\"80\" loading=\"lazy\"> &nbsp; &nbsp; &nbsp; &nbsp; &nbsp; &nbsp; &nbsp; <\/a><img decoding=\"async\" class=\"alignnone size-full wp-image-341570\" src=\"http:\/\/nuevacordoba.net\/wp-content\/uploads\/2024\/05\/edicion-semanal-la-hora-del-mercado-2.jpg\" alt width=\"300\" height=\"80\" loading=\"lazy\"><\/p>\n<div class=\"g g-38\">\n<div class=\"g-dyn a-12 c-1\"><a class=\"gofollow\" data-track=\"MTIsMzgsMSw2MA==\" href=\"https:\/\/form.jotform.com\/240784464263663\" target=\"_blank\" rel=\"noopener\"><img src=\"http:\/\/nuevacordoba.net\/wp-content\/uploads\/2024\/05\/edicion-semanal-la-hora-del-mercado-3.jpg\" loading=\"lazy\"><\/a><\/div>\n<\/div>\n","protected":false},"excerpt":{"rendered":"<p>&nbsp; Para referentes de la city las reformas que plantea el gobierno de Milei pueden traccionar inversiones que necesitar\u00e1n de un mercado de capitales m\u00e1s activo y sofisticado. Los n\u00fameros que se manejan y que instrumentos pueden potenciar a las empresas. Plus: Dracma compr\u00f3 ALYC&nbsp;y se relanza Le\u00e9 la revista en tu dispositivo favorito &nbsp; [&hellip;]<\/p>\n","protected":false},"author":1,"featured_media":43850,"comment_status":"open","ping_status":"closed","sticky":false,"template":"","format":"standard","meta":[],"categories":[14],"tags":[],"_links":{"self":[{"href":"http:\/\/nuevacordoba.net\/index.php\/wp-json\/wp\/v2\/posts\/43849"}],"collection":[{"href":"http:\/\/nuevacordoba.net\/index.php\/wp-json\/wp\/v2\/posts"}],"about":[{"href":"http:\/\/nuevacordoba.net\/index.php\/wp-json\/wp\/v2\/types\/post"}],"author":[{"embeddable":true,"href":"http:\/\/nuevacordoba.net\/index.php\/wp-json\/wp\/v2\/users\/1"}],"replies":[{"embeddable":true,"href":"http:\/\/nuevacordoba.net\/index.php\/wp-json\/wp\/v2\/comments?post=43849"}],"version-history":[{"count":0,"href":"http:\/\/nuevacordoba.net\/index.php\/wp-json\/wp\/v2\/posts\/43849\/revisions"}],"wp:featuredmedia":[{"embeddable":true,"href":"http:\/\/nuevacordoba.net\/index.php\/wp-json\/wp\/v2\/media\/43850"}],"wp:attachment":[{"href":"http:\/\/nuevacordoba.net\/index.php\/wp-json\/wp\/v2\/media?parent=43849"}],"wp:term":[{"taxonomy":"category","embeddable":true,"href":"http:\/\/nuevacordoba.net\/index.php\/wp-json\/wp\/v2\/categories?post=43849"},{"taxonomy":"post_tag","embeddable":true,"href":"http:\/\/nuevacordoba.net\/index.php\/wp-json\/wp\/v2\/tags?post=43849"}],"curies":[{"name":"wp","href":"https:\/\/api.w.org\/{rel}","templated":true}]}}