{"id":4388,"date":"2021-05-10T14:15:29","date_gmt":"2021-05-10T14:15:29","guid":{"rendered":"http:\/\/cordobanewsnet.wordpress.com\/?p=5464"},"modified":"2021-05-10T14:15:29","modified_gmt":"2021-05-10T14:15:29","slug":"lo-grabaron-tirando-piedras-a-un-colectivo-y-fue-detenido","status":"publish","type":"post","link":"http:\/\/nuevacordoba.net\/index.php\/2021\/05\/10\/lo-grabaron-tirando-piedras-a-un-colectivo-y-fue-detenido\/","title":{"rendered":"Lo grabaron tirando piedras a un colectivo y fue detenido"},"content":{"rendered":"<p><!-- \/featured-media --> <\/p>\n<div class=\"post-content clear\" readability=\"44.906497622821\">\n<p>Alrededor de las&nbsp;<strong>22 de este domingo<\/strong>, en la esquina de&nbsp;<strong>Rivadavia y Libertad<\/strong>, en pleno centro de la ciudad,&nbsp;<strong>un hombre fue filmado mientras atacaba a piedrazos a un colectivo de ERSA.<\/strong><\/p>\n<p>El sospechoso estaba caminando cuando, sin mediar ninguna discusi\u00f3n,&nbsp;<strong>tom\u00f3 una piedra de un cantero y se la arroj\u00f3 a la unidad de transporte<\/strong>. Las c\u00e1maras de seguridad del 911 lo tomaron en el momento justo e inmediatamente actu\u00f3 la Polic\u00eda para detenerlo.<\/p>\n<p>Seg\u00fan inform\u00f3 posteriormente la fuerza, el hombre tambi\u00e9n caus\u00f3 da\u00f1os en veh\u00edculos y comercios de la zona.<\/p>\n<div id=\"jp-post-flair\" class=\"sharedaddy sd-like-enabled sd-sharing-enabled\">\n<div class=\"sharedaddy sd-sharing-enabled\">\n<div class=\"robots-nocontent sd-block sd-social sd-social-icon-text sd-sharing\">\n<h3 class=\"sd-title\">Share this:<\/h3>\n<\/div>\n<\/div>\n<div class=\"sharedaddy sd-block sd-like jetpack-likes-widget-wrapper jetpack-likes-widget-unloaded\" id=\"like-post-wrapper-143108178-5464-609ba990600db\" data-src=\"\/\/widgets.wp.com\/likes\/index.html?ver=20210413#blog_id=143108178&amp;post_id=5464&amp;origin=cordobanewsnet.wordpress.com&amp;obj_id=143108178-5464-609ba990600db\" data-name=\"like-post-frame-143108178-5464-609ba990600db\">\n<h3 class=\"sd-title\">Me gusta esto:<\/h3>\n<p><span class=\"button\"><span>Me gusta<\/span><\/span> <span class=\"loading\">Cargando&#8230;<\/span><\/p>\n<p><span class=\"sd-text-color\"><\/span><\/div>\n<p><h3 class=\"jp-relatedposts-headline\"><em>Relacionado<\/em><\/h3>\n<\/p>\n<\/div><\/div>\n<p><!--\/.post-content--> <\/p>\n<footer class=\"post-meta-container clear\" readability=\"0.2863436123348\">\n<div class=\"entry-author author-avatar-show\" readability=\"13.114754098361\">\n<div class=\"author-avatar\"> <img loading=\"lazy\" alt src=\"http:\/\/nuevacordoba.net\/wp-content\/uploads\/2021\/05\/lo-grabaron-tirando-piedras-a-un-colectivo-y-fue-detenido.png\" class=\"avatar avatar-90\" height=\"90\" width=\"90\"> <\/div>\n<p><!-- .author-avatar --> <\/p>\n<p><h2 class=\"author-title\">Publicado por <span class=\"author-name\">Redacci\u00f3n<\/span><\/h2>\n<\/p>\n<p><!-- .author-heading --> <\/p>\n<p class=\"author-bio\"> <a class=\"author-link\" href=\"https:\/\/cordobanewsnet.wordpress.com\/author\/prettomatias\/\" rel=\"author\"> Ver todas las entradas de Redacci\u00f3n <\/a> <\/p>\n<p><!-- .author-bio --> <\/div>\n<p><!-- .entry-auhtor --> <\/footer>\n<p> <!-- \/post-meta-container --> <!-- #respond --> <\/p>\n","protected":false},"excerpt":{"rendered":"<p>Alrededor de las&nbsp;22 de este domingo, en la esquina de&nbsp;Rivadavia y Libertad, en pleno centro de la ciudad,&nbsp;un hombre fue filmado mientras atacaba a piedrazos a un colectivo de ERSA. El sospechoso estaba caminando cuando, sin mediar ninguna discusi\u00f3n,&nbsp;tom\u00f3 una piedra de un cantero y se la arroj\u00f3 a la unidad de transporte. Las c\u00e1maras [&hellip;]<\/p>\n","protected":false},"author":1,"featured_media":4389,"comment_status":"closed","ping_status":"closed","sticky":false,"template":"","format":"standard","meta":[],"categories":[14],"tags":[],"_links":{"self":[{"href":"http:\/\/nuevacordoba.net\/index.php\/wp-json\/wp\/v2\/posts\/4388"}],"collection":[{"href":"http:\/\/nuevacordoba.net\/index.php\/wp-json\/wp\/v2\/posts"}],"about":[{"href":"http:\/\/nuevacordoba.net\/index.php\/wp-json\/wp\/v2\/types\/post"}],"author":[{"embeddable":true,"href":"http:\/\/nuevacordoba.net\/index.php\/wp-json\/wp\/v2\/users\/1"}],"replies":[{"embeddable":true,"href":"http:\/\/nuevacordoba.net\/index.php\/wp-json\/wp\/v2\/comments?post=4388"}],"version-history":[{"count":0,"href":"http:\/\/nuevacordoba.net\/index.php\/wp-json\/wp\/v2\/posts\/4388\/revisions"}],"wp:featuredmedia":[{"embeddable":true,"href":"http:\/\/nuevacordoba.net\/index.php\/wp-json\/wp\/v2\/media\/4389"}],"wp:attachment":[{"href":"http:\/\/nuevacordoba.net\/index.php\/wp-json\/wp\/v2\/media?parent=4388"}],"wp:term":[{"taxonomy":"category","embeddable":true,"href":"http:\/\/nuevacordoba.net\/index.php\/wp-json\/wp\/v2\/categories?post=4388"},{"taxonomy":"post_tag","embeddable":true,"href":"http:\/\/nuevacordoba.net\/index.php\/wp-json\/wp\/v2\/tags?post=4388"}],"curies":[{"name":"wp","href":"https:\/\/api.w.org\/{rel}","templated":true}]}}