{"id":440,"date":"2021-02-01T13:37:11","date_gmt":"2021-02-01T13:37:11","guid":{"rendered":"http:\/\/estaciontrip.com.ar\/?p=5029"},"modified":"2021-02-01T13:37:11","modified_gmt":"2021-02-01T13:37:11","slug":"cerro-colorado-un-museo-que-es-un-viaje-a-la-vida-de-atahualpa-yupanqui","status":"publish","type":"post","link":"http:\/\/nuevacordoba.net\/index.php\/2021\/02\/01\/cerro-colorado-un-museo-que-es-un-viaje-a-la-vida-de-atahualpa-yupanqui\/","title":{"rendered":"Cerro Colorado: un museo que es un viaje a la vida de Atahualpa Yupanqui"},"content":{"rendered":"<p>Atahualpa Yupanqui se traduce del quechua como \u00abel que viene de lejanas tierras para decir algo\u00bb. Fue el seud\u00f3nimo que adopt\u00f3 H\u00e9ctor Roberto Chavero Aramburo, nacido en Pergamino -provincia de Buenos Aires- el 31 de enero de 1908 y fallecido en N\u00eemes, Francia, el 23 de mayo de 1992. <\/p>\n<p>\u00abDon Ata\u00bb fue cantautor, guitarrista, poeta y escritor; un orgullo argentino que llev\u00f3 el folclore por el mundo y eligi\u00f3 que sus restos descansaran en su casa de Cerro Colorado -provincia de C\u00f3rdoba-.<\/p>\n<p>Se le considera el m\u00e1s importante m\u00fasico argentino de folclore. Sus composiciones han sido cantadas por grandes int\u00e9rpretes como Mercedes Sosa, Pedro Aznar, Los Chalchaleros, Horacio Guarany, Jorge Cafrune, Alfredo Zitarrosa, Jos\u00e9 Larralde, V\u00edctor Jara, \u00c1ngel Parra, Jairo, Andr\u00e9s Calamaro, Divididos, Marie Lafor\u00eat, entre muchos otros, y siguen formando parte del repertorio de artistas de Argentina y de todo el mundo.<\/p>\n<div id=\"envira-gallery-wrap-5031\" class=\"envira-gallery-wrap envira-gallery-theme-base envira-lightbox-theme-base\" itemscope itemtype=\"https:\/\/schema.org\/ImageGallery\">\n<div data-row-height data-gallery-theme id=\"envira-gallery-5031\" class=\"envira-gallery-public envira-gallery-1-columns envira-clear enviratope envira-gallery-css-animations\" data-envira-columns=\"1\">\n<div id=\"envira-gallery-item-5032\" class=\"envira-gallery-item enviratope-item envira-gallery-item-1 envira-lazy-load\" itemscope itemtype=\"https:\/\/schema.org\/ImageObject\">\n<div class=\"envira-gallery-item-inner\"><a href=\"http:\/\/nuevacordoba.net\/wp-content\/uploads\/2021\/02\/cerro-colorado-un-museo-que-es-un-viaje-a-la-vida-de-atahualpa-yupanqui-1.jpg\" class=\"envira-gallery-5031 envira-gallery-link\" rel=\"enviragallery5031\" title=\"Los restos de Atahualpa descansan en Cerro Colorado\" data-envira-caption=\"Los restos de Atahualpa descansan en Cerro Colorado\" data-envira-retina data-thumbnail itemprop=\"contentUrl\"><\/p>\n<div class=\"envira-lazy\" data-test-width=\"640\" data-test-height=\"480\"><img id=\"envira-gallery-image-5032\" class=\"envira-gallery-image envira-gallery-image-1\" data-envira-index=\"1\" src=\"http:\/\/nuevacordoba.net\/wp-content\/uploads\/2021\/02\/cerro-colorado-un-museo-que-es-un-viaje-a-la-vida-de-atahualpa-yupanqui.jpg\" data-envira-src=\"http:\/\/nuevacordoba.net\/wp-content\/uploads\/2021\/02\/cerro-colorado-un-museo-que-es-un-viaje-a-la-vida-de-atahualpa-yupanqui.jpg\" data-envira-gallery-id=\"5031\" data-envira-item-id=\"5032\" data-envira-caption=\"Los restos de Atahualpa descansan en Cerro Colorado\" alt title=\"Los restos de Atahualpa descansan en Cerro Colorado\" itemprop=\"thumbnailUrl\" data-envira-srcset=\"http:\/\/nuevacordoba.net\/wp-content\/uploads\/2021\/02\/cerro-colorado-un-museo-que-es-un-viaje-a-la-vida-de-atahualpa-yupanqui.jpg 400w,http:\/\/nuevacordoba.net\/wp-content\/uploads\/2021\/02\/cerro-colorado-un-museo-que-es-un-viaje-a-la-vida-de-atahualpa-yupanqui.jpg 2x\" srcset=\"data:image\/gif;base64,R0lGODlhAQABAIAAAP\/\/\/\/\/\/\/yH5BAEKAAEALAAAAAABAAEAAAICTAEAOw==\"><\/div>\n<p><\/a><\/div>\n<\/div>\n<\/div>\n<\/div>\n<p><noscript><img src=\"http:\/\/nuevacordoba.net\/wp-content\/uploads\/2021\/02\/cerro-colorado-un-museo-que-es-un-viaje-a-la-vida-de-atahualpa-yupanqui-1.jpg\" alt><\/noscript> <\/p>\n<p>La \u00abcasa grande que regal\u00e9 con mis libros, los pu\u00f1ales de mi abuelo, ponchos, aperos, regalos que me fue dando la gente en todos estos a\u00f1os de recorrer el mundo\u00bb, seg\u00fan describi\u00f3, conforma el Museo Atahualpa Yupanqui. Se ubica en la localidad de Cerro Colorado, en el \u00c1rea Norte de la provincia de C\u00f3rdoba, a 160 kil\u00f3metros de la ciudad capital, accediendo por la Ruta Nacional 9.<\/p>\n<p>Agua Escondida, &nbsp;es el nombre de la casa que el artista utilizaba como refugio, despu\u00e9s de sus viajes por distintos lugares del&nbsp;mundo.<\/p>\n<p>Dentro de esta antigua residencia transformada en museo, se exhiben objetos personales del famoso compositor y poeta, con muros tapizados de nostalgia y sentimiento.<\/p>\n<p>Desde un cuadro pintado y autografiado por Benito Quinquela Mart\u00edn, hasta la guitarra personal de Atahualpa, todo est\u00e1 expuesto all\u00ed, en un espacio cultural m\u00e1gico. <\/p>\n<p>Tambi\u00e9n, se exhiben fotograf\u00edas de Don Atahualpa con artistas reconocidos a nivel nacional e internacional, publicaciones de libros, discos de \u00e9poca, partituras de sus bellas canciones populares, entre otros elementos.<\/p>\n<p>La casa est\u00e1 enmarcada en un paisaje pintoresco y t\u00edpico del Cerro Colorado y musicalizado por el murmullo de las aguas cristalinas del r\u00edo de Los T\u00e1rtaros \u00f3 \u201cAgua Escondida\u201d, como el famoso cantautor lo bautiz\u00f3.<\/p>\n<p>La Casa Museo Atahualpa Yupanqui puede visitarse todos los d\u00edas, las visitas son guiadas por personal id\u00f3neo que va compartiendo an\u00e9cdotas de la vida del artista y narra variados pasajes de la biograf\u00eda de Don Atahualpa, con m\u00fasica de fondo de grabaciones del poeta.<\/p>\n<p>En 1986 Francia lo hab\u00eda condecorado como Caballero de la Orden de las Artes y las Letras.<\/p>\n<p>Luego de extensas giras por el mundo y de vivir en el exterior, en 1952 Yupanqui regres\u00f3 a Buenos Aires, mientras con su esposa Nenette constru\u00eda la casa de Cerro Colorado.<\/p>\n<p>Yupanqui comenz\u00f3 a alternar entre sus casas en Buenos Aires y Cerro Colorado. En 1967, realiz\u00f3 una gira por Espa\u00f1a, y se estableci\u00f3 en Par\u00eds.<\/p>\n<p>En 1992 estaba en N\u00eemes para una actuaci\u00f3n, se indispuso y all\u00ed muri\u00f3 el 23 de mayo. Por su expreso deseo, sus restos fueron repatriados y descansan en Cerro Colorado.<\/p>\n","protected":false},"excerpt":{"rendered":"<p>Atahualpa Yupanqui se traduce del quechua como \u00abel que viene de lejanas tierras para decir algo\u00bb. Fue el seud\u00f3nimo que adopt\u00f3 H\u00e9ctor Roberto Chavero Aramburo, nacido en Pergamino -provincia de Buenos Aires- el 31 de enero de 1908 y fallecido en N\u00eemes, Francia, el 23 de mayo de 1992. \u00abDon Ata\u00bb fue cantautor, guitarrista, poeta [&hellip;]<\/p>\n","protected":false},"author":1,"featured_media":441,"comment_status":"closed","ping_status":"closed","sticky":false,"template":"","format":"standard","meta":[],"categories":[11],"tags":[],"_links":{"self":[{"href":"http:\/\/nuevacordoba.net\/index.php\/wp-json\/wp\/v2\/posts\/440"}],"collection":[{"href":"http:\/\/nuevacordoba.net\/index.php\/wp-json\/wp\/v2\/posts"}],"about":[{"href":"http:\/\/nuevacordoba.net\/index.php\/wp-json\/wp\/v2\/types\/post"}],"author":[{"embeddable":true,"href":"http:\/\/nuevacordoba.net\/index.php\/wp-json\/wp\/v2\/users\/1"}],"replies":[{"embeddable":true,"href":"http:\/\/nuevacordoba.net\/index.php\/wp-json\/wp\/v2\/comments?post=440"}],"version-history":[{"count":0,"href":"http:\/\/nuevacordoba.net\/index.php\/wp-json\/wp\/v2\/posts\/440\/revisions"}],"wp:featuredmedia":[{"embeddable":true,"href":"http:\/\/nuevacordoba.net\/index.php\/wp-json\/wp\/v2\/media\/441"}],"wp:attachment":[{"href":"http:\/\/nuevacordoba.net\/index.php\/wp-json\/wp\/v2\/media?parent=440"}],"wp:term":[{"taxonomy":"category","embeddable":true,"href":"http:\/\/nuevacordoba.net\/index.php\/wp-json\/wp\/v2\/categories?post=440"},{"taxonomy":"post_tag","embeddable":true,"href":"http:\/\/nuevacordoba.net\/index.php\/wp-json\/wp\/v2\/tags?post=440"}],"curies":[{"name":"wp","href":"https:\/\/api.w.org\/{rel}","templated":true}]}}