{"id":44181,"date":"2024-06-07T21:41:34","date_gmt":"2024-06-07T21:41:34","guid":{"rendered":"https:\/\/cordoba.gob.ar\/?p=58566"},"modified":"2024-06-07T21:41:34","modified_gmt":"2024-06-07T21:41:34","slug":"secuestraron-mas-de-60-vehiculos-en-un-operativo-nocturno-realizado-en-la-avenida-cruz-roja-para-evitar-picadas-en-la-via-publica","status":"publish","type":"post","link":"http:\/\/nuevacordoba.net\/index.php\/2024\/06\/07\/secuestraron-mas-de-60-vehiculos-en-un-operativo-nocturno-realizado-en-la-avenida-cruz-roja-para-evitar-picadas-en-la-via-publica\/","title":{"rendered":"Secuestraron m\u00e1s de 60 veh\u00edculos en un operativo nocturno realizado en la avenida Cruz Roja, para evitar picadas en la v\u00eda p\u00fablica"},"content":{"rendered":"<div><img src=\"http:\/\/nuevacordoba.net\/wp-content\/uploads\/2024\/06\/secuestraron-mas-de-60-vehiculos-en-un-operativo-nocturno-realizado-en-la-avenida-cruz-roja-para-evitar-picadas-en-la-via-publica.jpg\" class=\"ff-og-image-inserted\"><\/div>\n<ul>\n<li><strong>Seis personas fueron detenidas.<\/strong><\/li>\n<li><strong>Participaron la Polic\u00eda provincial y distintas \u00e1reas de la Municipalidad de C\u00f3rdoba.<\/strong><\/li>\n<\/ul>\n<hr>\n<p>En un operativo conjunto entre la Polic\u00eda provincial; y la Guardia Urbana, Tr\u00e1nsito, y Fiscalizaci\u00f3n y Control del municipio, se secuestraron m\u00e1s de 60 veh\u00edculos en infracci\u00f3n.<\/p>\n<p>El control se realiz\u00f3 este viernes por la madrugada en la zona de Marcelo L\u00f3pez y avenida Cruz Roja, sitio donde se congregaron veh\u00edculos para la corrida de picadas ilegales en la v\u00eda p\u00fablica.<\/p>\n<p>Como resultado del operativo se secuestraron 44 autos y 21 motos por distintas faltas. Adem\u00e1s, seis personas fueron detenidas.<\/p>\n<p>Las acciones incluyeron controles de alcoholemia e ITV.<\/p>\n<p>Adem\u00e1s, se realizaron m\u00e1s de 10 actas por consumo de bebidas alcoh\u00f3licas en la via p\u00fablica.<\/p>\n<p>Durante la intervenci\u00f3n, uno de los automovilistas intent\u00f3 escapar y casi atropell\u00f3 a un polic\u00eda. Otras cinco personas fueron detenidas por conducir dos motos con pedido de secuestro.<\/p>\n<p>Las tareas forman parte de una mesa de trabajo conjunta entre \u00e1reas municipales y provinciales. Este fue el segundo operativo del mismo tipo realizado en la zona para evitar las picadas y reuniones ilegales en la v\u00eda p\u00fablica.<\/p>\n","protected":false},"excerpt":{"rendered":"<p>Seis personas fueron detenidas. Participaron la Polic\u00eda provincial y distintas \u00e1reas de la Municipalidad de C\u00f3rdoba. En un operativo conjunto entre la Polic\u00eda provincial; y la Guardia Urbana, Tr\u00e1nsito, y Fiscalizaci\u00f3n y Control del municipio, se secuestraron m\u00e1s de 60 veh\u00edculos en infracci\u00f3n. El control se realiz\u00f3 este viernes por la madrugada en la zona [&hellip;]<\/p>\n","protected":false},"author":1,"featured_media":44182,"comment_status":"closed","ping_status":"closed","sticky":false,"template":"","format":"standard","meta":[],"categories":[14],"tags":[],"_links":{"self":[{"href":"http:\/\/nuevacordoba.net\/index.php\/wp-json\/wp\/v2\/posts\/44181"}],"collection":[{"href":"http:\/\/nuevacordoba.net\/index.php\/wp-json\/wp\/v2\/posts"}],"about":[{"href":"http:\/\/nuevacordoba.net\/index.php\/wp-json\/wp\/v2\/types\/post"}],"author":[{"embeddable":true,"href":"http:\/\/nuevacordoba.net\/index.php\/wp-json\/wp\/v2\/users\/1"}],"replies":[{"embeddable":true,"href":"http:\/\/nuevacordoba.net\/index.php\/wp-json\/wp\/v2\/comments?post=44181"}],"version-history":[{"count":0,"href":"http:\/\/nuevacordoba.net\/index.php\/wp-json\/wp\/v2\/posts\/44181\/revisions"}],"wp:featuredmedia":[{"embeddable":true,"href":"http:\/\/nuevacordoba.net\/index.php\/wp-json\/wp\/v2\/media\/44182"}],"wp:attachment":[{"href":"http:\/\/nuevacordoba.net\/index.php\/wp-json\/wp\/v2\/media?parent=44181"}],"wp:term":[{"taxonomy":"category","embeddable":true,"href":"http:\/\/nuevacordoba.net\/index.php\/wp-json\/wp\/v2\/categories?post=44181"},{"taxonomy":"post_tag","embeddable":true,"href":"http:\/\/nuevacordoba.net\/index.php\/wp-json\/wp\/v2\/tags?post=44181"}],"curies":[{"name":"wp","href":"https:\/\/api.w.org\/{rel}","templated":true}]}}