{"id":442,"date":"2021-02-01T03:02:10","date_gmt":"2021-02-01T03:02:10","guid":{"rendered":"https:\/\/puntoapunto.com.ar\/?p=272333"},"modified":"2021-02-01T03:02:10","modified_gmt":"2021-02-01T03:02:10","slug":"belgrano-y-una-eleccion-que-parece-a-la-gobernacion","status":"publish","type":"post","link":"http:\/\/nuevacordoba.net\/index.php\/2021\/02\/01\/belgrano-y-una-eleccion-que-parece-a-la-gobernacion\/","title":{"rendered":"Belgrano y una elecci\u00f3n que \u201cparece a la gobernaci\u00f3n\u201d"},"content":{"rendered":"<p><!-- image --><\/p>\n<div class=\"td-post-featured-image\"><a href=\"http:\/\/nuevacordoba.net\/wp-content\/uploads\/2021\/02\/belgrano-y-una-eleccion-que-parece-a-la-gobernacion-7.jpg\" data-caption><img loading=\"lazy\" width=\"696\" height=\"430\" class=\"entry-thumb td-modal-image\" src=\"http:\/\/nuevacordoba.net\/wp-content\/uploads\/2021\/02\/belgrano-y-una-eleccion-que-parece-a-la-gobernacion.jpg\" srcset=\"http:\/\/nuevacordoba.net\/wp-content\/uploads\/2021\/02\/belgrano-y-una-eleccion-que-parece-a-la-gobernacion.jpg 696w, http:\/\/nuevacordoba.net\/wp-content\/uploads\/2021\/02\/belgrano-y-una-eleccion-que-parece-a-la-gobernacion-3.jpg 300w, http:\/\/nuevacordoba.net\/wp-content\/uploads\/2021\/02\/belgrano-y-una-eleccion-que-parece-a-la-gobernacion-4.jpg 150w, http:\/\/nuevacordoba.net\/wp-content\/uploads\/2021\/02\/belgrano-y-una-eleccion-que-parece-a-la-gobernacion-5.jpg 679w, http:\/\/nuevacordoba.net\/wp-content\/uploads\/2021\/02\/belgrano-y-una-eleccion-que-parece-a-la-gobernacion-6.jpg 356w, http:\/\/nuevacordoba.net\/wp-content\/uploads\/2021\/02\/belgrano-y-una-eleccion-que-parece-a-la-gobernacion-7.jpg 728w\" sizes=\"(max-width: 696px) 100vw, 696px\" alt title=\"20210131artime-1121434 (1)\"><\/a><\/div>\n<p> <!-- content --><\/p>\n<div class=\"td-a-rec td-a-rec-id-content_top tdi_78_003 td_block_template_10\">\n<div class=\"g g-34\">\n<div class=\"g-single a-210\"><!-- Error, Ad is not available at this time due to schedule\/geolocation restrictions! --><br \/>\n<br \/><a class=\"gofollow\" data-track=\"MjEwLDM0LDEsNjA=\" href=\"http:\/\/www.grupocanter.com.ar\/landing\/pap\/?utm_source=Punto%20a%20Punto&amp;utm_medium=Banner&amp;utm_campaign=Departamentos&amp;utm_term=Banner%20Pie%20de%20Nota\"><img src=\"http:\/\/nuevacordoba.net\/wp-content\/uploads\/2021\/02\/belgrano-y-una-eleccion-que-parece-a-la-gobernacion.gif\"><\/a>\n<\/div>\n<\/div>\n<\/div>\n<p>La frase la dispar\u00f3 un conocedor de los vestuarios, con muchos a\u00f1os de cancha y una vida dentro del f\u00fatbol. Y hac\u00eda referencia a las <a href=\"https:\/\/puntoapunto.com.ar\/tag\/elecciones\/\" class=\"st_tag internal_tag\" rel=\"tag\" title=\"Posts tagged with elecciones\">elecciones<\/a> en <a href=\"https:\/\/puntoapunto.com.ar\/tag\/belgrano\/\" class=\"st_tag internal_tag\" rel=\"tag\" title=\"Posts tagged with Belgrano\">Belgrano<\/a> que se llevar\u00e1n a cabo el s\u00e1bado pr\u00f3ximo en Alberdi, con dos listas: una encabezada por Luis Fabi\u00e1n Artime y otra liderada por Armando P\u00e9rez. \u201cParece una elecci\u00f3n a intendente o a gobernador de la cantidad de pol\u00edticos, la boleta \u00fanica, las encuestas y toda la movida que hay\u201d, dijo el hombre. Pero no se qued\u00f3 ah\u00ed, repar\u00f3 en dos momentos que se produjeron en la presentaci\u00f3n oficial de <a href=\"https:\/\/puntoapunto.com.ar\/wp-admin\/post.php?post=271770&amp;action=edit\" target=\"_blank\" rel=\"noopener\">Artime<\/a> en la semana en un hotel, cuando el exgoleador del <a href=\"https:\/\/www.belgranocordoba.com\/\" target=\"_blank\" rel=\"noopener\">club<\/a> se abraz\u00f3 de manera efusiva con el exfiscal general de la provincia, Alejandro Moyano; y cuando el exministro de Finanzas de <a href=\"https:\/\/puntoapunto.com.ar\/tag\/cordoba\/\" class=\"st_tag internal_tag\" rel=\"tag\" title=\"Posts tagged with c\u00f3rdoba\">C\u00f3rdoba<\/a> present\u00f3 el sistema de gesti\u00f3n Trasus que se aplicar\u00e1 en caso de que gane Artime y que curiosamente conduce la familia del economista.<\/p>\n<p>La movida pol\u00edtica no termin\u00f3 ah\u00ed: en el reclamo por los padrones, por el lado de Artime acudieron a una reuni\u00f3n en la semana, Moyano, Rodrigo Rufeil y Juan Negri, y comprobaron que el exintendente de La Calera llamativamente no estaba incluido en los padrones. Hay m\u00e1s, la llaryorista Miriam Aparicio, integrante del Tribunal de Cuentas municipal, est\u00e1 en la lista de Artime y se le vio muy presente en redes con esta cuesti\u00f3n. Como as\u00ed tambi\u00e9n hay quienes sostienen que un exintendente hincha de Talleres sigue los pasos de la campa\u00f1a y puso a un hombre de su extrema confianza a darle una mano a Artime.<\/p>\n<h4><strong>Salibi contra todos<\/strong><\/h4>\n<p>La interna radical sigue siendo una de las novelas del verano. Con el plazo del vencimiento de presentaci\u00f3n de alianzas y listas cada vez m\u00e1s cerca, el clima en el interior de los distintos dirigentes de la UCR se divide entre aquellos que creen que habr\u00e1 finalmente internas y aquellos que se muestran m\u00e1s incr\u00e9dulos ante esa posibilidad. Divisi\u00f3n de pensamiento que se da, sobre todo, entre los intendentes.<\/p>\n<p>Mientras en el sur provincial, en Calamuchita y en Punilla creen que habr\u00e1 humo blanco, en Col\u00f3n la disputa puede tener en cancha a tres listas: una encabezada por Daniel Salibi, otra con Luis Picat a la cabeza y la otra con Myriam Prunotto al tope de la boleta. Intendentes de Mendiolaza, Jes\u00fas Mar\u00eda y Estaci\u00f3n Ju\u00e1rez Celman, respectivamente. Picat, alineado con Rodrigo de Loredo; Prunotto, mestrista paladar negro; y Salibi distante de los que pelean a nivel provincial.<\/p>\n<p>De hecho, el intendente de Mendiolaza reconoci\u00f3 que \u201cno me extra\u00f1ar\u00eda nada que De Loredo y Mestre terminen acordando. Todo esto es para la tribuna. \u00bfC\u00f3mo se explica que (Mario) Negri, elegido diputado hace dos a\u00f1os ahora quiera ser senador? O, De Loredo, candidato a intendente y ahora concejal, pretenda ser diputado. No les interesa el partido, es todo para la tribuna\u201d, dispar\u00f3 Salibi.<\/p>\n<p><img loading=\"lazy\" class=\"alignnone wp-image-272335\" src=\"http:\/\/nuevacordoba.net\/wp-content\/uploads\/2021\/02\/belgrano-y-una-eleccion-que-parece-a-la-gobernacion-1.jpg\" alt width=\"503\" height=\"346\" srcset=\"http:\/\/nuevacordoba.net\/wp-content\/uploads\/2021\/02\/belgrano-y-una-eleccion-que-parece-a-la-gobernacion-1.jpg 300w, http:\/\/nuevacordoba.net\/wp-content\/uploads\/2021\/02\/belgrano-y-una-eleccion-que-parece-a-la-gobernacion-8.jpg 150w, http:\/\/nuevacordoba.net\/wp-content\/uploads\/2021\/02\/belgrano-y-una-eleccion-que-parece-a-la-gobernacion-9.jpg 218w, http:\/\/nuevacordoba.net\/wp-content\/uploads\/2021\/02\/belgrano-y-una-eleccion-que-parece-a-la-gobernacion-10.jpg 696w, http:\/\/nuevacordoba.net\/wp-content\/uploads\/2021\/02\/belgrano-y-una-eleccion-que-parece-a-la-gobernacion-11.jpg 612w, http:\/\/nuevacordoba.net\/wp-content\/uploads\/2021\/02\/belgrano-y-una-eleccion-que-parece-a-la-gobernacion-12.jpg 100w, http:\/\/nuevacordoba.net\/wp-content\/uploads\/2021\/02\/belgrano-y-una-eleccion-que-parece-a-la-gobernacion-13.jpg 728w\" sizes=\"(max-width: 503px) 100vw, 503px\"><\/p>\n<h4><strong>\u00bfSe vienen m\u00e1s cambios en la Muni?<\/strong><\/h4>\n<p>Como se adelant\u00f3 en esta secci\u00f3n antes de fin de a\u00f1o, los funcionarios municipales sab\u00edan que no hab\u00eda margen para el descanso estival. Todo lo contrario, las lluvias en esta parte del a\u00f1o obligan a estar atentos a la gesti\u00f3n, como dijo un influyente funcionario municipal, y no son pocos los directores de los CPC que reconocen los llamados o la visita constante de funcionarios del Palacio 6 de Julio. Bueno, ahora, mientras buscan galpones en los barrios para que colocar las m\u00e1quinas que se compraron para los trabajos -les pidieron que sean lugares visibles-, varios se miran de reojo para saber si continuar\u00e1n en sus cargos. Algunos por ascensos; otros pueden ser ubicados en otras \u00e1reas con menos exposici\u00f3n.<\/p>\n<p>Lo que se resolver\u00e1 en estos d\u00edas es qui\u00e9n queda con la Direcci\u00f3n General de los CPC, para la que suenan dos directores: el de Pueyrred\u00f3n, Bernardo Berbotto; y la del Chalet San Felipe, Carolina Mart\u00edn. Nombramiento que se definir\u00eda en las pr\u00f3ximas semanas, aunque no habr\u00eda que descartar otro director de CPC de di\u00e1logo permanente con funcionarios de primera l\u00ednea en el Municipio.<\/p>\n<p><img loading=\"lazy\" class=\"alignnone wp-image-272334\" src=\"http:\/\/nuevacordoba.net\/wp-content\/uploads\/2021\/02\/belgrano-y-una-eleccion-que-parece-a-la-gobernacion-2.jpg\" alt width=\"497\" height=\"331\" srcset=\"http:\/\/nuevacordoba.net\/wp-content\/uploads\/2021\/02\/belgrano-y-una-eleccion-que-parece-a-la-gobernacion-2.jpg 300w, http:\/\/nuevacordoba.net\/wp-content\/uploads\/2021\/02\/belgrano-y-una-eleccion-que-parece-a-la-gobernacion-14.jpg 150w, http:\/\/nuevacordoba.net\/wp-content\/uploads\/2021\/02\/belgrano-y-una-eleccion-que-parece-a-la-gobernacion-15.jpg 696w, http:\/\/nuevacordoba.net\/wp-content\/uploads\/2021\/02\/belgrano-y-una-eleccion-que-parece-a-la-gobernacion-16.jpg 630w, http:\/\/nuevacordoba.net\/wp-content\/uploads\/2021\/02\/belgrano-y-una-eleccion-que-parece-a-la-gobernacion-17.jpg 728w\" sizes=\"(max-width: 497px) 100vw, 497px\"><\/p>\n<h4><strong>Se volvi\u00f3 a agitar el clima en el <a href=\"https:\/\/puntoapunto.com.ar\/tag\/pro\/\" class=\"st_tag internal_tag\" rel=\"tag\" title=\"Posts tagged with PRO\">PRO<\/a>\u2026<\/strong><\/h4>\n<p>Parec\u00eda que era todo calma en el mundo PRO. Que la unidad hab\u00eda dejado cierto conformismo y las aguas en calma. Hasta que esta semana apareci\u00f3 un tweet de Eduardo Prestofelippo, el tuitero m\u00e1s conocido como El Presto que estuvo detenido el a\u00f1o pasado por amenazas en contra de la vicepresidenta Cristina Kirchner.<\/p>\n<p>El usuario public\u00f3 en su red que \u201cse ven\u00eda una denuncia contra un concejal PRO por haber falsificado m\u00e1s de 500 afiliaciones\u201d y apunt\u00f3 a Ariel Mealla, edil de La Calera. Algunos en el partido creen que esto es fuego amigo que viene del G25 y es por eso que una usuaria le apunt\u00f3 al tuitero dici\u00e9ndole que las fichas hab\u00edan pasado la Justicia Federal.<\/p>\n<p>\u201cLas fichas del PRO las revis\u00f3 el Tribunal Federal as\u00ed que si hay algo trucho debi\u00f3 haber saltado all\u00ed pero no pas\u00f3. Lo que no lleg\u00f3 a\u00fan a la Justicia es los avales truchos que present\u00f3 G25 y el PRO de Marcos Ju\u00e1rez con firmas falsas y hojas repetidas. And\u00e1 por ah\u00ed\u201d, le escribi\u00f3 la mujer a El Presto.<\/p>\n<h4><strong>La juventud del radicalismo tambi\u00e9n juega su partido<\/strong><\/h4>\n<p>Mientras los popes de la UCR miden fuerzas y amagan con la interna, con algunos de peso y otros hist\u00f3ricos que reaparecieron para motivar varias miradas de reojo, la Juventud de la UCR organiz\u00f3 una reuni\u00f3n con representantes de todos los n\u00facleos en Tulumba. Y de all\u00ed, desde el norte sacaron un comunicado diciendo que \u201cla realidad nos marca la agenda de la manera m\u00e1s cruda: crisis sanitaria, cat\u00e1strofe educativa, emergencia en violencia de g\u00e9nero, crecimiento exponencial de la pobreza y la necesidad imperiosa de generar desarrollo econ\u00f3mico y empleo de calidad en nuestra provincia y en la Argentina.<\/p>\n<p>La comunidad cordobesa nos exhorta a ocuparnos de los problemas reales, los nuestros\u201d. No se manifestaron en favor de ninguna de las facciones que hoy se divide en la interna, y hay j\u00f3venes que observan desde lejos qu\u00e9 puede pasar. &nbsp;Concretamente, algunos j\u00f3venes que estuvieron en Tulumba se animaron a desestimar la chance de que sea Alberto Gim\u00e9nez, el exintendente de Mina Clavero, quien vuelva a la conducci\u00f3n del partido. \u201cHay algunos que no conf\u00edan de su relaci\u00f3n con el PJ\u201d, se sinti\u00f3 en el norte y ponen la lupa en lo que en alg\u00fan momento fue el panmestrismo encarnado por Oscar Aguad y Miguel Nicol\u00e1s.<\/p>\n<h4><strong> Macri y un pedido a C\u00f3rdoba por el hackeo de su cuenta&nbsp;<\/strong><\/h4>\n<p>El hackeo a la cuenta del expresidente Mauricio Macri fue un motivo de debate hace un tiempo, sobre todo porque desde el PRO nacional insin\u00faan que se realiz\u00f3 desde Anses, mientras la actual titular del organismo, Fernanda Raverta, sostuvo que sucedi\u00f3 en tiempos del macrismo en el gobierno. Concretamente, en el a\u00f1o 2018.<\/p>\n<p>Lo cierto es que, al margen de la investigaci\u00f3n interna que prometieron hacer ahora en el organismo, aquellos que se preparan para volver a la actividad en el Congreso aseguran que hubo un contacto del entorno del expresidente para que la cordobesa Soher El Sukar\u00eda presente un pedido de informe para saber qu\u00e9 pas\u00f3. Y eso hizo la diputada nacional en la \u00faltima semana.<\/p>\n","protected":false},"excerpt":{"rendered":"<p>La frase la dispar\u00f3 un conocedor de los vestuarios, con muchos a\u00f1os de cancha y una vida dentro del f\u00fatbol. Y hac\u00eda referencia a las elecciones en Belgrano que se llevar\u00e1n a cabo el s\u00e1bado pr\u00f3ximo en Alberdi, con dos listas: una encabezada por Luis Fabi\u00e1n Artime y otra liderada por Armando P\u00e9rez. \u201cParece una [&hellip;]<\/p>\n","protected":false},"author":1,"featured_media":443,"comment_status":"open","ping_status":"closed","sticky":false,"template":"","format":"standard","meta":[],"categories":[14],"tags":[],"_links":{"self":[{"href":"http:\/\/nuevacordoba.net\/index.php\/wp-json\/wp\/v2\/posts\/442"}],"collection":[{"href":"http:\/\/nuevacordoba.net\/index.php\/wp-json\/wp\/v2\/posts"}],"about":[{"href":"http:\/\/nuevacordoba.net\/index.php\/wp-json\/wp\/v2\/types\/post"}],"author":[{"embeddable":true,"href":"http:\/\/nuevacordoba.net\/index.php\/wp-json\/wp\/v2\/users\/1"}],"replies":[{"embeddable":true,"href":"http:\/\/nuevacordoba.net\/index.php\/wp-json\/wp\/v2\/comments?post=442"}],"version-history":[{"count":0,"href":"http:\/\/nuevacordoba.net\/index.php\/wp-json\/wp\/v2\/posts\/442\/revisions"}],"wp:featuredmedia":[{"embeddable":true,"href":"http:\/\/nuevacordoba.net\/index.php\/wp-json\/wp\/v2\/media\/443"}],"wp:attachment":[{"href":"http:\/\/nuevacordoba.net\/index.php\/wp-json\/wp\/v2\/media?parent=442"}],"wp:term":[{"taxonomy":"category","embeddable":true,"href":"http:\/\/nuevacordoba.net\/index.php\/wp-json\/wp\/v2\/categories?post=442"},{"taxonomy":"post_tag","embeddable":true,"href":"http:\/\/nuevacordoba.net\/index.php\/wp-json\/wp\/v2\/tags?post=442"}],"curies":[{"name":"wp","href":"https:\/\/api.w.org\/{rel}","templated":true}]}}