{"id":44217,"date":"2024-06-07T15:13:41","date_gmt":"2024-06-07T15:13:41","guid":{"rendered":"https:\/\/puntoapunto.com.ar\/?p=361595"},"modified":"2024-06-07T15:13:41","modified_gmt":"2024-06-07T15:13:41","slug":"el-cluster-de-la-construccion-cordoba-alerta-por-un-parate-historico-desempleo-y-falta-de-inversion","status":"publish","type":"post","link":"http:\/\/nuevacordoba.net\/index.php\/2024\/06\/07\/el-cluster-de-la-construccion-cordoba-alerta-por-un-parate-historico-desempleo-y-falta-de-inversion\/","title":{"rendered":"El Cl\u00faster de la Construcci\u00f3n C\u00f3rdoba alerta por un \u00abparate hist\u00f3rico\u00bb, desempleo y falta de inversi\u00f3n"},"content":{"rendered":"<p>&nbsp;\n<\/p>\n<p>&nbsp;\n<\/p>\n<p>El Cl\u00faster de la Construcci\u00f3n de C\u00f3rdoba alert\u00f3 por la <strong>\u00abgrave situaci\u00f3n\u00bb en la que se encuentra inmerso el sector en todos sus niveles y alcances.<\/strong>\n<\/p>\n<p>\u00abLa industria de la construcci\u00f3n (sea p\u00fablica o privada), constituye indiscutiblemente uno de los motores m\u00e1s importantes de la econom\u00eda. Moviliza y tracciona a una gran cantidad de sectores que acarrean trabajo, producci\u00f3n, progreso, adelanto, infraestructura y desarrollo para toda la comunidad\u00bb, dijeron a trav\u00e9s de un comunicado.\n<\/p>\n<p><strong>Para el <a href=\"https:\/\/clusterconstruccioncba.ar\/\">Cl\u00faster de la Construcci\u00f3n<\/a>, \u00abla inversi\u00f3n en obra p\u00fablica, por medidas nacionales, enfrenta un estancamiento a niveles jam\u00e1s suscitados. <\/strong>Por su parte, la falta de normativas claras, la incertidumbre econ\u00f3mica-financiera y la constante irrupci\u00f3n de medidas judiciales a los fines de frenar emprendimientos privados y p\u00fablicos que se acogen a la normativa vigente, tanto a nivel municipal, provincial y nacional; han producido <strong>una alarmante disminuci\u00f3n tambi\u00e9n en las inversiones privadas, que optan por generar desarrollo en otros lugares donde la seguridad jur\u00eddica es condici\u00f3n esencial\u00bb.<\/strong>\n<\/p>\n<p><img decoding=\"async\" class=\"aligncenter wp-image-353465 size-full\" src=\"http:\/\/nuevacordoba.net\/wp-content\/uploads\/2024\/06\/el-cluster-de-la-construccion-cordoba-alerta-por-un-parate-historico-desempleo-y-falta-de-inversion.jpg\" alt width=\"659\" height=\"462\" srcset=\"http:\/\/nuevacordoba.net\/wp-content\/uploads\/2024\/06\/el-cluster-de-la-construccion-cordoba-alerta-por-un-parate-historico-desempleo-y-falta-de-inversion.jpg 659w, http:\/\/nuevacordoba.net\/wp-content\/uploads\/2024\/06\/el-cluster-de-la-construccion-cordoba-alerta-por-un-parate-historico-desempleo-y-falta-de-inversion-1.jpg 300w\" sizes=\"(max-width: 659px) 100vw, 659px\" loading=\"lazy\"><\/p>\n<p><strong>La industria de la construcci\u00f3n sufre hoy un parate hist\u00f3rico que involucra a todos los actores y sectores,<\/strong> redundando en <a href=\"https:\/\/puntoapunto.com.ar\/freno-de-obras-publicas-advierten-que-se-perdieron-50-mil-empleos-en-la-construccion\/\" target=\"_blank\" rel=\"noopener\"><strong>desempleo<\/strong><\/a>, en escaso desarrollo, en pobreza, en poco acceso a servicios esenciales, violentando la propiedad privada y por sobre todo la normativa constitucional vigente que nos obliga como conocedores de la situaci\u00f3n, a propender al progreso y adelanto del pa\u00eds. Es que \u201cdesarrollo sustentable\u201d supone primero y, ante todo, el compromiso con las generaciones futuras de tender al desarrollo sin por ello olvidar la sustentabilidad.\n<\/p>\n<p>Finalmente plantearon: \u00abconforme a lo expuesto, alertamos a las autoridades responsables del ejercicio del poder p\u00fablico, de la situaci\u00f3n en la que est\u00e1 inmerso el sector y que, a corto plazo, <strong>repercutir\u00e1 en detrimento de las familias cordobesas\u00bb.<\/strong>\n<\/p>\n<p>El Cl\u00faster de la Construcci\u00f3n de C\u00f3rdoba est\u00e1 integrado por la C\u00e1mara Argentina de la Construcci\u00f3n \u2013 Delegaci\u00f3n C\u00f3rdoba; C\u00e1mara Empresarial De Desarrollistas Urbanos C\u00f3rdoba; C\u00e1mara de Industriales Metal\u00fargicos y de Componentes de C\u00f3rdoba; C\u00e1mara de la Madera, Mueble y Equipamiento de C\u00f3rdoba; C\u00e1mara de Industriales en Premoldeados de Cementos Portland; C\u00e1mara Empresaria Minera de C\u00f3rdoba; Asociaci\u00f3n Argentina de Hormig\u00f3n Elaborado; Uecara del Interior y la Uni\u00f3n Obrera de la Construcci\u00f3n C\u00f3rdoba.<\/p>\n","protected":false},"excerpt":{"rendered":"<p>&nbsp; &nbsp; El Cl\u00faster de la Construcci\u00f3n de C\u00f3rdoba alert\u00f3 por la \u00abgrave situaci\u00f3n\u00bb en la que se encuentra inmerso el sector en todos sus niveles y alcances. \u00abLa industria de la construcci\u00f3n (sea p\u00fablica o privada), constituye indiscutiblemente uno de los motores m\u00e1s importantes de la econom\u00eda. Moviliza y tracciona a una gran cantidad [&hellip;]<\/p>\n","protected":false},"author":1,"featured_media":44218,"comment_status":"open","ping_status":"closed","sticky":false,"template":"","format":"standard","meta":[],"categories":[14],"tags":[],"_links":{"self":[{"href":"http:\/\/nuevacordoba.net\/index.php\/wp-json\/wp\/v2\/posts\/44217"}],"collection":[{"href":"http:\/\/nuevacordoba.net\/index.php\/wp-json\/wp\/v2\/posts"}],"about":[{"href":"http:\/\/nuevacordoba.net\/index.php\/wp-json\/wp\/v2\/types\/post"}],"author":[{"embeddable":true,"href":"http:\/\/nuevacordoba.net\/index.php\/wp-json\/wp\/v2\/users\/1"}],"replies":[{"embeddable":true,"href":"http:\/\/nuevacordoba.net\/index.php\/wp-json\/wp\/v2\/comments?post=44217"}],"version-history":[{"count":0,"href":"http:\/\/nuevacordoba.net\/index.php\/wp-json\/wp\/v2\/posts\/44217\/revisions"}],"wp:featuredmedia":[{"embeddable":true,"href":"http:\/\/nuevacordoba.net\/index.php\/wp-json\/wp\/v2\/media\/44218"}],"wp:attachment":[{"href":"http:\/\/nuevacordoba.net\/index.php\/wp-json\/wp\/v2\/media?parent=44217"}],"wp:term":[{"taxonomy":"category","embeddable":true,"href":"http:\/\/nuevacordoba.net\/index.php\/wp-json\/wp\/v2\/categories?post=44217"},{"taxonomy":"post_tag","embeddable":true,"href":"http:\/\/nuevacordoba.net\/index.php\/wp-json\/wp\/v2\/tags?post=44217"}],"curies":[{"name":"wp","href":"https:\/\/api.w.org\/{rel}","templated":true}]}}