{"id":44221,"date":"2024-06-08T13:53:38","date_gmt":"2024-06-08T13:53:38","guid":{"rendered":"https:\/\/www.ole.com.ar\/autos\/agustin-canapino-baja-indycar-theo-pourchaire_0_vaBi8ybzhw.html"},"modified":"2024-06-08T13:53:38","modified_gmt":"2024-06-08T13:53:38","slug":"que-dijo-theo-pourchaire-despues-de-que-se-confirmara-la-baja-de-canapino-en-road-america","status":"publish","type":"post","link":"http:\/\/nuevacordoba.net\/index.php\/2024\/06\/08\/que-dijo-theo-pourchaire-despues-de-que-se-confirmara-la-baja-de-canapino-en-road-america\/","title":{"rendered":"Qu\u00e9 dijo Theo Pourchaire despu\u00e9s de que se confirmara la baja de Canapino en Road America"},"content":{"rendered":"<p><time class=\"createDate\" datetime=\"2024-06-08T10:53:38-03:00\">08\/06\/2024 10:53hs.<\/time><\/p>\n<div id=\"storyBody\">\n<div class=\"custom-text \" readability=\"30.525\">\n<p>Sigue la pol\u00e9mica por <strong><a href=\"https:\/\/www.ole.com.ar\/autos\/agustin-canapino-correra-road-america-indycar_0_bIpjNtUzDY.html\" target=\"_blank\" title=\"la baja de Agust\u00edn Canapino\" alt=\"la baja de Agust\u00edn Canapino\" rel=\"noopener\">la baja de Agust\u00edn Canapino<\/a><\/strong> del Dallara-Chevrolet #78 en este fin de semana en Road America, donde la <strong>IndyCar <\/strong>correr\u00e1 <strong><a href=\"https:\/\/www.ole.com.ar\/autos\/agustin-canapino-indycar-road-america-hora-tv_0_ijsGVP7qrw.html\" target=\"_blank\" title=\"la octava jornada del campeonato\" alt=\"la octava jornada del campeonato\" rel=\"noopener\">la octava jornada del campeonato<\/a><\/strong>. Justo en su mejor momento y cuando los resultados parec\u00edan empezar a aparecer, el <strong>Juncos Holliger Racing<\/strong> decidi\u00f3 darle un descanso dado que consideran que sus conductores deben estar preparados \u00abtanto mental como f\u00edsicamente cuando se suben al auto\u00bb y vieron que el Tit\u00e1n se hab\u00eda visto afectado -seg\u00fan ellos argumentaron en su comunicado- luego del \u00abhostigamiento y abuso online\u00bb que se gener\u00f3 tras el <strong><a href=\"https:\/\/www.ole.com.ar\/autos\/agustin-canapino-indycar-2024-hoy-vivo-gp-detroit-hora-ver-carrera-tv-online_0_7BrYtsRdUC.html\" target=\"_blank\" title=\"incidente en Detroit con el franc\u00e9s Theo Pourchaire\" alt=\"incidente en Detroit con el franc\u00e9s Theo Pourchaire\" rel=\"noopener\">incidente en Detroit con el franc\u00e9s Theo Pourchaire<\/a><\/strong>.<\/p>\n<\/div>\n<div class=\"custom-text \" readability=\"38\">\n<p>Lo cierto es que el arrecife\u00f1o hab\u00eda viajado hasta Wisconsin y <strong>hab\u00eda estado firmando aut\u00f3grafos a los fan\u00e1ticos que se hab\u00edan acercado hasta el circuito<\/strong>. Sin embargo, unas horas antes de la primera pr\u00e1ctica libre conoci\u00f3 la decisi\u00f3n de su equipo de que iba a ser reemplazado este fin de semana por Nolan Siegel. Hasta el momento, la \u00fanica comunicaci\u00f3n oficial sali\u00f3 por parte de la escuder\u00eda dirigida por Ricardo Juncos. Y en la gacetilla de prensa se remarc\u00f3 la declaraci\u00f3n de Brad Hollinger, copropietario y uno de los inversores.<\/p>\n<\/div>\n<div class=\"custom-text \" readability=\"39\">\n<p>Ahora bien, con la pol\u00e9mica instalada y gran parte del mundo de la categor\u00eda estadounidense m\u00e1s importante del motor hablando sobre eso, la actividad continu\u00f3 en uno de los trazados m\u00e1s emocionantes del a\u00f1o. Y el que marc\u00f3 el ritmo fue Alex Palou. En tanto, <strong>Siegel termin\u00f3 26\u00ba, a casi dos segundos del espa\u00f1ol.<\/strong><\/p>\n<\/div>\n<div type=\"embed\" class=\"sc-3f46f5ae-0 djVTgz\">\n<div class=\"sc-3f46f5ae-1 fTjZec videoText\" id=\"contentTitleembedtvqCpV2O\" type=\"embed\"><svg fill=\"#ffffff\"><symbol id=\"play\" viewBox=\"0 0 512 512\"><path d=\"M512 256C512 397.4 397.4 512 256 512C114.6 512 0 397.4 0 256C0 114.6 114.6 0 256 0C397.4 0 512 114.6 512 256zM176 168V344C176 352.7 180.7 360.7 188.3 364.9C195.8 369.2 205.1 369 212.5 364.5L356.5 276.5C363.6 272.1 368 264.4 368 256C368 247.6 363.6 239.9 356.5 235.5L212.5 147.5C205.1 142.1 195.8 142.8 188.3 147.1C180.7 151.3 176 159.3 176 168V168z\" \/><\/symbol><use xlink:href=\"#play\" \/><\/svg><\/p>\n<div class=\"right\">\n<p>Agust\u00edn Canapino<!-- --> &#8211;<!-- --> <span>&nbsp;<\/span><\/p>\n<h2 class=\"title-vid\">Lo tocaron a Canapino en el GP de Detroit del IndyCar<\/h2>\n<\/div>\n<\/div>\n<p><span class=\"back\" id=\"spanBackembedtvqCpV2O\"><\/span><\/div>\n<div class=\"custom-text \" readability=\"40.131618759455\">\n<p>Luego de los ensayos, algunos pilotos dieron sus testimonios sobre diversos temas y <strong>uno de los que habl\u00f3 fue justamente Pourchaire<\/strong>. En charla con <strong><a href=\"https:\/\/x.com\/RACERmag\/status\/1799251097602941111\" target=\"_blank\" title=\"el medio Racer\" alt=\"el medio Racer\" rel=\"nofollow noopener\">el medio Racer<\/a><\/strong>, se refiri\u00f3 a lo sucedido hace una semana en el callejero de Detroit. \u00abEstoy enfocado en lo que sucede este fin de semana. Pas\u00f3 la primera pr\u00e1ctica que estuvo bien y mi foco est\u00e1 solo en manejar y en la carrera. <strong>Lo que ocurri\u00f3 en Detroit fue desafortunado, pero ahora sigo adelante<\/strong>, estoy en Road america para conseguir buenos resultados y empujar por el equipo. El inicio fue positivo, espero estar fuerte tanto el s\u00e1bado como el domingo\u00bb, aclar\u00f3 y evit\u00f3 seguir explay\u00e1ndose sobre el tema.<\/p>\n<\/div>\n<div class=\"sc-e7b891c4-0 jPbnQF\"><img alt=\"Agust\u00edn Canapino no correr\u00e1 este fin de semana en Road America (Juncos Hollinger Racing)\" src=\"http:\/\/nuevacordoba.net\/wp-content\/uploads\/2024\/06\/que-dijo-theo-pourchaire-despues-de-que-se-confirmara-la-baja-de-canapino-en-road-america.jpg\" width=\"720\" height=\"100\" decoding=\"async\" data-nimg=\"future\" loading=\"lazy\"><span class=\"epigraphe\">Agust\u00edn Canapino no correr\u00e1 este fin de semana en Road America (Juncos Hollinger Racing)<\/span><\/div>\n<p><h2><strong>\u00bfC\u00f3mo sigue el fin de semana en la IndyCar en Road America?<\/strong><\/h2>\n<\/p>\n<div class=\"custom-text \" readability=\"37\">\n<p>Este s\u00e1bado se disputar\u00e1 la segunda pr\u00e1ctica desde las 12.10 y la clasificaci\u00f3n a partir de las 16.25. Por \u00faltimo, el domingo tendr\u00e1 el warm up a las 13.15 y, desde las 16.35, la carrera final. Todo se ver\u00e1 por Star+.<\/p>\n<\/div>\n<p><h2><strong>El comunicado completo del Juncos Holliger Racing sobre la baja de Canapino en Road America<\/strong><\/h2>\n<\/p>\n<div class=\"custom-text \" readability=\"40\">\n<p>Nolan Seigel correr\u00e1 con el auto n\u00famero 78 en lugar de Agust\u00edn Canapino, quien se tomar\u00e1 una licencia para el Gran Premio Xpel de este fin de semana. El aumento del abuso y acoso en l\u00ednea resultante de los eventos de esta semana ha llevado a una experiencia muy dif\u00edcil para Agust\u00edn, el equipo y toda la base de fan\u00e1ticos de IndyCar. En ese sentido, la seguridad de Agust\u00edn y del resto de los competidores debe ser considerada en primer lugar. El abuso, el odio y el acoso en cualquier forma van en detrimento de este deporte, y debemos priorizar el bienestar f\u00edsico y mental tanto de nuestros conductores como de nuestra competencia.<\/p>\n<\/div>\n<div class=\"sc-e7b891c4-0 jPbnQF\"><img alt=\"Agust\u00edn Canapino perdi\u00f3 su butaca para este fin de semana.\" src=\"http:\/\/nuevacordoba.net\/wp-content\/uploads\/2024\/06\/que-dijo-theo-pourchaire-despues-de-que-se-confirmara-la-baja-de-canapino-en-road-america-1.jpg\" width=\"720\" height=\"100\" decoding=\"async\" data-nimg=\"future\" loading=\"lazy\"><span class=\"epigraphe\">Agust\u00edn Canapino perdi\u00f3 su butaca para este fin de semana.<\/span><\/div>\n<div class=\"custom-text \" readability=\"38\">\n<p>\u00abEl abuso en l\u00ednea es inaceptable y debemos asegurarnos de que nuestros conductores est\u00e9n preparados tanto mental como f\u00edsicamente cuando se suben al auto\u00bb, dijo Brad Hollinger, copropietario de Juncos Hollinger Racing. \u00abEstamos entristecidos por los acontecimientos que llevaron a este escenario\u00bb, agreg\u00f3.<\/p>\n<\/div>\n<div class=\"custom-text \" readability=\"36\">\n<p>Juncos Hollinger Racing est\u00e1 trabajando directamente con la IndyCar para crear una mejor comunidad para nuestros fan\u00e1ticos, conductores y miembros del equipo, uni\u00e9ndonos para hacer de la IndyCar un deporte bienvenido para todos.<\/p>\n<\/div>\n<div type=\"embed\" class=\"sc-3f46f5ae-0 djVTgz\">\n<div class=\"sc-3f46f5ae-1 fTjZec videoText\" id=\"contentTitleembedGZwFaj9Y\" type=\"embed\"><svg fill=\"#ffffff\"><symbol id=\"play\" viewBox=\"0 0 512 512\"><path d=\"M512 256C512 397.4 397.4 512 256 512C114.6 512 0 397.4 0 256C0 114.6 114.6 0 256 0C397.4 0 512 114.6 512 256zM176 168V344C176 352.7 180.7 360.7 188.3 364.9C195.8 369.2 205.1 369 212.5 364.5L356.5 276.5C363.6 272.1 368 264.4 368 256C368 247.6 363.6 239.9 356.5 235.5L212.5 147.5C205.1 142.1 195.8 142.8 188.3 147.1C180.7 151.3 176 159.3 176 168V168z\" \/><\/symbol><use xlink:href=\"#play\" \/><\/svg><\/p>\n<div class=\"right\">\n<p>Agust\u00edn Canapino<!-- --> &#8211;<!-- --> <span>&nbsp;<\/span><\/p>\n<h2 class=\"title-vid\">Agust\u00edn Canapino habl\u00f3 de su reciente carrera en IndyCar<\/h2>\n<\/div>\n<\/div>\n<p><span class=\"back\" id=\"spanBackembedGZwFaj9Y\"><\/span><\/div>\n<\/div>\n","protected":false},"excerpt":{"rendered":"<p>08\/06\/2024 10:53hs. Sigue la pol\u00e9mica por la baja de Agust\u00edn Canapino del Dallara-Chevrolet #78 en este fin de semana en Road America, donde la IndyCar correr\u00e1 la octava jornada del campeonato. Justo en su mejor momento y cuando los resultados parec\u00edan empezar a aparecer, el Juncos Holliger Racing decidi\u00f3 darle un descanso dado que consideran [&hellip;]<\/p>\n","protected":false},"author":1,"featured_media":44222,"comment_status":"closed","ping_status":"closed","sticky":false,"template":"","format":"standard","meta":[],"categories":[10],"tags":[],"_links":{"self":[{"href":"http:\/\/nuevacordoba.net\/index.php\/wp-json\/wp\/v2\/posts\/44221"}],"collection":[{"href":"http:\/\/nuevacordoba.net\/index.php\/wp-json\/wp\/v2\/posts"}],"about":[{"href":"http:\/\/nuevacordoba.net\/index.php\/wp-json\/wp\/v2\/types\/post"}],"author":[{"embeddable":true,"href":"http:\/\/nuevacordoba.net\/index.php\/wp-json\/wp\/v2\/users\/1"}],"replies":[{"embeddable":true,"href":"http:\/\/nuevacordoba.net\/index.php\/wp-json\/wp\/v2\/comments?post=44221"}],"version-history":[{"count":0,"href":"http:\/\/nuevacordoba.net\/index.php\/wp-json\/wp\/v2\/posts\/44221\/revisions"}],"wp:featuredmedia":[{"embeddable":true,"href":"http:\/\/nuevacordoba.net\/index.php\/wp-json\/wp\/v2\/media\/44222"}],"wp:attachment":[{"href":"http:\/\/nuevacordoba.net\/index.php\/wp-json\/wp\/v2\/media?parent=44221"}],"wp:term":[{"taxonomy":"category","embeddable":true,"href":"http:\/\/nuevacordoba.net\/index.php\/wp-json\/wp\/v2\/categories?post=44221"},{"taxonomy":"post_tag","embeddable":true,"href":"http:\/\/nuevacordoba.net\/index.php\/wp-json\/wp\/v2\/tags?post=44221"}],"curies":[{"name":"wp","href":"https:\/\/api.w.org\/{rel}","templated":true}]}}