{"id":44225,"date":"2024-06-08T14:16:04","date_gmt":"2024-06-08T14:16:04","guid":{"rendered":"https:\/\/prensa.cba.gov.ar\/?p=595136"},"modified":"2024-06-08T14:16:04","modified_gmt":"2024-06-08T14:16:04","slug":"rio-cuarto-habilitaron-obras-de-mejora-en-el-centro-de-salud-municipal","status":"publish","type":"post","link":"http:\/\/nuevacordoba.net\/index.php\/2024\/06\/08\/rio-cuarto-habilitaron-obras-de-mejora-en-el-centro-de-salud-municipal\/","title":{"rendered":"R\u00edo Cuarto: habilitaron obras de mejora en el Centro de Salud Municipal"},"content":{"rendered":"<ul class=\" eplus-wrapper eplus-styles-uid-ef4944\">\n<li class=\" eplus-wrapper\"><strong>Las refacciones se llevaron a cabo con fondos provinciales y municipales<\/strong>.<\/li>\n<\/ul>\n<ul class=\" eplus-wrapper eplus-styles-uid-822c2a\">\n<li class=\" eplus-wrapper\"><strong>Se trata de las \u00faltimas obras del edificio hist\u00f3rico, inaugurado en el a\u00f1o 1877 como&nbsp;Hospital de la Caridad.<\/strong><\/li>\n<li class=\" eplus-wrapper\"><strong>Se avanzar\u00e1 en una sexta etapa de reformas y demandar\u00e1 una inversi\u00f3n superior a los 200 millones de pesos.<\/strong><\/li>\n<\/ul>\n<p class=\" eplus-wrapper\">El Gobierno de C\u00f3rdoba present\u00f3 la <strong>\u00faltima etapa de obras en el Centro de Salud Municipal de la Capital Alterna<\/strong>,&nbsp; que est\u00e1 siendo transformado por completo,&nbsp; a trav\u00e9s de una <strong>inversi\u00f3n conjunta con el Municipio.<\/strong><\/p>\n<p class=\" eplus-wrapper\">El Secretario<strong> de Salud, Marcelo Ferrario,<\/strong> adelant\u00f3 que en la sexta etapa, que ser\u00e1 la \u00faltima, <strong>se invertir\u00e1n m\u00e1s de 200 millones de pesos para abarcar 500 metros cuadrados<\/strong>.&nbsp;<\/p>\n<p class=\" eplus-wrapper\"><em>\u201cEs un orgullo, es algo que lo hicimos entre todos. La gesti\u00f3n pol\u00edtica la encabeza el Intendente, pero contamos con un gran recurso humano como son los trabajadores y trabajadoras del Centro de Salud\u201d,<\/em> <strong>agreg\u00f3 Ferrario.<\/strong>&nbsp;<\/p>\n<p class=\" eplus-wrapper\">A su vez, el intendente Juan Manuel Llamosas,<strong> expres\u00f3 sobre esta importante obra:<\/strong> <em>\u201cEs un momento muy importante porque es el edificio m\u00e1s antiguo de la ciudad que cuando llegamos daba l\u00e1stima y tristeza por las condiciones en las que se ten\u00edan que atender los vecinos.&nbsp;<\/em><\/p>\n<p class=\" eplus-wrapper\">En este sentido, el mandatario local profundiz\u00f3 que <em>\u201cpara nosotros, la salud nunca va a ser un gasto, sino una inversi\u00f3n. Por eso, vamos a seguir avanzando en la etapa que viene junto a la Provincia, por lo que muy pronto la ciudad va a contar con el Centro de Salud transformado al 100%\u201d.<\/em><\/p>\n<figure class=\" wp-block-gallery has-nested-images columns-default is-cropped eplus-wrapper wp-block-gallery-1 is-layout-flex wp-block-gallery-is-layout-flex\">\n<figure class=\"wp-block-image size-large eplus-wrapper\"><a href=\"http:\/\/nuevacordoba.net\/wp-content\/uploads\/2024\/06\/rio-cuarto-habilitaron-obras-de-mejora-en-el-centro-de-salud-municipal.jpg\"><img loading=\"lazy\" decoding=\"async\" width=\"990\" height=\"660\" data-id=\"595137\" src=\"http:\/\/nuevacordoba.net\/wp-content\/uploads\/2024\/06\/rio-cuarto-habilitaron-obras-de-mejora-en-el-centro-de-salud-municipal.jpg\" alt class=\"wp-image-595137\" srcset=\"http:\/\/nuevacordoba.net\/wp-content\/uploads\/2024\/06\/rio-cuarto-habilitaron-obras-de-mejora-en-el-centro-de-salud-municipal.jpg 990w, http:\/\/nuevacordoba.net\/wp-content\/uploads\/2024\/06\/rio-cuarto-habilitaron-obras-de-mejora-en-el-centro-de-salud-municipal-2.jpg 300w, http:\/\/nuevacordoba.net\/wp-content\/uploads\/2024\/06\/rio-cuarto-habilitaron-obras-de-mejora-en-el-centro-de-salud-municipal-3.jpg 768w\" sizes=\"(max-width: 990px) 100vw, 990px\"><\/a><\/figure>\n<figure class=\"wp-block-image size-large eplus-wrapper\"><a href=\"http:\/\/nuevacordoba.net\/wp-content\/uploads\/2024\/06\/rio-cuarto-habilitaron-obras-de-mejora-en-el-centro-de-salud-municipal-1.jpg\"><img loading=\"lazy\" decoding=\"async\" width=\"990\" height=\"660\" data-id=\"595138\" src=\"http:\/\/nuevacordoba.net\/wp-content\/uploads\/2024\/06\/rio-cuarto-habilitaron-obras-de-mejora-en-el-centro-de-salud-municipal-1.jpg\" alt class=\"wp-image-595138\" srcset=\"http:\/\/nuevacordoba.net\/wp-content\/uploads\/2024\/06\/rio-cuarto-habilitaron-obras-de-mejora-en-el-centro-de-salud-municipal-1.jpg 990w, http:\/\/nuevacordoba.net\/wp-content\/uploads\/2024\/06\/rio-cuarto-habilitaron-obras-de-mejora-en-el-centro-de-salud-municipal-4.jpg 300w, http:\/\/nuevacordoba.net\/wp-content\/uploads\/2024\/06\/rio-cuarto-habilitaron-obras-de-mejora-en-el-centro-de-salud-municipal-5.jpg 768w\" sizes=\"(max-width: 990px) 100vw, 990px\"><\/a><\/figure>\n<\/figure>\n<p class=\" eplus-wrapper\">Por su parte, el <strong>Director General del Centro C\u00edvico Juli\u00e1n Oberti<\/strong> tambi\u00e9n se refiri\u00f3 al profundo cambio que se ha dado en el establecimiento y confirm\u00f3 que la Provincia enviar\u00e1 recursos para completar los trabajos.&nbsp;<\/p>\n<p class=\" eplus-wrapper\"><em>\u201cEmociona ver una obra como esta. Es emblem\u00e1tica, ya que atiende directamente a la salud de la poblaci\u00f3n. Es una obra que fue una promesa y que est\u00e1 cumplida, al igual que los tres dispensarios de atenci\u00f3n 24 horas. Es tambi\u00e9n una muestra del trabajo en equipo con la Provincia\u201d,<\/em> <strong>destac\u00f3 el funcionario<\/strong>.&nbsp;<\/p>\n<p class=\" eplus-wrapper\">Adem\u00e1s, estuvieron presentes en esta oportunidad, el Subsecretario de Salud, Isaac Perez Villarreal; el Subsecretario de Prevenci\u00f3n y Promoci\u00f3n de la Salud, Lucas Stefanini; el Subsecretario de Pol\u00edticas Sociales, Ricardo Rojas; la Secretaria de Gobierno y Participaci\u00f3n Ciudadana, Karin Bogni, dem\u00e1s funcionarios, cuerpo m\u00e9dico y miembros del remodelado centro de salud.<\/p>\n<h3 class=\" wp-block-heading eplus-wrapper\"><strong>La \u00faltima etapa, en detalle<\/strong><\/h3>\n<p class=\" eplus-wrapper\">El sexto tramo de las intervenciones ser\u00e1 para consolidar y ordenar el sector de Cl\u00ednica M\u00e9dica y el Centro de Esterilizaci\u00f3n Municipal, a partir de la refacci\u00f3n y refuncionalizaci\u00f3n de los 500 m2 cubiertos existentes, en los cuales se alojar\u00e1n 10 consultorios m\u00e9dicos con sus n\u00facleos sanitarios, 3 consultorios odontol\u00f3gicos, el \u00e1rea de esterilizaci\u00f3n, circulaciones, recepci\u00f3n, sala de espera y ba\u00f1os p\u00fablicos.<\/p>\n<p class=\" eplus-wrapper\">Con el mismo criterio que se utiliz\u00f3 en las cinco etapas anteriores, se realizar\u00e1n todas las instalaciones sanitarias de agua, desag\u00fces pluviales y cloacales totalmente nuevos, como as\u00ed tambi\u00e9n la instalaci\u00f3n el\u00e9ctrica, red de datos y telefon\u00eda. Asimismo, se sustituir\u00e1 el sistema de calefacci\u00f3n de calefactores por un sistema de calefacci\u00f3n central por radiadores, que es m\u00e1s eficiente y demanda menor mantenimiento.<\/p>\n<p class=\" eplus-wrapper\">Un dato no menor es que, por tratarse del ala m\u00e1s antigua del edificio, a modo de preservaci\u00f3n, se mantendr\u00e1 su tipolog\u00eda y planta original.&nbsp;&nbsp;<\/p>\n<p class=\" eplus-wrapper\">De esta forma, todos los trabajos que se desarrollar\u00e1n en el Centro de Salud Municipal abarcar\u00e1n una superficie total de 1.950 m2 llevados totalmente a nuevos, sin considerar las obras de infraestructura adicionales, como las que se realizaron sobre el gas natural y que permitieron unificar los tres medidores existentes en uno solo, la ejecuci\u00f3n de las veredas y rampas, el alumbrado p\u00fablico bajo copa y el pavimento articulado de la calle interna e intervenciones en espacios verdes, en los patios internos del edificio, y otros arreglos menores en el nuevo sector de Infectolog\u00eda, entre otros.<\/p>\n<p> <iframe loading=\"lazy\" width=\"560\" height=\"315\" src=\"https:\/\/www.youtube.com\/embed\/KrYS6ZpPec4?si=CixghnWzRkZ1a1ZK\" title=\"YouTube video player\" frameborder=\"0\" allow=\"accelerometer; autoplay; clipboard-write; encrypted-media; gyroscope; picture-in-picture; web-share\" referrerpolicy=\"strict-origin-when-cross-origin\" allowfullscreen>[embedded content]<\/iframe> <\/p>\n","protected":false},"excerpt":{"rendered":"<p>Las refacciones se llevaron a cabo con fondos provinciales y municipales. Se trata de las \u00faltimas obras del edificio hist\u00f3rico, inaugurado en el a\u00f1o 1877 como&nbsp;Hospital de la Caridad. Se avanzar\u00e1 en una sexta etapa de reformas y demandar\u00e1 una inversi\u00f3n superior a los 200 millones de pesos. El Gobierno de C\u00f3rdoba present\u00f3 la \u00faltima [&hellip;]<\/p>\n","protected":false},"author":1,"featured_media":44226,"comment_status":"closed","ping_status":"closed","sticky":false,"template":"","format":"standard","meta":[],"categories":[14],"tags":[],"_links":{"self":[{"href":"http:\/\/nuevacordoba.net\/index.php\/wp-json\/wp\/v2\/posts\/44225"}],"collection":[{"href":"http:\/\/nuevacordoba.net\/index.php\/wp-json\/wp\/v2\/posts"}],"about":[{"href":"http:\/\/nuevacordoba.net\/index.php\/wp-json\/wp\/v2\/types\/post"}],"author":[{"embeddable":true,"href":"http:\/\/nuevacordoba.net\/index.php\/wp-json\/wp\/v2\/users\/1"}],"replies":[{"embeddable":true,"href":"http:\/\/nuevacordoba.net\/index.php\/wp-json\/wp\/v2\/comments?post=44225"}],"version-history":[{"count":0,"href":"http:\/\/nuevacordoba.net\/index.php\/wp-json\/wp\/v2\/posts\/44225\/revisions"}],"wp:featuredmedia":[{"embeddable":true,"href":"http:\/\/nuevacordoba.net\/index.php\/wp-json\/wp\/v2\/media\/44226"}],"wp:attachment":[{"href":"http:\/\/nuevacordoba.net\/index.php\/wp-json\/wp\/v2\/media?parent=44225"}],"wp:term":[{"taxonomy":"category","embeddable":true,"href":"http:\/\/nuevacordoba.net\/index.php\/wp-json\/wp\/v2\/categories?post=44225"},{"taxonomy":"post_tag","embeddable":true,"href":"http:\/\/nuevacordoba.net\/index.php\/wp-json\/wp\/v2\/tags?post=44225"}],"curies":[{"name":"wp","href":"https:\/\/api.w.org\/{rel}","templated":true}]}}