{"id":44227,"date":"2024-06-08T18:12:05","date_gmt":"2024-06-08T18:12:05","guid":{"rendered":"https:\/\/cordoba.gob.ar\/?p=58581"},"modified":"2024-06-08T18:12:05","modified_gmt":"2024-06-08T18:12:05","slug":"en-busca-de-promocionar-el-turismo-la-ciudad-de-cordoba-y-de-trelew-firman-un-convenio-de-colaboracion-y-cooperacion-mutua","status":"publish","type":"post","link":"http:\/\/nuevacordoba.net\/index.php\/2024\/06\/08\/en-busca-de-promocionar-el-turismo-la-ciudad-de-cordoba-y-de-trelew-firman-un-convenio-de-colaboracion-y-cooperacion-mutua\/","title":{"rendered":"En busca de promocionar el turismo, la ciudad de C\u00f3rdoba y de Trelew firman un convenio de colaboraci\u00f3n y cooperaci\u00f3n mutua"},"content":{"rendered":"<div><img src=\"http:\/\/nuevacordoba.net\/wp-content\/uploads\/2024\/06\/en-busca-de-promocionar-el-turismo-la-ciudad-de-cordoba-y-de-trelew-firman-un-convenio-de-colaboracion-y-cooperacion-mutua.jpg\" class=\"ff-og-image-inserted\"><\/div>\n<ul>\n<li><strong>El acuerdo se di\u00f3 en el marco del 25\u00b0 Encuentro de Municipios Tur\u00edsticos que se llev\u00f3 a cabo en nuestra ciudad.<\/strong><\/li>\n<li><strong><strong>Se trata de fomentar este sector a trav\u00e9s de diversas actividades, aportando a la generaci\u00f3n de empleo y contribuyendo a las econom\u00edas locales.<\/strong><\/strong><br \/>\n<hr>\n<\/li>\n<\/ul>\n<p>Luego de dos jornadas de trabajo, cerr\u00f3 el el 25\u00b0 Encuentro de Municipios Tur\u00edsticos que se llev\u00f3 a cabo en nuestra ciudad y que reuni\u00f3 a mas de 130 municipios, compartiendo experiencias junto a ONU Turismo, la Organizaci\u00f3n de los Estados Americanos (OEA) y expertos referentes del turismo y la tecnolog\u00eda.<\/p>\n<p>Cabe destacar que estuvieron presentes representantes 20 provincias, y naciones vecinas, quienes compartieron charlas magistrales, un bloque de buenas pr\u00e1cticas, y una gran mesa federal.<\/p>\n<p>En este marco, la Municipalidad de C\u00f3rdoba y de Trelew firmaron un acuerdo que busca fomentar el turismo en la ciudad, contribuyendo al desarrollo sostenible de las respectivas comunidades y aportando a la generaci\u00f3n de empleo y contribuyendo a las econom\u00edas locales.<\/p>\n<p>El acuerdo fue firmado por el secretario de Gobierno, Fiscalizaci\u00f3n y Control, Rodrigo Fern\u00e1ndez; el subsecretario de Turismo, Marcelo Valdomero; y el intendente de la Municipalidad de Trelew Gerardo Merino.<\/p>\n<p>Este convenio busca crear instrumentos y procedimientos de cooperaci\u00f3n y asociaci\u00f3n estrat\u00e9gica, para el desarrollo del turismo en las respectivas jurisdicciones municipales; incentivar la participaci\u00f3n de los sectores p\u00fablico y privado en el desarrollo de los objetivos convenidos, generando las herramientas y condiciones necesarias a tal efecto mediante mesas de articulaci\u00f3n e impulsar misiones promocionales, tanto del sector p\u00fablico como privado, con el prop\u00f3sito de incrementar, generar e impulsar intercambios tur\u00edsticos.<\/p>\n<p>Adem\u00e1s, dicho acuerdo facilitar\u00e1 el intercambio de conocimientos producto de las experiencias de gesti\u00f3n tur\u00edstica de ambas ciudades, permitiendo generar acciones conjuntas que potencien la integraci\u00f3n tur\u00edstica<\/p>\n<p>Ambos Municipios se comprometieron a promover la cooperaci\u00f3n y el acercamiento a mercados tur\u00edsticos de inter\u00e9s com\u00fan; implementar metodolog\u00edas adecuadas para el aprovechamiento socioecon\u00f3mico de los respectivos patrimonios tur\u00edsticos, paisaj\u00edsticos y \u00e1reas protegidas existentes en sus respectivos territorios.<\/p>\n<p>Cabe destacar que el 25\u00b0 encuentro fue organizado por la Red Federal de Turismo junto con la Municipalidad de C\u00f3rdoba, en un trabajo mancomunado entre distintas \u00e1reas del Estado local que hicieron posible este evento.<\/p>\n<p>Durante el cierre del evento, Pablo Sgubini, presidente de la Red de Destinos Turisiticos manifest\u00f3: <em>\u201cEn este encuentro, que ha sido el m\u00e1s convocante de todos los que se han realizado hasta el momento, hemos podido sacar a la luz el paradigma de la cooperaci\u00f3n, dejando de lado el viejo paradigma de la competencia\u201d<\/em>.<\/p>\n<p><em>\u201cAdem\u00e1s, hemos podido consolidar el Consejo de Destinos, que es la voz de los territorios tur\u00edsticos\u201d<\/em>, finaliz\u00f3 Sgubini destacando de esta manera lo fruct\u00edfero que result\u00f3 este encuentro del que participaron m\u00e1s de 130 municipios.<\/p>\n","protected":false},"excerpt":{"rendered":"<p>El acuerdo se di\u00f3 en el marco del 25\u00b0 Encuentro de Municipios Tur\u00edsticos que se llev\u00f3 a cabo en nuestra ciudad. Se trata de fomentar este sector a trav\u00e9s de diversas actividades, aportando a la generaci\u00f3n de empleo y contribuyendo a las econom\u00edas locales. Luego de dos jornadas de trabajo, cerr\u00f3 el el 25\u00b0 Encuentro [&hellip;]<\/p>\n","protected":false},"author":1,"featured_media":44228,"comment_status":"closed","ping_status":"closed","sticky":false,"template":"","format":"standard","meta":[],"categories":[14],"tags":[],"_links":{"self":[{"href":"http:\/\/nuevacordoba.net\/index.php\/wp-json\/wp\/v2\/posts\/44227"}],"collection":[{"href":"http:\/\/nuevacordoba.net\/index.php\/wp-json\/wp\/v2\/posts"}],"about":[{"href":"http:\/\/nuevacordoba.net\/index.php\/wp-json\/wp\/v2\/types\/post"}],"author":[{"embeddable":true,"href":"http:\/\/nuevacordoba.net\/index.php\/wp-json\/wp\/v2\/users\/1"}],"replies":[{"embeddable":true,"href":"http:\/\/nuevacordoba.net\/index.php\/wp-json\/wp\/v2\/comments?post=44227"}],"version-history":[{"count":0,"href":"http:\/\/nuevacordoba.net\/index.php\/wp-json\/wp\/v2\/posts\/44227\/revisions"}],"wp:featuredmedia":[{"embeddable":true,"href":"http:\/\/nuevacordoba.net\/index.php\/wp-json\/wp\/v2\/media\/44228"}],"wp:attachment":[{"href":"http:\/\/nuevacordoba.net\/index.php\/wp-json\/wp\/v2\/media?parent=44227"}],"wp:term":[{"taxonomy":"category","embeddable":true,"href":"http:\/\/nuevacordoba.net\/index.php\/wp-json\/wp\/v2\/categories?post=44227"},{"taxonomy":"post_tag","embeddable":true,"href":"http:\/\/nuevacordoba.net\/index.php\/wp-json\/wp\/v2\/tags?post=44227"}],"curies":[{"name":"wp","href":"https:\/\/api.w.org\/{rel}","templated":true}]}}