{"id":44229,"date":"2024-06-08T16:16:33","date_gmt":"2024-06-08T16:16:33","guid":{"rendered":"http:\/\/cordobanewsnet.wordpress.com\/?p=9738"},"modified":"2024-06-08T16:16:33","modified_gmt":"2024-06-08T16:16:33","slug":"seis-detenidos-por-comprar-droga-en-rosario-y-comercializarla-en-cordoba-entre-ellos-en-un-expolicia","status":"publish","type":"post","link":"http:\/\/nuevacordoba.net\/index.php\/2024\/06\/08\/seis-detenidos-por-comprar-droga-en-rosario-y-comercializarla-en-cordoba-entre-ellos-en-un-expolicia\/","title":{"rendered":"Seis detenidos por comprar droga en Rosario y comercializarla en C\u00f3rdoba, entre ellos en un expolic\u00eda"},"content":{"rendered":"<p>El operativo se llev\u00f3 a cabo en el sudeste provincial. El principal sospechoso hab\u00eda sido echado de la fuerza de seguridad por antecedentes narcos.<\/p>\n<p><strong>Seis detenidos<\/strong>, entre ellos&nbsp;<strong>un hombre echado de la Polic\u00eda de C\u00f3rdoba<\/strong>, est\u00e1n acusados de&nbsp;<strong>vender droga<\/strong>&nbsp;en distintas localidades del sudeste provincial y de Santa Fe. Aseguran que la sustancia era comprada en&nbsp;<strong>Rosario<\/strong>.<\/p>\n<p>El expolic\u00eda cay\u00f3 preso en&nbsp;<strong>Cruz Alta<\/strong>, en el departamento Marcos Ju\u00e1rez. Personal de la&nbsp;<strong>Fuerza Policial Antinarcotr\u00e1fico (FPA)<\/strong>&nbsp;lo intercept\u00f3 en bulevar K\u00f6nekamp al 200 y le secuestr\u00f3 2.320 dosis de coca\u00edna, poco m\u00e1s de un mill\u00f3n de pesos y un autom\u00f3vil.<\/p>\n<p>En simult\u00e1neo allanaron domicilios de la misma localidad, adem\u00e1s de otros inmuebles en&nbsp;<strong>Arias<\/strong>&nbsp;y&nbsp;<strong>Camilo Aldao<\/strong>. En estos procedimientos detuvieron a otros tres hombres mayores de edad y una menor.<\/p>\n<p>A su vez incautaron 370 dosis de coca\u00edna y 214 de marihuana, dinero y elementos relacionados con el fraccionamiento de estupefacientes, destacaron voceros de la FPA.<\/p>\n<p>La sexta detenci\u00f3n se produjo en la esquina de Medrano y Malvinas Argentinas, tambi\u00e9n en Cruz Alta, con el secuestro de coca\u00edna y dinero.<\/p>\n<p>Los allanamientos se realizaron en tres localidades del sudeste de C\u00f3rdoba.<\/p>\n<p>Todos los sospechosos quedaron a disposici\u00f3n de la&nbsp;<strong>Fiscal\u00eda de Lucha Contra el Narcotr\u00e1fico de Marcos Ju\u00e1rez<\/strong>. Los investigadores aseguraron que la droga \u201cera comprada todas las semanas en Rosario\u201d.<\/p>\n<p>Tambi\u00e9n advirtieron que esa sustancia era vendida localidades del sudeste cordob\u00e9s como&nbsp;<strong>Arias, Cruz Alta, Camilo Aldao, Los Surgentes, Inriville, General Baldissera y Corral de Bustos<\/strong>, y en las localidades santafesinas de&nbsp;<strong>Arteaga<\/strong>&nbsp;y&nbsp;<strong>San Jos\u00e9 de la Esquina<\/strong>.<\/p>\n<figure class=\"wp-block-image size-large\"><img loading=\"lazy\" data-attachment-id=\"9739\" data-permalink=\"https:\/\/cordobanewsnet.wordpress.com\/2024\/06\/08\/seis-detenidos-por-comprar-droga-en-rosario-y-comercializarla-en-cordoba-entre-ellos-en-un-expolicia\/image-37-2\/\" data-orig-file=\"https:\/\/cordobanewsnet.wordpress.com\/wp-content\/uploads\/2024\/06\/image-37.png\" data-orig-size=\"1440,811\" data-comments-opened=\"1\" data-image-meta=\"{&quot;aperture&quot;:&quot;0&quot;,&quot;credit&quot;:&quot;&quot;,&quot;camera&quot;:&quot;&quot;,&quot;caption&quot;:&quot;&quot;,&quot;created_timestamp&quot;:&quot;0&quot;,&quot;copyright&quot;:&quot;&quot;,&quot;focal_length&quot;:&quot;0&quot;,&quot;iso&quot;:&quot;0&quot;,&quot;shutter_speed&quot;:&quot;0&quot;,&quot;title&quot;:&quot;&quot;,&quot;orientation&quot;:&quot;0&quot;}\" data-image-title=\"image-37\" data-image-description data-image-caption data-medium-file=\"https:\/\/cordobanewsnet.wordpress.com\/wp-content\/uploads\/2024\/06\/image-37.png?w=300\" data-large-file=\"https:\/\/cordobanewsnet.wordpress.com\/wp-content\/uploads\/2024\/06\/image-37.png?w=736\" width=\"1024\" height=\"576\" src=\"http:\/\/nuevacordoba.net\/wp-content\/uploads\/2024\/06\/seis-detenidos-por-comprar-droga-en-rosario-y-comercializarla-en-cordoba-entre-ellos-en-un-expolicia.png\" alt class=\"wp-image-9739\"><\/figure>\n<p>Fuente : El Doce Tv C\u00f3rdoba Argentina<\/p>\n<p><span id=\"wordads-inline-marker\"><\/span> <\/p>\n<div id=\"jp-post-flair\" class=\"sharedaddy sd-like-enabled sd-sharing-enabled\">\n<div class=\"sharedaddy sd-sharing-enabled\">\n<div class=\"robots-nocontent sd-block sd-social sd-social-icon-text sd-sharing\">\n<h3 class=\"sd-title\">Comparte esto:<\/h3>\n<\/div>\n<\/div>\n<div class=\"sharedaddy sd-block sd-like jetpack-likes-widget-wrapper jetpack-likes-widget-unloaded\" id=\"like-post-wrapper-143108178-9738-6664b738c72d9\" data-src=\"\/\/widgets.wp.com\/likes\/index.html?ver=20240608#blog_id=143108178&amp;post_id=9738&amp;origin=cordobanewsnet.wordpress.com&amp;obj_id=143108178-9738-6664b738c72d9\" data-name=\"like-post-frame-143108178-9738-6664b738c72d9\" data-title=\"Me gusta o Compartir\">\n<p><span class=\"button\"><span>Me gusta<\/span><\/span> <span class=\"loading\">Cargando&#8230;<\/span><\/p>\n<p><span class=\"sd-text-color\"><\/span><\/div>\n<p><h3 class=\"jp-relatedposts-headline\"><em>Relacionado<\/em><\/h3>\n<\/p>\n<\/div>\n","protected":false},"excerpt":{"rendered":"<p>El operativo se llev\u00f3 a cabo en el sudeste provincial. El principal sospechoso hab\u00eda sido echado de la fuerza de seguridad por antecedentes narcos. Seis detenidos, entre ellos&nbsp;un hombre echado de la Polic\u00eda de C\u00f3rdoba, est\u00e1n acusados de&nbsp;vender droga&nbsp;en distintas localidades del sudeste provincial y de Santa Fe. Aseguran que la sustancia era comprada en&nbsp;Rosario. [&hellip;]<\/p>\n","protected":false},"author":1,"featured_media":44230,"comment_status":"closed","ping_status":"closed","sticky":false,"template":"","format":"standard","meta":[],"categories":[14],"tags":[],"_links":{"self":[{"href":"http:\/\/nuevacordoba.net\/index.php\/wp-json\/wp\/v2\/posts\/44229"}],"collection":[{"href":"http:\/\/nuevacordoba.net\/index.php\/wp-json\/wp\/v2\/posts"}],"about":[{"href":"http:\/\/nuevacordoba.net\/index.php\/wp-json\/wp\/v2\/types\/post"}],"author":[{"embeddable":true,"href":"http:\/\/nuevacordoba.net\/index.php\/wp-json\/wp\/v2\/users\/1"}],"replies":[{"embeddable":true,"href":"http:\/\/nuevacordoba.net\/index.php\/wp-json\/wp\/v2\/comments?post=44229"}],"version-history":[{"count":0,"href":"http:\/\/nuevacordoba.net\/index.php\/wp-json\/wp\/v2\/posts\/44229\/revisions"}],"wp:featuredmedia":[{"embeddable":true,"href":"http:\/\/nuevacordoba.net\/index.php\/wp-json\/wp\/v2\/media\/44230"}],"wp:attachment":[{"href":"http:\/\/nuevacordoba.net\/index.php\/wp-json\/wp\/v2\/media?parent=44229"}],"wp:term":[{"taxonomy":"category","embeddable":true,"href":"http:\/\/nuevacordoba.net\/index.php\/wp-json\/wp\/v2\/categories?post=44229"},{"taxonomy":"post_tag","embeddable":true,"href":"http:\/\/nuevacordoba.net\/index.php\/wp-json\/wp\/v2\/tags?post=44229"}],"curies":[{"name":"wp","href":"https:\/\/api.w.org\/{rel}","templated":true}]}}