{"id":44249,"date":"2024-06-08T15:23:58","date_gmt":"2024-06-08T15:23:58","guid":{"rendered":"http:\/\/cordobanewsnet.wordpress.com\/?p=9732"},"modified":"2024-06-08T15:23:58","modified_gmt":"2024-06-08T15:23:58","slug":"un-joven-de-23-anos-perdio-la-vida-en-un-siniestro-vial-en-la-autopista-cordoba-carlos-paz","status":"publish","type":"post","link":"http:\/\/nuevacordoba.net\/index.php\/2024\/06\/08\/un-joven-de-23-anos-perdio-la-vida-en-un-siniestro-vial-en-la-autopista-cordoba-carlos-paz\/","title":{"rendered":"Un joven de 23 a\u00f1os perdi\u00f3 la vida en un siniestro vial en la autopista C\u00f3rdoba \u2013 Carlos Paz"},"content":{"rendered":"<p>Ten\u00eda 23 a\u00f1os. Debido al impacto, la v\u00edctima fue expulsada del habit\u00e1culo, en el que viajaban otras cuatro personas. En tanto, el conductor iba alcoholizado y fue derivado a la comisar\u00eda de San Nicol\u00e1s.<\/p>\n<figure class=\"wp-block-image\"><img src=\"http:\/\/nuevacordoba.net\/wp-content\/uploads\/2024\/06\/un-joven-de-23-anos-perdio-la-vida-en-un-siniestro-vial-en-la-autopista-cordoba-carlos-paz.jpg\" alt=\"e-card\"><\/figure>\n<p>Un tr\u00e1gico accidente de tr\u00e1nsito tuvo lugar este s\u00e1bado por la ma\u00f1ana en la&nbsp;<a href=\"https:\/\/www.cadena3.com\/pagina\/tag\/?q=Autopista%20C%C3%B3rdoba-Carlos%20Paz\" target=\"_blank\" rel=\"noreferrer noopener\">,<\/a>&nbsp;a la altura de San Nicol\u00e1s. Todo ocurri\u00f3 pasadas las 7.30 horas.<\/p>\n<p>Seg\u00fan inform\u00f3 la Polic\u00eda, un Chevrolet Prisma de color blanco&nbsp;<strong>perdi\u00f3 el control y despist\u00f3.<\/strong>&nbsp;El veh\u00edculo era ocupado por dos hombres y tres mujeres.&nbsp;<\/p>\n<p>Debido al impacto, uno de los ocupantes fue&nbsp;<strong>expulsado del habit\u00e1culo<\/strong>&nbsp;y cay\u00f3 sobre la carpeta asf\u00e1ltica. Al llegar los servicios de emergencia, se constat\u00f3 que la persona se encontraba sin signos vitales.<\/p>\n<p>Las autoridades trabajaban en el lugar para realizar la investigaci\u00f3n correspondiente y determinar c\u00f3mo se origin\u00f3 el siniestro vial.<\/p>\n<p>El comisario inspector Mariano Vaistij trabajaba en el lugar del siniestro vial y explic\u00f3 en di\u00e1logo con<strong>&nbsp;Cadena 3<\/strong>&nbsp;que el conductor del Prisma estaba circulando alcoholizado. \u00abSe le realiz\u00f3 al conductor el control de alcoholemia, que arroj\u00f3 un resultado positivo al darle 1,10 de alcohol en sangre\u00bb.&nbsp;<\/p>\n<p>El conductor fue&nbsp;<strong>trasladado a la comisar\u00eda<\/strong>&nbsp;de San Nicol\u00e1s para los procedimientos legales bajo directivas de la Fiscal\u00eda.<\/p>\n<p>Aunque no se pudo confirmar si los ocupantes llevaban puesto su cintur\u00f3n de seguridad al momento del accidente, debido a que otros conductores ya hab\u00edan retirado a los j\u00f3venes del veh\u00edculo antes de la llegada del personal policial, Vaistij indic\u00f3 que los ocupantes estaban \u00abbastante shockeados\u00bb por el incidente.<\/p>\n<p>Los j\u00f3venes circulaban desde&nbsp;hacia&nbsp; de donde&nbsp;eran residentes. El comisario explic\u00f3 que hab\u00edan estado la noche anterior en departamentos cercanos a la zona de San Nicol\u00e1s.<\/p>\n<p>Fuente : Cadena 3 C\u00f3rdoba Argentina<\/p>\n<figure class=\"wp-block-image size-large\"><img loading=\"lazy\" data-attachment-id=\"9733\" data-permalink=\"https:\/\/cordobanewsnet.wordpress.com\/2024\/06\/08\/un-joven-de-23-anos-perdio-la-vida-en-un-siniestro-en-la-autopista-cordoba-carlos-paz\/image-36-2\/\" data-orig-file=\"https:\/\/cordobanewsnet.wordpress.com\/wp-content\/uploads\/2024\/06\/image-36.png\" data-orig-size=\"929,523\" data-comments-opened=\"1\" data-image-meta=\"{&quot;aperture&quot;:&quot;0&quot;,&quot;credit&quot;:&quot;&quot;,&quot;camera&quot;:&quot;&quot;,&quot;caption&quot;:&quot;&quot;,&quot;created_timestamp&quot;:&quot;0&quot;,&quot;copyright&quot;:&quot;&quot;,&quot;focal_length&quot;:&quot;0&quot;,&quot;iso&quot;:&quot;0&quot;,&quot;shutter_speed&quot;:&quot;0&quot;,&quot;title&quot;:&quot;&quot;,&quot;orientation&quot;:&quot;0&quot;}\" data-image-title=\"image-36\" data-image-description data-image-caption data-medium-file=\"https:\/\/cordobanewsnet.wordpress.com\/wp-content\/uploads\/2024\/06\/image-36.png?w=300\" data-large-file=\"https:\/\/cordobanewsnet.wordpress.com\/wp-content\/uploads\/2024\/06\/image-36.png?w=736\" width=\"929\" height=\"523\" src=\"http:\/\/nuevacordoba.net\/wp-content\/uploads\/2024\/06\/un-joven-de-23-anos-perdio-la-vida-en-un-siniestro-vial-en-la-autopista-cordoba-carlos-paz.png\" alt class=\"wp-image-9733\"><\/figure>\n<p><span id=\"wordads-inline-marker\"><\/span> <\/p>\n<div id=\"jp-post-flair\" class=\"sharedaddy sd-like-enabled sd-sharing-enabled\">\n<div class=\"sharedaddy sd-sharing-enabled\">\n<div class=\"robots-nocontent sd-block sd-social sd-social-icon-text sd-sharing\">\n<h3 class=\"sd-title\">Comparte esto:<\/h3>\n<\/div>\n<\/div>\n<div class=\"sharedaddy sd-block sd-like jetpack-likes-widget-wrapper jetpack-likes-widget-unloaded\" id=\"like-post-wrapper-143108178-9732-66659f6b055fe\" data-src=\"\/\/widgets.wp.com\/likes\/index.html?ver=20240609#blog_id=143108178&amp;post_id=9732&amp;origin=cordobanewsnet.wordpress.com&amp;obj_id=143108178-9732-66659f6b055fe\" data-name=\"like-post-frame-143108178-9732-66659f6b055fe\" data-title=\"Me gusta o Compartir\">\n<p><span class=\"button\"><span>Me gusta<\/span><\/span> <span class=\"loading\">Cargando&#8230;<\/span><\/p>\n<p><span class=\"sd-text-color\"><\/span><\/div>\n<p><h3 class=\"jp-relatedposts-headline\"><em>Relacionado<\/em><\/h3>\n<\/p>\n<\/div>\n","protected":false},"excerpt":{"rendered":"<p>Ten\u00eda 23 a\u00f1os. Debido al impacto, la v\u00edctima fue expulsada del habit\u00e1culo, en el que viajaban otras cuatro personas. En tanto, el conductor iba alcoholizado y fue derivado a la comisar\u00eda de San Nicol\u00e1s. Un tr\u00e1gico accidente de tr\u00e1nsito tuvo lugar este s\u00e1bado por la ma\u00f1ana en la&nbsp;,&nbsp;a la altura de San Nicol\u00e1s. Todo ocurri\u00f3 [&hellip;]<\/p>\n","protected":false},"author":1,"featured_media":44250,"comment_status":"closed","ping_status":"closed","sticky":false,"template":"","format":"standard","meta":[],"categories":[14],"tags":[],"_links":{"self":[{"href":"http:\/\/nuevacordoba.net\/index.php\/wp-json\/wp\/v2\/posts\/44249"}],"collection":[{"href":"http:\/\/nuevacordoba.net\/index.php\/wp-json\/wp\/v2\/posts"}],"about":[{"href":"http:\/\/nuevacordoba.net\/index.php\/wp-json\/wp\/v2\/types\/post"}],"author":[{"embeddable":true,"href":"http:\/\/nuevacordoba.net\/index.php\/wp-json\/wp\/v2\/users\/1"}],"replies":[{"embeddable":true,"href":"http:\/\/nuevacordoba.net\/index.php\/wp-json\/wp\/v2\/comments?post=44249"}],"version-history":[{"count":0,"href":"http:\/\/nuevacordoba.net\/index.php\/wp-json\/wp\/v2\/posts\/44249\/revisions"}],"wp:featuredmedia":[{"embeddable":true,"href":"http:\/\/nuevacordoba.net\/index.php\/wp-json\/wp\/v2\/media\/44250"}],"wp:attachment":[{"href":"http:\/\/nuevacordoba.net\/index.php\/wp-json\/wp\/v2\/media?parent=44249"}],"wp:term":[{"taxonomy":"category","embeddable":true,"href":"http:\/\/nuevacordoba.net\/index.php\/wp-json\/wp\/v2\/categories?post=44249"},{"taxonomy":"post_tag","embeddable":true,"href":"http:\/\/nuevacordoba.net\/index.php\/wp-json\/wp\/v2\/tags?post=44249"}],"curies":[{"name":"wp","href":"https:\/\/api.w.org\/{rel}","templated":true}]}}