{"id":4426,"date":"2021-05-13T05:55:44","date_gmt":"2021-05-13T05:55:44","guid":{"rendered":"http:\/\/nuevacordoba.net\/index.php\/2021\/05\/13\/a-40-anos-del-atentado-a-juan-pablo-ii-uno-de-los-papas-mas-universales-de-la-historia\/"},"modified":"2021-05-13T05:55:44","modified_gmt":"2021-05-13T05:55:44","slug":"a-40-anos-del-atentado-a-juan-pablo-ii-uno-de-los-papas-mas-universales-de-la-historia","status":"publish","type":"post","link":"http:\/\/nuevacordoba.net\/index.php\/2021\/05\/13\/a-40-anos-del-atentado-a-juan-pablo-ii-uno-de-los-papas-mas-universales-de-la-historia\/","title":{"rendered":"A 40 a\u00f1os del atentado a Juan Pablo II, uno de los papas m\u00e1s universales de la historia"},"content":{"rendered":"<div class=\"image\" id=\"image\" readability=\"7\"> <img src=\"http:\/\/nuevacordoba.net\/wp-content\/uploads\/2021\/05\/a-40-anos-del-atentado-a-juan-pablo-ii-uno-de-los-papas-mas-universales-de-la-historia.jpg\" alt=\"Juan Pablo II muri\u00f3 el el 2 de abril de 2005 (AFP)\" title=\"Juan Pablo II muri\u00f3 el el 2 de abril de 2005 (AFP)\"><\/p>\n<p>Juan Pablo II muri\u00f3 el el 2 de abril de 2005 (AFP)<\/p>\n<\/div>\n<p>Cuarenta a\u00f1os despu\u00e9s de haber sobrevivido a un atentado a balazos en la plaza San Pedro del Vaticano, el 13 de mayo de 1981, el fallecido papa Juan Pablo II es recordado hoy por haber contribuido con su pr\u00e9dica a la ca\u00edda de la Uni\u00f3n Sovi\u00e9tica, as\u00ed como por ser uno de los pont\u00edfices m\u00e1s universales y viajeros de la historia.<\/p>\n<p>Durante su papado de 27 a\u00f1os,<strong> el polaco Karol Wojtyla disfrut\u00f3 de un gran popularidad mundial,<\/strong> sobre todo en Estados Unidos, un pa\u00eds donde solo el 24% de la poblaci\u00f3n se define como cat\u00f3lica, con una aprobaci\u00f3n de entre el 87 y 97%, entre 1980 y 1990, seg\u00fan el centro de investigaci\u00f3n Pew Research Center.<\/p>\n<p><strong>El 13 de mayo de 1981, cuando ingresaba en un autom\u00f3vil descapotable a la plaza San Pedro, el exarzobispo de Cracovia recibi\u00f3 cuatro disparos del extremista turco Mehmet Al\u00ed Agca, exmiembro del grupo de extrema derecha \u00abLobos grises\u00bb.<\/strong><\/p>\n<p>Agca, un musulm\u00e1n de 23 a\u00f1os, dio luego del ataque varias versiones para explicar su actitud, sin convencer nunca a los investigadores.<\/p>\n<p><strong>Fue el primero de los dos atentados que sufrir\u00eda Wojtyla durante su papado, <\/strong>entre 1978 y hasta su muerte en 2005, tras lo cual fue canonizado en 2014 por el papa Francisco.<\/p>\n<p><strong>El segundo ataque lo sufri\u00f3 el 2 de mayo de 1982<\/strong>, cuando el sacerdote integrista y de ideolog\u00eda de derecha radical Juan Fern\u00e1ndez Krohn intent\u00f3 apu\u00f1alarlo con una bayoneta de 37 cent\u00edmetros en el santuario de F\u00e1tima en Portugal, pero el agresor fue arrestado inmediatamente por personal de seguridad.<\/p>\n<p>Parad\u00f3jicamente, el pont\u00edfice hab\u00eda acudido a ese lugar para entregar como ofrenda a la Virgen una de las balas que lo hab\u00eda herido en el atentado anterior.<\/p>\n<p>El atentado<\/p>\n<p><strong>El 22 de febrero de 2005, Juan Pablo II public\u00f3 su libro \u00abMemoria e identidad\u00bb<\/strong>, en el que se manifiesta convencido de que alguien encarg\u00f3 a Agca el atentado del 13 de abril de 1981.<\/p>\n<p>Sin embargo, nunca se demostr\u00f3 la posible implicancia de la exUni\u00f3n Sovi\u00e9tica ni de la entonces Bulgaria comunista, enfrentados en aquellos a\u00f1os al pont\u00edfice por haber prestado su apoyo al movimiento disidente \u00abSolidaridad\u00bb, del dirigente sindical y luego expresidente de Polonia Lech Walesa.<\/p>\n<p>Desde su cama del hospital donde estuvo internado, el Papa grab\u00f3 un mensaje en que se dirigi\u00f3 a los peregrinos que asist\u00edan a la Plaza San Pedro: \u00abLes doy las gracias con emoci\u00f3n por sus oraciones y les bendigo a todos. Rezo por el hermano que me atac\u00f3, al que he perdonado sinceramente\u00bb.<\/p>\n<p>A fines de diciembre de 1983, Wojtyla visit\u00f3 a Agca en la c\u00e1rcel, le regal\u00f3 un rosario de n\u00e1car, afirm\u00f3 que el extremista turco se hab\u00eda arrepentido de su ataque y le renov\u00f3 su perd\u00f3n.<\/p>\n<p>Agca fue liberado de una prisi\u00f3n de Ankara en 2010, despu\u00e9s de pasar casi treinta a\u00f1os en c\u00e1rceles de Italia y Turqu\u00eda por el intento de asesinato contra el Papa, as\u00ed como por otros cr\u00edmenes cometidos en suelo turco.<\/p>\n<p><strong>Durante sus 27 a\u00f1os de papado, Juan Pablo II realiz\u00f3 m\u00e1s de 105 viajes fuera de Italia<\/strong>, visitando m\u00e1s de 129 pa\u00edses, aunque nunca pudo viajar a China ni a Rusia.<\/p>\n<div class=\"image\" id=\"image\"> <img src=\"http:\/\/nuevacordoba.net\/wp-content\/uploads\/2021\/05\/a-40-anos-del-atentado-a-juan-pablo-ii-uno-de-los-papas-mas-universales-de-la-historia-1.jpg\" alt title><\/div>\n<p>Wojtyla visit\u00f3 en dos oportunidades la Argentina, la primera el 11 de junio de 1982, en plena guerra con Gran Breta\u00f1a por las islas Malvinas, trayendo un mensaje de paz, y el 6 de abril de 1987, para presidir la Jornada Mundial de la Juventud.<\/p>\n<p><strong>Juan Pablo II muri\u00f3 el el 2 de abril de 2005.<\/strong><\/p>\n<p>Se estima que <strong>seis d\u00edas despu\u00e9s de su muerte, un mill\u00f3n de fieles llegaron a la Plaza de San Pedro para vitorear al pont\u00edfice <\/strong>y exigir al Vaticano su beatificaci\u00f3n, durante el entierro m\u00e1s grande que se tenga memoria de un papa.<\/p>\n<p>El 27 de diciembre de 2014, Agca fue fotografiado llevando un ramo de flores para poner en la tumba de Juan Pablo II en el Vaticano, justamente cuando se cumpl\u00eda el trig\u00e9simo primer aniversario de que el fallecido Papa lo visit\u00f3 en la c\u00e1rcel. <\/p>\n","protected":false},"excerpt":{"rendered":"<p>Juan Pablo II muri\u00f3 el el 2 de abril de 2005 (AFP) Cuarenta a\u00f1os despu\u00e9s de haber sobrevivido a un atentado a balazos en la plaza San Pedro del Vaticano, el 13 de mayo de 1981, el fallecido papa Juan Pablo II es recordado hoy por haber contribuido con su pr\u00e9dica a la ca\u00edda de [&hellip;]<\/p>\n","protected":false},"author":1,"featured_media":4427,"comment_status":"closed","ping_status":"closed","sticky":false,"template":"","format":"standard","meta":[],"categories":[13],"tags":[],"_links":{"self":[{"href":"http:\/\/nuevacordoba.net\/index.php\/wp-json\/wp\/v2\/posts\/4426"}],"collection":[{"href":"http:\/\/nuevacordoba.net\/index.php\/wp-json\/wp\/v2\/posts"}],"about":[{"href":"http:\/\/nuevacordoba.net\/index.php\/wp-json\/wp\/v2\/types\/post"}],"author":[{"embeddable":true,"href":"http:\/\/nuevacordoba.net\/index.php\/wp-json\/wp\/v2\/users\/1"}],"replies":[{"embeddable":true,"href":"http:\/\/nuevacordoba.net\/index.php\/wp-json\/wp\/v2\/comments?post=4426"}],"version-history":[{"count":0,"href":"http:\/\/nuevacordoba.net\/index.php\/wp-json\/wp\/v2\/posts\/4426\/revisions"}],"wp:featuredmedia":[{"embeddable":true,"href":"http:\/\/nuevacordoba.net\/index.php\/wp-json\/wp\/v2\/media\/4427"}],"wp:attachment":[{"href":"http:\/\/nuevacordoba.net\/index.php\/wp-json\/wp\/v2\/media?parent=4426"}],"wp:term":[{"taxonomy":"category","embeddable":true,"href":"http:\/\/nuevacordoba.net\/index.php\/wp-json\/wp\/v2\/categories?post=4426"},{"taxonomy":"post_tag","embeddable":true,"href":"http:\/\/nuevacordoba.net\/index.php\/wp-json\/wp\/v2\/tags?post=4426"}],"curies":[{"name":"wp","href":"https:\/\/api.w.org\/{rel}","templated":true}]}}