{"id":44262,"date":"2024-06-09T01:01:49","date_gmt":"2024-06-09T01:01:49","guid":{"rendered":"https:\/\/www.ole.com.ar\/autos\/agustin-canapino-indycar-banca-will-power-incidente-pourchaire-road-america_0_OU5VnkVTLy.html"},"modified":"2024-06-09T01:01:49","modified_gmt":"2024-06-09T01:01:49","slug":"la-impresionante-banca-de-will-power-a-canapino","status":"publish","type":"post","link":"http:\/\/nuevacordoba.net\/index.php\/2024\/06\/09\/la-impresionante-banca-de-will-power-a-canapino\/","title":{"rendered":"La impresionante banca de Will Power a Canapino"},"content":{"rendered":"<p><time class=\"createDate\" datetime=\"2024-06-08T22:01:49-03:00\">08\/06\/2024 22:01hs.<\/time><time class=\"modificatedDate\" datetime=\"2024-06-08T22:02:59-03:00\"> Actualizado al 08\/06\/2024 22:02hs.<\/time><\/p>\n<div id=\"storyBody\">\n<div class=\"custom-text \" readability=\"30.823529411765\">\n<p>M\u00e1s pilotos se siguen sumando a la pol\u00e9mica de la semana: <strong><a href=\"https:\/\/www.ole.com.ar\/autos\/agustin-canapino-indycar-banca-will-power-incidente-pourchaire-road-america_0_OU5VnkVTLy.html\" target=\"_self\" title=\"la baja de Agust\u00edn Canapino\" alt=\"la baja de Agust\u00edn Canapino\" rel=\"noopener\">la baja de Agust\u00edn Canapino<\/a><\/strong> del asiento del Dallara-Chevrolet #78 del Juncos Holliger Racing para <strong><a href=\"https:\/\/www.ole.com.ar\/autos\/agustin-canapino-indycar-road-america-hora-tv_0_ijsGVP7qrw.html\" target=\"_blank\" title=\"la carrera de Road America\" alt=\"la carrera de Road America\" rel=\"noopener\">la carrera de Road America<\/a><\/strong>, correspondiente a la octava fecha de la IndyCar. Y tras <strong><a href=\"https:\/\/www.ole.com.ar\/autos\/agustin-canapino-baja-indycar-theo-pourchaire_0_vaBi8ybzhw.html\" target=\"_blank\" title=\"los dichos de Theo Pourchaire\" alt=\"los dichos de Theo Pourchaire\" rel=\"noopener\">los dichos de Theo Pourchaire<\/a><\/strong>, justamente con quien surgi\u00f3 <strong><a href=\"https:\/\/www.ole.com.ar\/autos\/agustin-canapino-indycar-2024-hoy-vivo-gp-detroit-hora-ver-carrera-tv-online_0_7BrYtsRdUC.html\" target=\"_blank\" title=\"el problema en la pista de Detroit\" alt=\"el problema en la pista de Detroit\" rel=\"noopener\">el problema en la pista de Detroit<\/a><\/strong>, ahora el que habl\u00f3 fue <strong>Will Power<\/strong>. Y el australiano de 43 a\u00f1os, uno de los m\u00e1s experimentados en la categor\u00eda y tercero en el actual torneo, sali\u00f3 a bancar al Tit\u00e1n.<\/p>\n<\/div>\n<div class=\"custom-text \" readability=\"37\">\n<p>\u00abLos argentinos son muy apasionados por el deporte y por los pilotos de su pa\u00eds. Cualquiera de ellos que vienen a la categor\u00eda, y les va bien, es algo muy importante para ellos\u00bb, coment\u00f3 despu\u00e9s de la clasificaci\u00f3n -bajo la lluvia- en la que qued\u00f3 sexto.<\/p>\n<\/div>\n<div class=\"sc-e7b891c4-0 jPbnQF\"><img alt=\"Agust\u00edn Canapino qued\u00f3 en el foco de todos.\" src=\"http:\/\/nuevacordoba.net\/wp-content\/uploads\/2024\/06\/la-impresionante-banca-de-will-power-a-canapino.jpg\" width=\"720\" height=\"100\" decoding=\"async\" data-nimg=\"future\" loading=\"lazy\"><span class=\"epigraphe\">Agust\u00edn Canapino qued\u00f3 en el foco de todos.<\/span><\/div>\n<div class=\"custom-text \" readability=\"36\">\n<p>Adem\u00e1s, el piloto del Team Penske dijo: \u00abSer\u00eda incre\u00edble ver c\u00f3mo estar\u00eda su pa\u00eds si Agust\u00edn gana las 500 Millas de Indian\u00e1polis. Probablemente hasta decretar\u00edan feriado. Eso ser\u00eda genial. <strong>Creo que es muy bueno que tengamos una categor\u00eda tan diversa. Esa es una de las razones por las que IndyCar es lo que es<\/strong>\u00ab.<\/p>\n<\/div>\n<div class=\"custom-text \" readability=\"39\">\n<p>Por otra parte, Power record\u00f3 un encontronazo sobre la cinta asf\u00e1ltica con el colombiano Juan Pablo Montoya que luego deriv\u00f3 en publicaciones con agresiones en su contra. \u00abPas\u00f3 algo parecido con Montoya. Tuve un accidente con \u00e9l una vez y luego de eso me llegaron algunos posteos interesantes en mis redes. Pero las diferentes culturas tienen diferentes reacciones con sus h\u00e9roes deportivos. \u00bfC\u00f3mo lo solucionamos? <strong>Esa noche fuimos a comer y subimos una foto juntos a Twitter. As\u00ed que la gente dijo &#8216;Ah, est\u00e1 bien, ya se amigaron&#8217; y qued\u00f3 ah\u00ed<\/strong>\u00ab, cerr\u00f3 en charla con Motorsport.<\/p>\n<\/div>\n<div type=\"embed\" class=\"sc-3f46f5ae-0 djVTgz\">\n<div class=\"sc-3f46f5ae-1 fTjZec videoText\" id=\"contentTitleembedtvqCpV2O\" type=\"embed\"><svg fill=\"#ffffff\"><symbol id=\"play\" viewBox=\"0 0 512 512\"><path d=\"M512 256C512 397.4 397.4 512 256 512C114.6 512 0 397.4 0 256C0 114.6 114.6 0 256 0C397.4 0 512 114.6 512 256zM176 168V344C176 352.7 180.7 360.7 188.3 364.9C195.8 369.2 205.1 369 212.5 364.5L356.5 276.5C363.6 272.1 368 264.4 368 256C368 247.6 363.6 239.9 356.5 235.5L212.5 147.5C205.1 142.1 195.8 142.8 188.3 147.1C180.7 151.3 176 159.3 176 168V168z\" \/><\/symbol><use xlink:href=\"#play\" \/><\/svg><\/p>\n<div class=\"right\">\n<p>Agust\u00edn Canapino<!-- --> &#8211;<!-- --> <span>&nbsp;<\/span><\/p>\n<h2 class=\"title-vid\">Lo tocaron a Canapino en el GP de Detroit del IndyCar<\/h2>\n<\/div>\n<\/div>\n<p><span class=\"back\" id=\"spanBackembedtvqCpV2O\"><\/span><\/div>\n<p><h2><strong>\u00bfQu\u00e9 fue lo que sucedi\u00f3 con Canapino?<\/strong><\/h2>\n<\/p>\n<div class=\"custom-text \" readability=\"35\">\n<p>El Juncos Holliger Racing decidi\u00f3 darle un descanso dado que consideran que sus conductores deben estar preparados \u00abtanto mental como f\u00edsicamente cuando se suben al auto\u00bb y vieron que el Tit\u00e1n se hab\u00eda visto afectado -seg\u00fan ellos argumentaron en su comunicado- luego del \u00abhostigamiento y abuso online\u00bb que se gener\u00f3 tras el incidente en Detroit con Pourchaire.<\/p>\n<\/div>\n<div class=\"sc-e7b891c4-0 jPbnQF\"><img alt=\"As\u00ed participaba Canapino de la firma de aut\u00f3grafos en Road America. \" src=\"http:\/\/nuevacordoba.net\/wp-content\/uploads\/2024\/06\/la-impresionante-banca-de-will-power-a-canapino-1.jpg\" width=\"720\" height=\"100\" decoding=\"async\" data-nimg=\"future\" loading=\"lazy\"><span class=\"epigraphe\">As\u00ed participaba Canapino de la firma de aut\u00f3grafos en Road America. <\/span><\/div>\n<div class=\"custom-text \" readability=\"33.068119891008\">\n<p>Lo cierto es que el arrecife\u00f1o hab\u00eda viajado hasta Wisconsin y hab\u00eda estado firmando aut\u00f3grafos a los fan\u00e1ticos que se hab\u00edan acercado hasta el circuito. Sin embargo, unas horas antes de la primera pr\u00e1ctica libre conoci\u00f3 la decisi\u00f3n de su equipo de que iba a ser reemplazado este fin de semana por Nolan Siegel, quien <strong><a href=\"https:\/\/www.ole.com.ar\/autos\/agustin-canapino-indycar-2024-hoy-road-america-nolan-siegel-reemplazante-theo-pourchaire-mclaren-juncos_0_GuBII0vpZg.html\" target=\"_blank\" title=\"no tuvo un buen rendimiento en la qualy\" alt=\"no tuvo un buen rendimiento en la qualy\" rel=\"noopener\">no tuvo un buen rendimiento en la qualy<\/a><\/strong>.<\/p>\n<\/div>\n<div type=\"embed\" class=\"sc-3f46f5ae-0 djVTgz\">\n<div class=\"sc-3f46f5ae-1 fTjZec videoText\" id=\"contentTitleembedGZwFaj9Y\" type=\"embed\"><svg fill=\"#ffffff\"><symbol id=\"play\" viewBox=\"0 0 512 512\"><path d=\"M512 256C512 397.4 397.4 512 256 512C114.6 512 0 397.4 0 256C0 114.6 114.6 0 256 0C397.4 0 512 114.6 512 256zM176 168V344C176 352.7 180.7 360.7 188.3 364.9C195.8 369.2 205.1 369 212.5 364.5L356.5 276.5C363.6 272.1 368 264.4 368 256C368 247.6 363.6 239.9 356.5 235.5L212.5 147.5C205.1 142.1 195.8 142.8 188.3 147.1C180.7 151.3 176 159.3 176 168V168z\" \/><\/symbol><use xlink:href=\"#play\" \/><\/svg><\/p>\n<div class=\"right\">\n<p>Agust\u00edn Canapino<!-- --> &#8211;<!-- --> <span>&nbsp;<\/span><\/p>\n<h2 class=\"title-vid\">Agust\u00edn Canapino habl\u00f3 de su reciente carrera en IndyCar<\/h2>\n<\/div>\n<\/div>\n<p><span class=\"back\" id=\"spanBackembedGZwFaj9Y\"><\/span><\/div>\n<div class=\"sc-a7166897-0 exHLBh\" readability=\"6\">\n<section readability=\"2\"><picture><img alt=\"C\u00f3mo le fue al reemplazante de Agust\u00edn Canapino en la IndyCar en Road America\" src=\"http:\/\/nuevacordoba.net\/wp-content\/uploads\/2024\/06\/la-impresionante-banca-de-will-power-a-canapino-2.jpg\" width=\"290\" height=\"290\" decoding=\"async\" data-nimg=\"future\" loading=\"lazy\"><\/picture>\n<p><span>Mir\u00e1 tambi\u00e9n<\/span><\/p>\n<hr>\n<h3>C\u00f3mo le fue al reemplazante de Agust\u00edn Canapino en la IndyCar en Road America<\/h3>\n<\/p>\n<\/section>\n<\/div>\n<div class=\"sc-a7166897-0 exHLBh\" readability=\"6.5\">\n<section readability=\"3\"><picture><img alt=\"Qu\u00e9 dijo Theo Pourchaire despu\u00e9s de que se confirmara la baja de Canapino en Road America\" src=\"http:\/\/nuevacordoba.net\/wp-content\/uploads\/2024\/06\/la-impresionante-banca-de-will-power-a-canapino-3.jpg\" width=\"290\" height=\"290\" decoding=\"async\" data-nimg=\"future\" loading=\"lazy\"><\/picture>\n<p><span>Mir\u00e1 tambi\u00e9n<\/span><\/p>\n<hr>\n<h3>Qu\u00e9 dijo Theo Pourchaire despu\u00e9s de que se confirmara la baja de Canapino en Road America<\/h3>\n<\/p>\n<\/section>\n<\/div>\n<div class=\"sc-a7166897-0 exHLBh\" readability=\"6\">\n<section readability=\"2\"><picture><img alt=\"Ni Sainz ni Bottas: Mercedes ya eligi\u00f3 al reemplazante de Hamilton para 2025\" src=\"http:\/\/nuevacordoba.net\/wp-content\/uploads\/2024\/06\/la-impresionante-banca-de-will-power-a-canapino-4.jpg\" width=\"290\" height=\"290\" decoding=\"async\" data-nimg=\"future\" loading=\"lazy\"><\/picture>\n<p><span>Mir\u00e1 tambi\u00e9n<\/span><\/p>\n<hr>\n<h3>Ni Sainz ni Bottas: Mercedes ya eligi\u00f3 al reemplazante de Hamilton para 2025<\/h3>\n<\/p>\n<\/section>\n<\/div>\n<\/div>\n","protected":false},"excerpt":{"rendered":"<p>08\/06\/2024 22:01hs. Actualizado al 08\/06\/2024 22:02hs. M\u00e1s pilotos se siguen sumando a la pol\u00e9mica de la semana: la baja de Agust\u00edn Canapino del asiento del Dallara-Chevrolet #78 del Juncos Holliger Racing para la carrera de Road America, correspondiente a la octava fecha de la IndyCar. Y tras los dichos de Theo Pourchaire, justamente con quien [&hellip;]<\/p>\n","protected":false},"author":1,"featured_media":44263,"comment_status":"closed","ping_status":"closed","sticky":false,"template":"","format":"standard","meta":[],"categories":[10],"tags":[],"_links":{"self":[{"href":"http:\/\/nuevacordoba.net\/index.php\/wp-json\/wp\/v2\/posts\/44262"}],"collection":[{"href":"http:\/\/nuevacordoba.net\/index.php\/wp-json\/wp\/v2\/posts"}],"about":[{"href":"http:\/\/nuevacordoba.net\/index.php\/wp-json\/wp\/v2\/types\/post"}],"author":[{"embeddable":true,"href":"http:\/\/nuevacordoba.net\/index.php\/wp-json\/wp\/v2\/users\/1"}],"replies":[{"embeddable":true,"href":"http:\/\/nuevacordoba.net\/index.php\/wp-json\/wp\/v2\/comments?post=44262"}],"version-history":[{"count":0,"href":"http:\/\/nuevacordoba.net\/index.php\/wp-json\/wp\/v2\/posts\/44262\/revisions"}],"wp:featuredmedia":[{"embeddable":true,"href":"http:\/\/nuevacordoba.net\/index.php\/wp-json\/wp\/v2\/media\/44263"}],"wp:attachment":[{"href":"http:\/\/nuevacordoba.net\/index.php\/wp-json\/wp\/v2\/media?parent=44262"}],"wp:term":[{"taxonomy":"category","embeddable":true,"href":"http:\/\/nuevacordoba.net\/index.php\/wp-json\/wp\/v2\/categories?post=44262"},{"taxonomy":"post_tag","embeddable":true,"href":"http:\/\/nuevacordoba.net\/index.php\/wp-json\/wp\/v2\/tags?post=44262"}],"curies":[{"name":"wp","href":"https:\/\/api.w.org\/{rel}","templated":true}]}}