{"id":44266,"date":"2024-06-08T18:50:35","date_gmt":"2024-06-08T18:50:35","guid":{"rendered":"https:\/\/prensa.cba.gov.ar\/?p=595149"},"modified":"2024-06-08T18:50:35","modified_gmt":"2024-06-08T18:50:35","slug":"educacion-junto-con-unicef-desarrollaran-el-programa-anual-de-formacion-para-la-transformacion-de-la-educacion-secundaria","status":"publish","type":"post","link":"http:\/\/nuevacordoba.net\/index.php\/2024\/06\/08\/educacion-junto-con-unicef-desarrollaran-el-programa-anual-de-formacion-para-la-transformacion-de-la-educacion-secundaria\/","title":{"rendered":"Educaci\u00f3n junto con UNICEF desarrollar\u00e1n el Programa Anual de Formaci\u00f3n para la Transformaci\u00f3n de la Educaci\u00f3n Secundaria"},"content":{"rendered":"<div><img src=\"http:\/\/nuevacordoba.net\/wp-content\/uploads\/2024\/06\/educacion-junto-con-unicef-desarrollaran-el-programa-anual-de-formacion-para-la-transformacion-de-la-educacion-secundaria.jpg\" class=\"ff-og-image-inserted\"><\/div>\n<ul class=\" eplus-wrapper eplus-styles-uid-2b557a\">\n<li class=\" eplus-wrapper\"><strong>Se trata de una formaci\u00f3n que involucra dos instancias de modalidad sincr\u00f3nica virtual para docentes y equipos directivos<\/strong><\/li>\n<li class=\" eplus-wrapper\"><strong>Certificar\u00e1n 30 hs. completando asistencia a los encuentros virtuales, y una evaluaci\u00f3n al finalizar el cursado.<\/strong><\/li>\n<\/ul>\n<p class=\" eplus-wrapper\">El Ministerio de Educaci\u00f3n junto a UNICEF Argentina invitan a participar del Programa Anual de Formaci\u00f3n para la Transformaci\u00f3n de la Educaci\u00f3n Secundaria, propuesta orientada a abordar las tem\u00e1ticas claves que se encuentran en la agenda de transformaci\u00f3n del nivel secundario.&nbsp; <\/p>\n<p class=\" eplus-wrapper\">Estas, est\u00e1n vinculadas con el Aprendizaje basado en proyectos, la evaluaci\u00f3n formativa y sumativa, el desarrollo de propuestas inclusivas, la gesti\u00f3n institucional, la alfabetizaci\u00f3n y fortalecimiento de la lecto escritura en el nivel secundario, desarrollo de capacidades fundamentales, trabajo interdisciplinario y el desarrollo de habilidades digitales.<\/p>\n<p class=\" eplus-wrapper\">La primera de esas instancias est\u00e1 destinada espec\u00edficamente a docentes, bajo el t\u00edtulo \u201cDesaf\u00edos actuales en la Educaci\u00f3n Secundaria para el trabajo \u00e1ulico\u201d. y contar\u00e1 con un cupo de 1100 cursantes.<\/p>\n<p class=\" eplus-wrapper\">La segunda instancia est\u00e1 concebida para supervisores\/as y equipos de gesti\u00f3n, y asume la denominaci\u00f3n \u201cDesaf\u00edos actuales en la Educaci\u00f3n Secundaria para la gesti\u00f3n directiva\u201d. En este caso, el cupo de cursantes ser\u00e1 de 500.<\/p>\n<p class=\" eplus-wrapper\"><strong>En ambos casos, la inscripci\u00f3n podr\u00e1 realizarse completando el formulario que se halla en este enlace: <a href=\"https:\/\/www.igualdadycalidadcba.gov.ar\/SIPEC-CBA\/RedProvincial\/Capacitacion\/cursos-me.php\" target=\"_blank\" rel=\"noreferrer noopener\">https:\/\/www.igualdadycalidadcba.gov.ar\/SIPEC-CBA\/RedProvincial\/Capacitacion\/cursos-me.php<\/a><\/strong><\/p>\n<p class=\" eplus-wrapper\">La propuesta promueve el desarrollo profesional en directivos y docentes sobre los temas priorizados, ofreciendo orientaciones institucionales y pedag\u00f3gico- did\u00e1cticas.<\/p>\n<p class=\" eplus-wrapper\">La certificaci\u00f3n de 30 hs. se har\u00e1 efectiva registrando la asistencia en el formulario que UNICEF habilitar\u00e1 cada d\u00eda de cursado, adem\u00e1s de realizar una evaluaci\u00f3n al finalizar el cursado.<\/p>\n","protected":false},"excerpt":{"rendered":"<p>Se trata de una formaci\u00f3n que involucra dos instancias de modalidad sincr\u00f3nica virtual para docentes y equipos directivos Certificar\u00e1n 30 hs. completando asistencia a los encuentros virtuales, y una evaluaci\u00f3n al finalizar el cursado. El Ministerio de Educaci\u00f3n junto a UNICEF Argentina invitan a participar del Programa Anual de Formaci\u00f3n para la Transformaci\u00f3n de la [&hellip;]<\/p>\n","protected":false},"author":1,"featured_media":44267,"comment_status":"closed","ping_status":"closed","sticky":false,"template":"","format":"standard","meta":[],"categories":[14],"tags":[],"_links":{"self":[{"href":"http:\/\/nuevacordoba.net\/index.php\/wp-json\/wp\/v2\/posts\/44266"}],"collection":[{"href":"http:\/\/nuevacordoba.net\/index.php\/wp-json\/wp\/v2\/posts"}],"about":[{"href":"http:\/\/nuevacordoba.net\/index.php\/wp-json\/wp\/v2\/types\/post"}],"author":[{"embeddable":true,"href":"http:\/\/nuevacordoba.net\/index.php\/wp-json\/wp\/v2\/users\/1"}],"replies":[{"embeddable":true,"href":"http:\/\/nuevacordoba.net\/index.php\/wp-json\/wp\/v2\/comments?post=44266"}],"version-history":[{"count":0,"href":"http:\/\/nuevacordoba.net\/index.php\/wp-json\/wp\/v2\/posts\/44266\/revisions"}],"wp:featuredmedia":[{"embeddable":true,"href":"http:\/\/nuevacordoba.net\/index.php\/wp-json\/wp\/v2\/media\/44267"}],"wp:attachment":[{"href":"http:\/\/nuevacordoba.net\/index.php\/wp-json\/wp\/v2\/media?parent=44266"}],"wp:term":[{"taxonomy":"category","embeddable":true,"href":"http:\/\/nuevacordoba.net\/index.php\/wp-json\/wp\/v2\/categories?post=44266"},{"taxonomy":"post_tag","embeddable":true,"href":"http:\/\/nuevacordoba.net\/index.php\/wp-json\/wp\/v2\/tags?post=44266"}],"curies":[{"name":"wp","href":"https:\/\/api.w.org\/{rel}","templated":true}]}}