{"id":44292,"date":"2024-06-09T22:00:45","date_gmt":"2024-06-09T22:00:45","guid":{"rendered":"https:\/\/cordoba.gob.ar\/?p=58572"},"modified":"2024-06-09T22:00:45","modified_gmt":"2024-06-09T22:00:45","slug":"un-recorrido-literario-actividades-durante-la-semana-del-libro-en-cordoba","status":"publish","type":"post","link":"http:\/\/nuevacordoba.net\/index.php\/2024\/06\/09\/un-recorrido-literario-actividades-durante-la-semana-del-libro-en-cordoba\/","title":{"rendered":"Un recorrido literario: actividades durante la Semana del Libro en C\u00f3rdoba"},"content":{"rendered":"<div><img src=\"http:\/\/nuevacordoba.net\/wp-content\/uploads\/2024\/06\/un-recorrido-literario-actividades-durante-la-semana-del-libro-en-cordoba.jpg\" class=\"ff-og-image-inserted\"><\/div>\n<ul class=\"ak-ul\" data-pm-slice=\"3 1 []\">\n<li><strong>Del lunes 10 al s\u00e1bado 15 de junio, y camino a la Feria del Libro 2024, se realizar\u00e1n una serie de actividades gratuitas en torno al mundo de la literatura de nuestra Ciudad.<\/strong><\/li>\n<\/ul>\n<hr>\n<p>Del 10 al 15 de junio, la ciudad se transforma en un refugio para los amantes de la lectura con la Semana del Libro, una iniciativa llevada adelante por la Secretar\u00eda de Comunicaci\u00f3n y Cultura municipal que invita a sumergirse en el apasionante mundo de la literatura a trav\u00e9s de una serie de actividades gratuitas y abiertas a todo p\u00fablico.<\/p>\n<p>En esta ocasi\u00f3n, las protagonistas indiscutibles ser\u00e1n las librer\u00edas cordobesas. Estos establecimientos no solo son un eslab\u00f3n clave en la cadena de valor del libro, sino que tambi\u00e9n representan un rasgo distintivo de nuestra identidad cultural.<\/p>\n<p>En este sentido, la programaci\u00f3n incluir\u00e1 un Circuito de Librer\u00edas que propone encuentros en torno a publicaciones y autoras\/es con libreras y libreros como anfitriones. Esta ruta enlazar\u00e1 a ic\u00f3nicas librer\u00edas c\u00e9ntricas, de Nueva C\u00f3rdoba, General Paz y Alta C\u00f3rdoba que a su vez ser\u00e1n intervenidas art\u00edsticamente con poemas.<\/p>\n<p>Adem\u00e1s, la Sala Malicha abrir\u00e1 sus puertas con actividades art\u00edsticas dirigidas a infancias, se har\u00e1 una jornada de entrega de libros a bibliotecas populares, y se presentar\u00e1n nuevos libros locales.<\/p>\n<p>Todas las actividades ser\u00e1n con entrada gratuita.<\/p>\n<p>La programaci\u00f3n esta disponible en el siguiente<a href=\"https:\/\/docs.google.com\/document\/d\/1hZ2EF8f_OvdjHj7GD1CVSPK7ulvso-JS\/edit?usp=sharing&amp;ouid=102816184136719994183&amp;rtpof=true&amp;sd=true\"> enlace<\/a><\/p>\n<p><strong>Sobre el D\u00eda del Libro<\/strong><\/p>\n<p>El 15 de junio de 1908 marc\u00f3 un hito en la historia literaria argentina con la entrega de premios de un concurso literario organizado por el Consejo Nacional de Mujeres. Este evento, que se convirti\u00f3 en una tradici\u00f3n anual, fue declarado oficialmente como la \u00abFiesta del Libro\u00bb en 1924. Posteriormente, en 1941, el Ministerio de Educaci\u00f3n cambi\u00f3 su denominaci\u00f3n a \u00abD\u00eda del Libro\u00bb, una festividad que perdura hasta nuestros d\u00edas.<\/p>\n<p>En junio, adem\u00e1s, se celebra el D\u00eda del Escritor y la Escritora, en homenaje al primer presidente de la Sociedad Argentina de Escritores, Leopoldo Lugones, que naci\u00f3 el 13 de este mes de 1874. Convergen as\u00ed, en junio, dos grandes celebraciones para las letras nacionales.<\/p>\n","protected":false},"excerpt":{"rendered":"<p>Del lunes 10 al s\u00e1bado 15 de junio, y camino a la Feria del Libro 2024, se realizar\u00e1n una serie de actividades gratuitas en torno al mundo de la literatura de nuestra Ciudad. Del 10 al 15 de junio, la ciudad se transforma en un refugio para los amantes de la lectura con la Semana [&hellip;]<\/p>\n","protected":false},"author":1,"featured_media":44293,"comment_status":"closed","ping_status":"closed","sticky":false,"template":"","format":"standard","meta":[],"categories":[14],"tags":[],"_links":{"self":[{"href":"http:\/\/nuevacordoba.net\/index.php\/wp-json\/wp\/v2\/posts\/44292"}],"collection":[{"href":"http:\/\/nuevacordoba.net\/index.php\/wp-json\/wp\/v2\/posts"}],"about":[{"href":"http:\/\/nuevacordoba.net\/index.php\/wp-json\/wp\/v2\/types\/post"}],"author":[{"embeddable":true,"href":"http:\/\/nuevacordoba.net\/index.php\/wp-json\/wp\/v2\/users\/1"}],"replies":[{"embeddable":true,"href":"http:\/\/nuevacordoba.net\/index.php\/wp-json\/wp\/v2\/comments?post=44292"}],"version-history":[{"count":0,"href":"http:\/\/nuevacordoba.net\/index.php\/wp-json\/wp\/v2\/posts\/44292\/revisions"}],"wp:featuredmedia":[{"embeddable":true,"href":"http:\/\/nuevacordoba.net\/index.php\/wp-json\/wp\/v2\/media\/44293"}],"wp:attachment":[{"href":"http:\/\/nuevacordoba.net\/index.php\/wp-json\/wp\/v2\/media?parent=44292"}],"wp:term":[{"taxonomy":"category","embeddable":true,"href":"http:\/\/nuevacordoba.net\/index.php\/wp-json\/wp\/v2\/categories?post=44292"},{"taxonomy":"post_tag","embeddable":true,"href":"http:\/\/nuevacordoba.net\/index.php\/wp-json\/wp\/v2\/tags?post=44292"}],"curies":[{"name":"wp","href":"https:\/\/api.w.org\/{rel}","templated":true}]}}