{"id":4430,"date":"2021-05-13T13:01:56","date_gmt":"2021-05-13T13:01:56","guid":{"rendered":"https:\/\/puntoapunto.com.ar\/?p=277603"},"modified":"2021-05-13T13:01:56","modified_gmt":"2021-05-13T13:01:56","slug":"alianza-entre-cynar-y-pritty-intervenciones-artisticas-para-avalar-al-barrio","status":"publish","type":"post","link":"http:\/\/nuevacordoba.net\/index.php\/2021\/05\/13\/alianza-entre-cynar-y-pritty-intervenciones-artisticas-para-avalar-al-barrio\/","title":{"rendered":"Alianza entre Cynar y Pritty (intervenciones art\u00edsticas \u201cpara avalar al barrio\u201d)"},"content":{"rendered":"<p><!-- image --><\/p>\n<div class=\"td-post-featured-image\"><a href=\"https:\/\/s3.us-west-2.amazonaws.com\/puntoapunto.com.ar\/wp-content\/uploads\/2021\/05\/13095457\/IVfdsGCQ-scaled.jpeg\" data-caption><img loading=\"lazy\" width=\"696\" height=\"522\" class=\"entry-thumb td-modal-image\" src=\"http:\/\/nuevacordoba.net\/wp-content\/uploads\/2021\/05\/alianza-entre-cynar-y-pritty-intervenciones-artisticas-para-avalar-al-barrio.jpg\" srcset=\"http:\/\/nuevacordoba.net\/wp-content\/uploads\/2021\/05\/alianza-entre-cynar-y-pritty-intervenciones-artisticas-para-avalar-al-barrio.jpg 696w, http:\/\/nuevacordoba.net\/wp-content\/uploads\/2021\/05\/alianza-entre-cynar-y-pritty-intervenciones-artisticas-para-avalar-al-barrio-4.jpg 300w, http:\/\/nuevacordoba.net\/wp-content\/uploads\/2021\/05\/alianza-entre-cynar-y-pritty-intervenciones-artisticas-para-avalar-al-barrio-5.jpg 1024w, http:\/\/nuevacordoba.net\/wp-content\/uploads\/2021\/05\/alianza-entre-cynar-y-pritty-intervenciones-artisticas-para-avalar-al-barrio-6.jpg 768w, http:\/\/nuevacordoba.net\/wp-content\/uploads\/2021\/05\/alianza-entre-cynar-y-pritty-intervenciones-artisticas-para-avalar-al-barrio-7.jpg 1536w, http:\/\/nuevacordoba.net\/wp-content\/uploads\/2021\/05\/alianza-entre-cynar-y-pritty-intervenciones-artisticas-para-avalar-al-barrio-8.jpg 2048w, http:\/\/nuevacordoba.net\/wp-content\/uploads\/2021\/05\/alianza-entre-cynar-y-pritty-intervenciones-artisticas-para-avalar-al-barrio-9.jpg 150w, http:\/\/nuevacordoba.net\/wp-content\/uploads\/2021\/05\/alianza-entre-cynar-y-pritty-intervenciones-artisticas-para-avalar-al-barrio-10.jpg 1068w, http:\/\/nuevacordoba.net\/wp-content\/uploads\/2021\/05\/alianza-entre-cynar-y-pritty-intervenciones-artisticas-para-avalar-al-barrio-11.jpg 560w, http:\/\/nuevacordoba.net\/wp-content\/uploads\/2021\/05\/alianza-entre-cynar-y-pritty-intervenciones-artisticas-para-avalar-al-barrio-12.jpg 80w, http:\/\/nuevacordoba.net\/wp-content\/uploads\/2021\/05\/alianza-entre-cynar-y-pritty-intervenciones-artisticas-para-avalar-al-barrio-13.jpg 265w\" sizes=\"(max-width: 696px) 100vw, 696px\" alt title=\"IVfdsGCQ\"><\/a><\/div>\n<p> <!-- content --><\/p>\n<div class=\"td-a-rec td-a-rec-id-content_top tdi_73_1ce td_block_template_10\">\n<div class=\"g g-34\">\n<div class=\"g-single a-299\"><a class=\"gofollow\" data-track=\"Mjk5LDM0LDEsNjA=\" href=\"http:\/\/www.grupocanter.com.ar\/landing\/blanqueo\/pap\/?utm_source=Punto%20a%20Punto&amp;utm_medium=Banners&amp;utm_campaign=Blanqueo&amp;utm_term=950x187\"><img src=\"http:\/\/nuevacordoba.net\/wp-content\/uploads\/2021\/05\/alianza-entre-cynar-y-pritty-intervenciones-artisticas-para-avalar-al-barrio.gif\"><\/a><\/div>\n<\/div>\n<\/div>\n<p>Producto de su alianza, <strong>Cynar y Pritty seleccionaron 5 despensas<\/strong> de barrios emblem\u00e1ticos de la Ciudad de <a href=\"https:\/\/puntoapunto.com.ar\/tag\/cordoba\/\" class=\"st_tag internal_tag\" rel=\"tag\" title=\"Posts tagged with c\u00f3rdoba\">C\u00f3rdoba<\/a>, comercios que son punto de encuentro entre vecinos y amigos y forman parte de la idiosincrasia del barrio. <strong>Renovaron las marquesinas de estos comercios de cercan\u00eda<\/strong>, tan impactados por la crisis econ\u00f3mica, a trav\u00e9s de la intervenci\u00f3n de artistas cordobeses.<\/p>\n<p>Hugo, Edith, Peta, Cecilia y Tom\u00e1s, Eva; son las historias de vida detr\u00e1s de estas despensas<br \/>emblem\u00e1ticas.<\/p>\n<p>Cynar es una marca que propone a sus consumidores \u201cpensar\u201d. El territorio de la marca es el arte emergente, y en esta alianza con la ic\u00f3nica marca cordobesa Pritty Lim\u00f3n, trasciende la expresi\u00f3n art\u00edstica para posicionarse como un agente cultural activo con impacto directo en la vida comunitaria.<\/p>\n<p>El apoyo colaborativo a los comercios de barrio de la ciudad de C\u00f3rdoba rescata la importancia del comercio de cercan\u00eda, y a trav\u00e9s de la alianza con Pritty, apunta a establecer un nexo profundo con el consumidor cordob\u00e9s, quien encuentra a su emblem\u00e1tica \u201cPritty Lim\u00f3n\u201d detr\u00e1s de cada mostrador de despensa desde hace m\u00e1s de <a href=\"https:\/\/puntoapunto.com.ar\/tag\/50\/\" class=\"st_tag internal_tag\" rel=\"tag\" title=\"Posts tagged with 50\">50<\/a> a\u00f1os.<\/p>\n<p><img loading=\"lazy\" class=\"alignnone wp-image-277607\" src=\"http:\/\/nuevacordoba.net\/wp-content\/uploads\/2021\/05\/alianza-entre-cynar-y-pritty-intervenciones-artisticas-para-avalar-al-barrio-1.jpg\" alt width=\"278\" height=\"371\" srcset=\"http:\/\/nuevacordoba.net\/wp-content\/uploads\/2021\/05\/alianza-entre-cynar-y-pritty-intervenciones-artisticas-para-avalar-al-barrio-1.jpg 225w, http:\/\/nuevacordoba.net\/wp-content\/uploads\/2021\/05\/alianza-entre-cynar-y-pritty-intervenciones-artisticas-para-avalar-al-barrio-14.jpg 768w, http:\/\/nuevacordoba.net\/wp-content\/uploads\/2021\/05\/alianza-entre-cynar-y-pritty-intervenciones-artisticas-para-avalar-al-barrio-15.jpg 1152w, http:\/\/nuevacordoba.net\/wp-content\/uploads\/2021\/05\/alianza-entre-cynar-y-pritty-intervenciones-artisticas-para-avalar-al-barrio-16.jpg 1536w, http:\/\/nuevacordoba.net\/wp-content\/uploads\/2021\/05\/alianza-entre-cynar-y-pritty-intervenciones-artisticas-para-avalar-al-barrio-17.jpg 150w, http:\/\/nuevacordoba.net\/wp-content\/uploads\/2021\/05\/alianza-entre-cynar-y-pritty-intervenciones-artisticas-para-avalar-al-barrio-18.jpg 696w, http:\/\/nuevacordoba.net\/wp-content\/uploads\/2021\/05\/alianza-entre-cynar-y-pritty-intervenciones-artisticas-para-avalar-al-barrio-19.jpg 1068w, http:\/\/nuevacordoba.net\/wp-content\/uploads\/2021\/05\/alianza-entre-cynar-y-pritty-intervenciones-artisticas-para-avalar-al-barrio-20.jpg 315w, http:\/\/nuevacordoba.net\/wp-content\/uploads\/2021\/05\/alianza-entre-cynar-y-pritty-intervenciones-artisticas-para-avalar-al-barrio-21.jpg 1920w\" sizes=\"(max-width: 278px) 100vw, 278px\"><img loading=\"lazy\" class=\"alignnone wp-image-277609\" src=\"http:\/\/nuevacordoba.net\/wp-content\/uploads\/2021\/05\/alianza-entre-cynar-y-pritty-intervenciones-artisticas-para-avalar-al-barrio-2.jpg\" alt width=\"276\" height=\"368\" srcset=\"http:\/\/nuevacordoba.net\/wp-content\/uploads\/2021\/05\/alianza-entre-cynar-y-pritty-intervenciones-artisticas-para-avalar-al-barrio-2.jpg 225w, http:\/\/nuevacordoba.net\/wp-content\/uploads\/2021\/05\/alianza-entre-cynar-y-pritty-intervenciones-artisticas-para-avalar-al-barrio-22.jpg 768w, http:\/\/nuevacordoba.net\/wp-content\/uploads\/2021\/05\/alianza-entre-cynar-y-pritty-intervenciones-artisticas-para-avalar-al-barrio-23.jpg 1152w, http:\/\/nuevacordoba.net\/wp-content\/uploads\/2021\/05\/alianza-entre-cynar-y-pritty-intervenciones-artisticas-para-avalar-al-barrio-24.jpg 1536w, http:\/\/nuevacordoba.net\/wp-content\/uploads\/2021\/05\/alianza-entre-cynar-y-pritty-intervenciones-artisticas-para-avalar-al-barrio-25.jpg 150w, http:\/\/nuevacordoba.net\/wp-content\/uploads\/2021\/05\/alianza-entre-cynar-y-pritty-intervenciones-artisticas-para-avalar-al-barrio-26.jpg 696w, http:\/\/nuevacordoba.net\/wp-content\/uploads\/2021\/05\/alianza-entre-cynar-y-pritty-intervenciones-artisticas-para-avalar-al-barrio-27.jpg 1068w, http:\/\/nuevacordoba.net\/wp-content\/uploads\/2021\/05\/alianza-entre-cynar-y-pritty-intervenciones-artisticas-para-avalar-al-barrio-28.jpg 315w, http:\/\/nuevacordoba.net\/wp-content\/uploads\/2021\/05\/alianza-entre-cynar-y-pritty-intervenciones-artisticas-para-avalar-al-barrio-29.jpg 1920w\" sizes=\"(max-width: 276px) 100vw, 276px\"><\/p>\n<p>La campa\u00f1a Cynar y Pritty Avalan al Barrio se basa en la selecci\u00f3n de 5 comercios locales<br \/>en barrios emblem\u00e1ticos de la ciudad de C\u00f3rdoba, que tienen una trayectoria de inserci\u00f3n<br \/>en la comunidad, ya sea por historia o por esp\u00edritu de supervivencia frente a la crisis<br \/>econ\u00f3mica generada por la pandemia y el aislamiento. Cynar y Pritty aportaron a esos<br \/>comercios la renovaci\u00f3n de sus marquesinas, dise\u00f1adas en cada caso, especialmente para<br \/>ellos, por un equipo interdisciplinario formado por artistas, dise\u00f1adores y arquitectos que<br \/>son referencia en C\u00f3rdoba y en el circuito cultural de la provincia.<\/p>\n<p>\u201cEl barrio es un pilar fundamental en la formaci\u00f3n cultural de una persona, define una<br \/>manera de entender el mundo para siempre. Los peque\u00f1os comercios, que son puntos de<br \/>encuentro de vecinos y amigos, forman parte de la idiosincrasia de un barrio. Y en la<br \/>situaci\u00f3n de aislamiento, estos peque\u00f1os comercios cobraron a\u00fan m\u00e1s fuerza porque<br \/>permit\u00edan a sus vecinos obtener sus productos de primera necesidad sin necesidad de<br \/>alejarse de sus hogares\u201d , preludia Mar\u00eda Carolina Gentile, Group Marketing Manager de<br \/>Campari Group, conglomerado de bebidas al cual pertenece la marca Cynar.<\/p>\n<p>\u201cSin embargo, y como muestran las estad\u00edsticas, estos comercios fueron muy impactados<br \/>por la crisis econ\u00f3mica y en muchos casos corren riesgo de desaparecer. Queremos estar<br \/>cerca de los que siempre estuvieron cerca. Para que nadie se quede sin los productos b\u00e1sicos, ni sin los caprichitos que nos ayudaron a pasar el encierro. D\u00eda tras d\u00eda, lo dieron y<br \/>lo est\u00e1n dando todo para que podamos comprar tranquilos. Sentimos que es momento de<br \/>recompensarlos\u201d, explica.<\/p>\n<p><img loading=\"lazy\" class=\"alignnone wp-image-277606\" src=\"http:\/\/nuevacordoba.net\/wp-content\/uploads\/2021\/05\/alianza-entre-cynar-y-pritty-intervenciones-artisticas-para-avalar-al-barrio-3.jpg\" alt width=\"430\" height=\"242\" srcset=\"http:\/\/nuevacordoba.net\/wp-content\/uploads\/2021\/05\/alianza-entre-cynar-y-pritty-intervenciones-artisticas-para-avalar-al-barrio-3.jpg 300w, http:\/\/nuevacordoba.net\/wp-content\/uploads\/2021\/05\/alianza-entre-cynar-y-pritty-intervenciones-artisticas-para-avalar-al-barrio-30.jpg 1024w, http:\/\/nuevacordoba.net\/wp-content\/uploads\/2021\/05\/alianza-entre-cynar-y-pritty-intervenciones-artisticas-para-avalar-al-barrio-31.jpg 768w, http:\/\/nuevacordoba.net\/wp-content\/uploads\/2021\/05\/alianza-entre-cynar-y-pritty-intervenciones-artisticas-para-avalar-al-barrio-32.jpg 1536w, http:\/\/nuevacordoba.net\/wp-content\/uploads\/2021\/05\/alianza-entre-cynar-y-pritty-intervenciones-artisticas-para-avalar-al-barrio-33.jpg 2048w, http:\/\/nuevacordoba.net\/wp-content\/uploads\/2021\/05\/alianza-entre-cynar-y-pritty-intervenciones-artisticas-para-avalar-al-barrio-34.jpg 150w, http:\/\/nuevacordoba.net\/wp-content\/uploads\/2021\/05\/alianza-entre-cynar-y-pritty-intervenciones-artisticas-para-avalar-al-barrio-35.jpg 696w, http:\/\/nuevacordoba.net\/wp-content\/uploads\/2021\/05\/alianza-entre-cynar-y-pritty-intervenciones-artisticas-para-avalar-al-barrio-36.jpg 1068w, http:\/\/nuevacordoba.net\/wp-content\/uploads\/2021\/05\/alianza-entre-cynar-y-pritty-intervenciones-artisticas-para-avalar-al-barrio-37.jpg 747w\" sizes=\"(max-width: 430px) 100vw, 430px\"><\/p>\n<p>Por eso, CYNAR junto a Pritty Lim\u00f3n seleccion\u00f3 a un grupo interdisciplinario de<br \/>cordobeses para <strong>intervenir la marquesina de algunos locales representativos en C\u00f3rdoba.<\/strong> El equipo est\u00e1 formado por Sof\u00eda Asan (arquitecta, @so.so.so.asan @studiopetra.ok), Guillermo Cacciavilliani (dise\u00f1ador, @guillermocaccia), Romina Alterman (dise\u00f1o gr\u00e1fico, @romina.alterman), Cho Bracamonte (artista, @chobracamonte), Alexo Juarex (storytelling, @alexojuarex), Hern\u00e1n Bravo (<a href=\"https:\/\/puntoapunto.com.ar\/tag\/produccion\/\" class=\"st_tag internal_tag\" rel=\"tag\" title=\"Posts tagged with producci\u00f3n\">producci\u00f3n<\/a> y explorador gastron\u00f3mico,<br \/>@elcondoronline) y Nicola (direcci\u00f3n de arte, @nicolacafe).<\/p>\n<p>\u2022 <strong>#CYNAR &amp; PRITTYAVALANALBARRIO<\/strong><br \/>Los comercios seleccionados son La Peta (ubicada en Barrio Cofico), Huguito (en el barrio<br \/>Alta C\u00f3rdoba, El Tri\u00e1ngulo (ubicado en la zona Norte del barrio Arg\u00fcello, Milagro<br \/>(despensa pandennial, en el barrio <a href=\"https:\/\/puntoapunto.com.ar\/tag\/alberdi\/\" class=\"st_tag internal_tag\" rel=\"tag\" title=\"Posts tagged with Alberdi\">Alberdi<\/a>) y Lo de Edith (en San Vicente).<\/p>\n<p>\u2022 <strong>ALIANZA CYNAR &amp; PRITTY:<\/strong><br \/>\u201cNos vinculamos con Pritty, una marca con una trayectoria tan particular e instaurada en el<br \/>imaginario popular cordob\u00e9s, porque creemos que ambas marcas convergen en el barrio<br \/>como lugar donde la irreverencia y lo tradicional pueden compartir mesa\u201d, explica Gentile.<br \/>Pritty es una marca l\u00edder con una fuerte presencia en C\u00f3rdoba desde hace m\u00e1s de 50 a\u00f1os, y atraviesa culturalmente a gente de todas las edades. Esta fuerte presencia se ve reflejada en su distribuci\u00f3n nacional: es una marca que llega a comercios de todos los tama\u00f1os, desde C\u00f3rdoba capital hasta los peque\u00f1os pueblos del interior. Es \u201cpatrimonio cultural\u201d en<br \/>C\u00f3rdoba.<\/p>\n<p>No tags for this post. <!-- A generated by theme --> <!-- end A --> <\/p>\n","protected":false},"excerpt":{"rendered":"<p>Producto de su alianza, Cynar y Pritty seleccionaron 5 despensas de barrios emblem\u00e1ticos de la Ciudad de C\u00f3rdoba, comercios que son punto de encuentro entre vecinos y amigos y forman parte de la idiosincrasia del barrio. Renovaron las marquesinas de estos comercios de cercan\u00eda, tan impactados por la crisis econ\u00f3mica, a trav\u00e9s de la intervenci\u00f3n [&hellip;]<\/p>\n","protected":false},"author":1,"featured_media":4431,"comment_status":"open","ping_status":"closed","sticky":false,"template":"","format":"standard","meta":[],"categories":[14],"tags":[],"_links":{"self":[{"href":"http:\/\/nuevacordoba.net\/index.php\/wp-json\/wp\/v2\/posts\/4430"}],"collection":[{"href":"http:\/\/nuevacordoba.net\/index.php\/wp-json\/wp\/v2\/posts"}],"about":[{"href":"http:\/\/nuevacordoba.net\/index.php\/wp-json\/wp\/v2\/types\/post"}],"author":[{"embeddable":true,"href":"http:\/\/nuevacordoba.net\/index.php\/wp-json\/wp\/v2\/users\/1"}],"replies":[{"embeddable":true,"href":"http:\/\/nuevacordoba.net\/index.php\/wp-json\/wp\/v2\/comments?post=4430"}],"version-history":[{"count":0,"href":"http:\/\/nuevacordoba.net\/index.php\/wp-json\/wp\/v2\/posts\/4430\/revisions"}],"wp:featuredmedia":[{"embeddable":true,"href":"http:\/\/nuevacordoba.net\/index.php\/wp-json\/wp\/v2\/media\/4431"}],"wp:attachment":[{"href":"http:\/\/nuevacordoba.net\/index.php\/wp-json\/wp\/v2\/media?parent=4430"}],"wp:term":[{"taxonomy":"category","embeddable":true,"href":"http:\/\/nuevacordoba.net\/index.php\/wp-json\/wp\/v2\/categories?post=4430"},{"taxonomy":"post_tag","embeddable":true,"href":"http:\/\/nuevacordoba.net\/index.php\/wp-json\/wp\/v2\/tags?post=4430"}],"curies":[{"name":"wp","href":"https:\/\/api.w.org\/{rel}","templated":true}]}}