{"id":44316,"date":"2024-06-09T21:42:54","date_gmt":"2024-06-09T21:42:54","guid":{"rendered":"https:\/\/www.ole.com.ar\/autos\/agustin-canapino-indycar-2024-hoy-will-power-road-america-theo-pourchaire-nolan-siegel_0_9HSlfUmR0l.html"},"modified":"2024-06-09T21:42:54","modified_gmt":"2024-06-09T21:42:54","slug":"respaldo-a-canapino-y-gano-la-carrera-del-indycar-en-road-america","status":"publish","type":"post","link":"http:\/\/nuevacordoba.net\/index.php\/2024\/06\/09\/respaldo-a-canapino-y-gano-la-carrera-del-indycar-en-road-america\/","title":{"rendered":"Respald\u00f3 a Canapino y gan\u00f3 la carrera del IndyCar en Road America"},"content":{"rendered":"<p><time class=\"createDate\" datetime=\"2024-06-09T18:42:54-03:00\">09\/06\/2024 18:42hs.<\/time><time class=\"modificatedDate\" datetime=\"2024-06-09T19:26:50-03:00\"> Actualizado al 09\/06\/2024 19:26hs.<\/time><\/p>\n<div id=\"storyBody\">\n<div class=\"custom-text \" readability=\"30.316483516484\">\n<p>Hace un d\u00eda, <strong><a href=\"https:\/\/www.ole.com.ar\/autos\/agustin-canapino-indycar-banca-will-power-incidente-pourchaire-road-america_0_OU5VnkVTLy.html\" target=\"_self\" title=\"Will Power fue noticia por haber salido a bancar a Agust\u00edn Canapino y al p\u00fablico argentino\" alt=\"Will Power fue noticia por haber salido a bancar a Agust\u00edn Canapino y al p\u00fablico argentino\" rel=\"noopener\">Will Power fue noticia por haber salido a bancar a Agust\u00edn Canapino y al p\u00fablico argentino<\/a><\/strong> luego de que el Tit\u00e1n se bajara de la carrera en Road America y de que el Juncos Hollinger Racing acusara \u00ababuso online y hostigamiento\u00bb contra el piloto, la escuadra y los seguidores. Este domingo, lo fue por quedarse con la victoria: <strong>el bicampe\u00f3n de IndyCar fue el mejor en Wisconsin y se subi\u00f3 a lo m\u00e1s alto del podio.<\/strong> Pu\u00f1ito albiceleste&#8230;<\/p>\n<\/div>\n<div class=\"custom-text \" readability=\"39\">\n<p>\u00bfSer\u00e1 que la buena onda que tuvo con el Tit\u00e1n le trajo suerte? Despu\u00e9s de todo, <strong>el australiano acumulaba \u00a1dos a\u00f1os! sin conseguir victorias<\/strong> (la \u00faltima fue en Detroit, en 2022) y en el mismo fin de semana en el que banc\u00f3 al argentino, la bandera a cuadros le sonri\u00f3. Para colmo, <strong>este triunfo le permiti\u00f3 saltar hacia la punta del campeonato.<\/strong><\/p>\n<\/div>\n<div class=\"sc-e7b891c4-0 jPbnQF\"><img alt=\"Will Power hab\u00eda respaldado a Canapino tras las cr\u00edticas. (AP)\" src=\"http:\/\/nuevacordoba.net\/wp-content\/uploads\/2024\/06\/respaldo-a-canapino-y-gano-la-carrera-del-indycar-en-road-america.jpg\" width=\"720\" height=\"100\" decoding=\"async\" data-nimg=\"future\" loading=\"lazy\"><span class=\"epigraphe\">Will Power hab\u00eda respaldado a Canapino tras las cr\u00edticas. (AP)<\/span><\/div>\n<p><h2><strong>La banca de Will Power para Canapino y los argentinos<\/strong><\/h2>\n<\/p>\n<div class=\"custom-text \" readability=\"37\">\n<p>\u00ab<strong>Los argentinos son muy apasionados por el deporte y por los pilotos de su pa\u00eds<\/strong>. Cualquiera de ellos que viene a la categor\u00eda, y les va bien, es muy importante para ellos\u00bb, hab\u00eda comentado Power tras la clasificaci\u00f3n.<\/p>\n<\/div>\n<div class=\"custom-text \" readability=\"36\">\n<p>Adem\u00e1s, el piloto del Team Penske dijo: \u00abSer\u00eda incre\u00edble ver c\u00f3mo estar\u00eda su pa\u00eds si Agust\u00edn gana las 500 Millas de Indian\u00e1polis.<strong> Probablemente hasta decretar\u00edan feriado. <\/strong>Eso ser\u00eda genial. Creo que es muy bueno que tengamos una categor\u00eda tan diversa. Esa es una de las razones por las que IndyCar es lo que es\u00bb.<\/p>\n<\/div>\n<div class=\"sc-e7b891c4-0 jPbnQF\"><img alt=\"Will Power es bicampe\u00f3n de IndyCar. (AP)\" src=\"http:\/\/nuevacordoba.net\/wp-content\/uploads\/2024\/06\/respaldo-a-canapino-y-gano-la-carrera-del-indycar-en-road-america-1.jpg\" width=\"720\" height=\"100\" decoding=\"async\" data-nimg=\"future\" loading=\"lazy\"><span class=\"epigraphe\">Will Power es bicampe\u00f3n de IndyCar. (AP)<\/span><\/div>\n<div class=\"custom-text \" readability=\"39\">\n<p>Como paralelismo al l\u00edo entre <strong>Theo Pourchaire y Agust\u00edn Canapino<\/strong>, el bicampe\u00f3n record\u00f3 un incidente similar con el colombiano Juan Pablo Montoya. \u00abTuve un accidente con \u00e9l una vez y luego de eso me llegaron algunos posteos interesantes en mis redes. <strong>Pero las diferentes culturas tienen diferentes reacciones con sus h\u00e9roes deportivos.<\/strong> \u00bfC\u00f3mo lo solucionamos? Esa noche fuimos a comer y subimos una foto juntos a Twitter. As\u00ed que la gente dijo &#8216;ah, est\u00e1 bien, ya se amigaron&#8217; y qued\u00f3 ah\u00ed\u00bb, cerr\u00f3 en charla con Motorsport.<\/p>\n<\/div>\n<p><h2><strong>C\u00f3mo le fue al reemplazante de Canapino en Road America<\/strong><\/h2>\n<\/p>\n<div class=\"custom-text \" readability=\"42\">\n<p>Para esta carrera, que termin\u00f3 con Will Power, Josef Newgarden y Scott McLaughlin descorchando en el podio, <strong>el reemplazante del Tit\u00e1n fue el inexperto Nolan Siegel<\/strong>, un pibe de 19 a\u00f1os que compite en el Indy NXT (el escal\u00f3n previo a la m\u00e1xima divisional). Peleando con los m\u00e1s grandecitos, el yanqui no tuvo un gran desempe\u00f1o: <strong>perdi\u00f3 dos posiciones con respecto a su lugar de partida, la 21\u00aa ubicaci\u00f3n, y concluy\u00f3 la carrera en el 23\u00b0 puesto.<\/strong><\/p>\n<\/div>\n<div class=\"sc-e7b891c4-0 jPbnQF\"><img alt=\"El comunicado de la baja de Canapino se dio en pleno fin de semana. El Tit\u00e1n lleg\u00f3 a firmar aut\u00f3grafos en Road America. \" src=\"http:\/\/nuevacordoba.net\/wp-content\/uploads\/2024\/06\/respaldo-a-canapino-y-gano-la-carrera-del-indycar-en-road-america-2.jpg\" width=\"720\" height=\"100\" decoding=\"async\" data-nimg=\"future\" loading=\"lazy\"><span class=\"epigraphe\">El comunicado de la baja de Canapino se dio en pleno fin de semana. El Tit\u00e1n lleg\u00f3 a firmar aut\u00f3grafos en Road America.<br \/>\n<\/span><\/div>\n<div class=\"sc-a7166897-0 exHLBh\" readability=\"6\">\n<section readability=\"2\"><picture><img alt=\"La impresionante banca de Will Power a Canapino\" src=\"http:\/\/nuevacordoba.net\/wp-content\/uploads\/2024\/06\/respaldo-a-canapino-y-gano-la-carrera-del-indycar-en-road-america-3.jpg\" width=\"290\" height=\"290\" decoding=\"async\" data-nimg=\"future\" loading=\"lazy\"><\/picture>\n<p><span>Mir\u00e1 tambi\u00e9n<\/span><\/p>\n<hr>\n<h3>La impresionante banca de Will Power a Canapino<\/h3>\n<\/p>\n<\/section>\n<\/div>\n<div class=\"sc-a7166897-0 exHLBh\" readability=\"6.5\">\n<section readability=\"3\"><picture><img alt=\"Qu\u00e9 dijo Theo Pourchaire despu\u00e9s de que se confirmara la baja de Canapino en Road America\" src=\"http:\/\/nuevacordoba.net\/wp-content\/uploads\/2024\/06\/respaldo-a-canapino-y-gano-la-carrera-del-indycar-en-road-america-4.jpg\" width=\"290\" height=\"290\" decoding=\"async\" data-nimg=\"future\" loading=\"lazy\"><\/picture>\n<p><span>Mir\u00e1 tambi\u00e9n<\/span><\/p>\n<hr>\n<h3>Qu\u00e9 dijo Theo Pourchaire despu\u00e9s de que se confirmara la baja de Canapino en Road America<\/h3>\n<\/p>\n<\/section>\n<\/div>\n<div class=\"sc-a7166897-0 exHLBh\" readability=\"6.5\">\n<section readability=\"3\"><picture><img alt=\"Ricciardo, dur\u00edsimo con Jacques Villeneuve: &quot;Toda esa gente se puede ir a la mierda&quot;\" src=\"http:\/\/nuevacordoba.net\/wp-content\/uploads\/2024\/06\/respaldo-a-canapino-y-gano-la-carrera-del-indycar-en-road-america-5.jpg\" width=\"290\" height=\"290\" decoding=\"async\" data-nimg=\"future\" loading=\"lazy\"><\/picture>\n<p><span>Mir\u00e1 tambi\u00e9n<\/span><\/p>\n<hr>\n<h3>Ricciardo, dur\u00edsimo con Jacques Villeneuve: \u00abToda esa gente se puede ir a la mierda\u00bb<\/h3>\n<\/p>\n<\/section>\n<\/div>\n<div class=\"sc-a7166897-0 exHLBh\" readability=\"6\">\n<section readability=\"2\"><picture><img alt=\"Ni Sainz ni Bottas: Mercedes ya eligi\u00f3 al reemplazante de Hamilton para 2025\" src=\"http:\/\/nuevacordoba.net\/wp-content\/uploads\/2024\/06\/respaldo-a-canapino-y-gano-la-carrera-del-indycar-en-road-america-6.jpg\" width=\"290\" height=\"290\" decoding=\"async\" data-nimg=\"future\" loading=\"lazy\"><\/picture>\n<p><span>Mir\u00e1 tambi\u00e9n<\/span><\/p>\n<hr>\n<h3>Ni Sainz ni Bottas: Mercedes ya eligi\u00f3 al reemplazante de Hamilton para 2025<\/h3>\n<\/p>\n<\/section>\n<\/div>\n<\/div>\n","protected":false},"excerpt":{"rendered":"<p>09\/06\/2024 18:42hs. Actualizado al 09\/06\/2024 19:26hs. Hace un d\u00eda, Will Power fue noticia por haber salido a bancar a Agust\u00edn Canapino y al p\u00fablico argentino luego de que el Tit\u00e1n se bajara de la carrera en Road America y de que el Juncos Hollinger Racing acusara \u00ababuso online y hostigamiento\u00bb contra el piloto, la escuadra [&hellip;]<\/p>\n","protected":false},"author":1,"featured_media":44317,"comment_status":"closed","ping_status":"closed","sticky":false,"template":"","format":"standard","meta":[],"categories":[10],"tags":[],"_links":{"self":[{"href":"http:\/\/nuevacordoba.net\/index.php\/wp-json\/wp\/v2\/posts\/44316"}],"collection":[{"href":"http:\/\/nuevacordoba.net\/index.php\/wp-json\/wp\/v2\/posts"}],"about":[{"href":"http:\/\/nuevacordoba.net\/index.php\/wp-json\/wp\/v2\/types\/post"}],"author":[{"embeddable":true,"href":"http:\/\/nuevacordoba.net\/index.php\/wp-json\/wp\/v2\/users\/1"}],"replies":[{"embeddable":true,"href":"http:\/\/nuevacordoba.net\/index.php\/wp-json\/wp\/v2\/comments?post=44316"}],"version-history":[{"count":0,"href":"http:\/\/nuevacordoba.net\/index.php\/wp-json\/wp\/v2\/posts\/44316\/revisions"}],"wp:featuredmedia":[{"embeddable":true,"href":"http:\/\/nuevacordoba.net\/index.php\/wp-json\/wp\/v2\/media\/44317"}],"wp:attachment":[{"href":"http:\/\/nuevacordoba.net\/index.php\/wp-json\/wp\/v2\/media?parent=44316"}],"wp:term":[{"taxonomy":"category","embeddable":true,"href":"http:\/\/nuevacordoba.net\/index.php\/wp-json\/wp\/v2\/categories?post=44316"},{"taxonomy":"post_tag","embeddable":true,"href":"http:\/\/nuevacordoba.net\/index.php\/wp-json\/wp\/v2\/tags?post=44316"}],"curies":[{"name":"wp","href":"https:\/\/api.w.org\/{rel}","templated":true}]}}