{"id":4432,"date":"2021-05-13T14:49:50","date_gmt":"2021-05-13T14:49:50","guid":{"rendered":"http:\/\/nuevacordoba.net\/index.php\/2021\/05\/13\/en-barcelona-cobra-fuerza-la-contratacion-del-kun-aguero\/"},"modified":"2021-05-13T14:49:50","modified_gmt":"2021-05-13T14:49:50","slug":"en-barcelona-cobra-fuerza-la-contratacion-del-kun-aguero","status":"publish","type":"post","link":"http:\/\/nuevacordoba.net\/index.php\/2021\/05\/13\/en-barcelona-cobra-fuerza-la-contratacion-del-kun-aguero\/","title":{"rendered":"En Barcelona cobra fuerza la contrataci\u00f3n del \u00abKun\u00bb Ag\u00fcero"},"content":{"rendered":"<div class=\"image\" id=\"image\" readability=\"7\"> <img src=\"http:\/\/nuevacordoba.net\/wp-content\/uploads\/2021\/05\/en-barcelona-cobra-fuerza-la-contratacion-del-kun-aguero.jpg\" alt=\"Ag\u00fcero est\u00e1 cerca de cumplir su sue\u00f1o de compartir club con Lionel Messi. \" title=\"Ag\u00fcero est\u00e1 cerca de cumplir su sue\u00f1o de compartir club con Lionel Messi. \"><\/p>\n<p>Ag\u00fcero est\u00e1 cerca de cumplir su sue\u00f1o de compartir club con Lionel Messi. <\/p>\n<\/div>\n<p>La llegada al Barcelona del delantero argentino Sergio \u00abKun\u00bb Ag\u00fcero, quien finaliza el 30 de junio su contrato con el Manchester City ingl\u00e9s, cobra cada d\u00eda \u00abm\u00e1s fuerza\u00bb y seg\u00fan la prensa catalana <strong>el entorno del jugador hizo saber al club la voluntad del goleador de tener la posibilidad de jugar al lado de Lionel Messi en la pr\u00f3xima temporada.<\/strong><\/p>\n<p>\u00abEl Barcelona lleva semanas trabajando en el proyecto para la temporada 2021-22 y tiene especial atenci\u00f3n en reforzar la delantera para aumentar la capacidad goleadora con al menos un delantero centro.<strong> El club lleva tiempo analizando las opciones que hay en el mercado y el primer apuntado es el argentino Sergio \u00abKun\u00bb Ag\u00fcero\u00bb<\/strong>, public\u00f3 en su portada el peri\u00f3dico catal\u00e1n Mundo Deportivo.<\/p>\n<p><strong>Ag\u00fcero, quien cumplir\u00e1 33 a\u00f1os el 2 de junio, \u00abest\u00e1 loco por recalar en el Bar\u00e7a despu\u00e9s de 10 temporadas en el City, donde llego procedente del Atl\u00e9tico de Madrid en 2011 <\/strong>convirti\u00e9ndose en una aut\u00e9ntica leyenda anotando 258 goles en 388 partidos oficiales\u00bb, destac\u00f3 Mundo Deportivo.<\/p>\n<p>Adem\u00e1s de las condiciones naturales del \u00abKun\u00bb Ag\u00fcero, el Barcelona est\u00e1 seducido tambi\u00e9n porque se trata de uno de los mejores amigos de Lionel Messi y la nueva directiva del club toma muy en cuenta esta situaci\u00f3n, de manera que su llegada podr\u00eda concretarse. <\/p>\n","protected":false},"excerpt":{"rendered":"<p>Ag\u00fcero est\u00e1 cerca de cumplir su sue\u00f1o de compartir club con Lionel Messi. La llegada al Barcelona del delantero argentino Sergio \u00abKun\u00bb Ag\u00fcero, quien finaliza el 30 de junio su contrato con el Manchester City ingl\u00e9s, cobra cada d\u00eda \u00abm\u00e1s fuerza\u00bb y seg\u00fan la prensa catalana el entorno del jugador hizo saber al club la [&hellip;]<\/p>\n","protected":false},"author":1,"featured_media":4433,"comment_status":"closed","ping_status":"closed","sticky":false,"template":"","format":"standard","meta":[],"categories":[10],"tags":[],"_links":{"self":[{"href":"http:\/\/nuevacordoba.net\/index.php\/wp-json\/wp\/v2\/posts\/4432"}],"collection":[{"href":"http:\/\/nuevacordoba.net\/index.php\/wp-json\/wp\/v2\/posts"}],"about":[{"href":"http:\/\/nuevacordoba.net\/index.php\/wp-json\/wp\/v2\/types\/post"}],"author":[{"embeddable":true,"href":"http:\/\/nuevacordoba.net\/index.php\/wp-json\/wp\/v2\/users\/1"}],"replies":[{"embeddable":true,"href":"http:\/\/nuevacordoba.net\/index.php\/wp-json\/wp\/v2\/comments?post=4432"}],"version-history":[{"count":0,"href":"http:\/\/nuevacordoba.net\/index.php\/wp-json\/wp\/v2\/posts\/4432\/revisions"}],"wp:featuredmedia":[{"embeddable":true,"href":"http:\/\/nuevacordoba.net\/index.php\/wp-json\/wp\/v2\/media\/4433"}],"wp:attachment":[{"href":"http:\/\/nuevacordoba.net\/index.php\/wp-json\/wp\/v2\/media?parent=4432"}],"wp:term":[{"taxonomy":"category","embeddable":true,"href":"http:\/\/nuevacordoba.net\/index.php\/wp-json\/wp\/v2\/categories?post=4432"},{"taxonomy":"post_tag","embeddable":true,"href":"http:\/\/nuevacordoba.net\/index.php\/wp-json\/wp\/v2\/tags?post=4432"}],"curies":[{"name":"wp","href":"https:\/\/api.w.org\/{rel}","templated":true}]}}