{"id":44614,"date":"2024-06-17T11:22:10","date_gmt":"2024-06-17T11:22:10","guid":{"rendered":"https:\/\/cordoba.gob.ar\/?p=58700"},"modified":"2024-06-17T11:22:10","modified_gmt":"2024-06-17T11:22:10","slug":"se-realizo-entrega-de-equipamiento-para-reforzar-el-programa-de-cine-movil-en-los-barrios","status":"publish","type":"post","link":"http:\/\/nuevacordoba.net\/index.php\/2024\/06\/17\/se-realizo-entrega-de-equipamiento-para-reforzar-el-programa-de-cine-movil-en-los-barrios\/","title":{"rendered":"Se realiz\u00f3 entrega de equipamiento para reforzar el programa de Cine M\u00f3vil en los barrios"},"content":{"rendered":"<div><img src=\"http:\/\/nuevacordoba.net\/wp-content\/uploads\/2024\/06\/se-realizo-entrega-de-equipamiento-para-reforzar-el-programa-de-cine-movil-en-los-barrios.jpg\" class=\"ff-og-image-inserted\"><\/div>\n<ul>\n<li><strong>Los CPC se preparan para impulsar la propuesta durante las vacaciones de invierno.<\/strong><\/li>\n<\/ul>\n<hr>\n<p>La Municipalidad de C\u00f3rdoba realiz\u00f3 una entrega de equipos de proyecci\u00f3n de im\u00e1genes para impulsar el programa Cine M\u00f3vil antes de las vacaciones de julio, por el que se presentar\u00e1n distintas pel\u00edculas en los barrios de la ciudad.<\/p>\n<p>Es una oportunidad de acercar el entretenimiento a los espacios comunes de los vecinos, cerca de sus casas, especialmente para el disfrute de los m\u00e1s peque\u00f1os.<\/p>\n<p>Cada CPC organiza ciclos de cine en lugares como polideportivos sociales, centros vecinales y parques educativos, centros de congregaci\u00f3n con entrada gratuita.<\/p>\n<p><em>\u201cEste es el futuro de los CPC. No un espacio para hacer tr\u00e1mites, sino que sea un espacio comunitario, deportivo y cultural. Esta entrega es un s\u00edmbolo, un gesto, que tiene que ver con el desarrollo cultural mediante la participaci\u00f3n ciudadana\u201d<\/em>, asegur\u00f3 el secretario de Participaci\u00f3n Ciudadana y Juventud, Juan Domingo Viola.<\/p>\n<p><em>\u201cHoy, que est\u00e1 en debate el rol de la cultura y de los centros culturales, en los CPC se hace mucha cultura. Y la idea es hacer m\u00e1s, que estos lugares irradien cultura\u201d<\/em>, sentenci\u00f3.<\/p>\n<p>Tambi\u00e9n se entregaron pies de proyectores y pantallas, para que cada Centro de Participaci\u00f3n Comunal cuente con los insumos necesarios para que el programa llegue a cada rinc\u00f3n de la ciudad.<\/p>\n","protected":false},"excerpt":{"rendered":"<p>Los CPC se preparan para impulsar la propuesta durante las vacaciones de invierno. La Municipalidad de C\u00f3rdoba realiz\u00f3 una entrega de equipos de proyecci\u00f3n de im\u00e1genes para impulsar el programa Cine M\u00f3vil antes de las vacaciones de julio, por el que se presentar\u00e1n distintas pel\u00edculas en los barrios de la ciudad. Es una oportunidad de [&hellip;]<\/p>\n","protected":false},"author":1,"featured_media":44615,"comment_status":"closed","ping_status":"closed","sticky":false,"template":"","format":"standard","meta":[],"categories":[14],"tags":[],"_links":{"self":[{"href":"http:\/\/nuevacordoba.net\/index.php\/wp-json\/wp\/v2\/posts\/44614"}],"collection":[{"href":"http:\/\/nuevacordoba.net\/index.php\/wp-json\/wp\/v2\/posts"}],"about":[{"href":"http:\/\/nuevacordoba.net\/index.php\/wp-json\/wp\/v2\/types\/post"}],"author":[{"embeddable":true,"href":"http:\/\/nuevacordoba.net\/index.php\/wp-json\/wp\/v2\/users\/1"}],"replies":[{"embeddable":true,"href":"http:\/\/nuevacordoba.net\/index.php\/wp-json\/wp\/v2\/comments?post=44614"}],"version-history":[{"count":0,"href":"http:\/\/nuevacordoba.net\/index.php\/wp-json\/wp\/v2\/posts\/44614\/revisions"}],"wp:featuredmedia":[{"embeddable":true,"href":"http:\/\/nuevacordoba.net\/index.php\/wp-json\/wp\/v2\/media\/44615"}],"wp:attachment":[{"href":"http:\/\/nuevacordoba.net\/index.php\/wp-json\/wp\/v2\/media?parent=44614"}],"wp:term":[{"taxonomy":"category","embeddable":true,"href":"http:\/\/nuevacordoba.net\/index.php\/wp-json\/wp\/v2\/categories?post=44614"},{"taxonomy":"post_tag","embeddable":true,"href":"http:\/\/nuevacordoba.net\/index.php\/wp-json\/wp\/v2\/tags?post=44614"}],"curies":[{"name":"wp","href":"https:\/\/api.w.org\/{rel}","templated":true}]}}