{"id":44618,"date":"2024-06-16T20:54:25","date_gmt":"2024-06-16T20:54:25","guid":{"rendered":"https:\/\/www.ole.com.ar\/autos\/nolan-siegel-ganador-24-horas-mans-reemplazo-canapino-indycar_0_HUNyeXZ2pg.html"},"modified":"2024-06-16T20:54:25","modified_gmt":"2024-06-16T20:54:25","slug":"de-reemplazar-a-canapino-en-indycar-a-ganar-las-24-horas-de-le-mans","status":"publish","type":"post","link":"http:\/\/nuevacordoba.net\/index.php\/2024\/06\/16\/de-reemplazar-a-canapino-en-indycar-a-ganar-las-24-horas-de-le-mans\/","title":{"rendered":"De reemplazar a Canapino en IndyCar a ganar las 24 Horas de Le Mans"},"content":{"rendered":"<p><time class=\"createDate\" datetime=\"2024-06-16T17:54:25-03:00\">16\/06\/2024 17:54hs.<\/time><\/p>\n<div id=\"storyBody\">\n<div class=\"custom-text \" readability=\"31.126016260163\">\n<p>Vaya mes vivi\u00f3 <strong>Nolan Siegel <\/strong>en el automovilismo internacional. Con apenas 19 a\u00f1os y en su af\u00e1n por insertarse en las principales competencias del motor, vivi\u00f3 un salto cualitativo en muy poco tiempo, dado que pas\u00f3 de competir en la <strong>Indy NXT <\/strong>a participar en la \u00e9lite del mundo de los monoplazas. El estadounidense particip\u00f3 <strong><a href=\"https:\/\/www.ole.com.ar\/autos\/agustin-canapino-indycar-2024-hoy-road-america-nolan-siegel-reemplazante-theo-pourchaire-mclaren-juncos_0_GuBII0vpZg.html\" target=\"_blank\" title=\"en el GP de Detroit en la IndyCar por la ausencia de Agust\u00edn Canapino\" alt=\"en el GP de Detroit en la IndyCar por la ausencia de Agust\u00edn Canapino\" rel=\"noopener\">en el GP de Detroit en la IndyCar por la ausencia de Agust\u00edn Canapino<\/a><\/strong> y en las<strong><a href=\"https:\/\/www.ole.com.ar\/autos\/24-horas-mans-2024-posiciones-vivo-live-resultados-jose-maria-pechito-lopez-nicolas-varrone-wec_0_c8UH49J9Yw.html\" target=\"_blank\" title=\" 24 Horas de Le Mans\" alt=\" 24 Horas de Le Mans\" rel=\"noopener\">24 Horas de Le Mans<\/a><\/strong>, donde este domingo finaliz\u00f3 en la cima en la categor\u00eda LMP2.<\/p>\n<\/div>\n<div class=\"custom-text \" readability=\"43\">\n<p>Siegel, oriundo de Palo Alto, California, aprovech\u00f3 la invitaci\u00f3n del United Autosports Oreca para pilotar el auto #22 junto a <strong>Oliver Jarvis<\/strong> y <strong>Bijoy Garg<\/strong>. Y pese a los problemas que se le presentaron en el recorrido (lluvia, banderas amarillas, cambios de pilotos, paradas en boxes, etc.), el tr\u00edo logr\u00f3 sostener la ventaja tomada al comienzo y se anot\u00f3 el triunfo en al 92\u00aa edici\u00f3n de la m\u00edtica competencia francesa.<\/p>\n<\/div>\n<div class=\"sc-e7b891c4-0 jPbnQF\"><img alt=\"Nolan Siegel hab\u00eda reemplazado al Tit\u00e1n en Detroit. (AP)\" src=\"http:\/\/nuevacordoba.net\/wp-content\/uploads\/2024\/06\/de-reemplazar-a-canapino-en-indycar-a-ganar-las-24-horas-de-le-mans.jpg\" width=\"720\" height=\"100\" decoding=\"async\" data-nimg=\"future\" loading=\"lazy\"><span class=\"epigraphe\">Nolan Siegel hab\u00eda reemplazado al Tit\u00e1n en Detroit. (AP)<\/span><\/div>\n<div class=\"custom-text \" readability=\"34\">\n<p>Tanto la cuenta de la Indy NXT como la de la propia IndyCar le dedicaron un mensaje de felicitaci\u00f3n al estadounidense y sus fan\u00e1ticos no tardaron en responderle: gran parte de ellos pidi\u00f3 por su continuidad en la principal categor\u00eda yanqui y hasta alguno se acord\u00f3 de Canapino.<\/p>\n<\/div>\n<p><h2><strong>El argentino que corri\u00f3 en la categor\u00eda de Siegel<\/strong><\/h2>\n<\/p>\n<div class=\"custom-text \" readability=\"43\">\n<p>Adem\u00e1s de la participaci\u00f3n de<strong> Pechito L\u00f3pez <\/strong>en la rama principal de los Hypercars, hubo otro argentino que corri\u00f3 en las 24 Horas de Le Mans, y que ten\u00eda experiencia gan\u00e1ndolas (en 2023, a bordo de un Chevrolet Corvette de la categor\u00eda LMGTE Am): <strong>Nicol\u00e1s Varrone<\/strong>. Arriba de un Oreca 07 Gibson, lleg\u00f3 a liderar la segunda l\u00ednea, los LMP2, y termin\u00f3 en la cuarta posici\u00f3n, aunque se impuso en la especialidad P\/AM. Algo destacable es que tanto L\u00f3pez como \u00e9l vieron la bandera a cuadros, ya que fueron ellos los que condujeron en el \u00faltimo stint.<\/p>\n<\/div>\n<div class=\"sc-a7166897-0 exHLBh\" readability=\"6.5\">\n<section readability=\"3\"><picture><img alt=\"Los resultados de las 24 Horas de Le Mans: qui\u00e9n gan\u00f3 y c\u00f3mo salieron Pechito L\u00f3pez y Varrone\" src=\"http:\/\/nuevacordoba.net\/wp-content\/uploads\/2024\/06\/de-reemplazar-a-canapino-en-indycar-a-ganar-las-24-horas-de-le-mans-1.jpg\" width=\"290\" height=\"290\" decoding=\"async\" data-nimg=\"future\" loading=\"lazy\"><\/picture>\n<p><span>Mir\u00e1 tambi\u00e9n<\/span><\/p>\n<hr>\n<h3>Los resultados de las 24 Horas de Le Mans: qui\u00e9n gan\u00f3 y c\u00f3mo salieron Pechito L\u00f3pez y Varrone<\/h3>\n<\/p>\n<\/section>\n<\/div>\n<div class=\"sc-a7166897-0 exHLBh\" readability=\"6\">\n<section readability=\"2\"><picture><img alt=\"A lo Traverso: corri\u00f3 en tres ruedas en las 24 Horas de Le Mans\" src=\"http:\/\/nuevacordoba.net\/wp-content\/uploads\/2024\/06\/de-reemplazar-a-canapino-en-indycar-a-ganar-las-24-horas-de-le-mans-2.jpg\" width=\"290\" height=\"290\" decoding=\"async\" data-nimg=\"future\" loading=\"lazy\"><\/picture>\n<p><span>Mir\u00e1 tambi\u00e9n<\/span><\/p>\n<hr>\n<h3>A lo Traverso: corri\u00f3 en tres ruedas en las 24 Horas de Le Mans<\/h3>\n<\/p>\n<\/section>\n<\/div>\n<\/div>\n","protected":false},"excerpt":{"rendered":"<p>16\/06\/2024 17:54hs. Vaya mes vivi\u00f3 Nolan Siegel en el automovilismo internacional. Con apenas 19 a\u00f1os y en su af\u00e1n por insertarse en las principales competencias del motor, vivi\u00f3 un salto cualitativo en muy poco tiempo, dado que pas\u00f3 de competir en la Indy NXT a participar en la \u00e9lite del mundo de los monoplazas. El [&hellip;]<\/p>\n","protected":false},"author":1,"featured_media":44619,"comment_status":"closed","ping_status":"closed","sticky":false,"template":"","format":"standard","meta":[],"categories":[10],"tags":[],"_links":{"self":[{"href":"http:\/\/nuevacordoba.net\/index.php\/wp-json\/wp\/v2\/posts\/44618"}],"collection":[{"href":"http:\/\/nuevacordoba.net\/index.php\/wp-json\/wp\/v2\/posts"}],"about":[{"href":"http:\/\/nuevacordoba.net\/index.php\/wp-json\/wp\/v2\/types\/post"}],"author":[{"embeddable":true,"href":"http:\/\/nuevacordoba.net\/index.php\/wp-json\/wp\/v2\/users\/1"}],"replies":[{"embeddable":true,"href":"http:\/\/nuevacordoba.net\/index.php\/wp-json\/wp\/v2\/comments?post=44618"}],"version-history":[{"count":0,"href":"http:\/\/nuevacordoba.net\/index.php\/wp-json\/wp\/v2\/posts\/44618\/revisions"}],"wp:featuredmedia":[{"embeddable":true,"href":"http:\/\/nuevacordoba.net\/index.php\/wp-json\/wp\/v2\/media\/44619"}],"wp:attachment":[{"href":"http:\/\/nuevacordoba.net\/index.php\/wp-json\/wp\/v2\/media?parent=44618"}],"wp:term":[{"taxonomy":"category","embeddable":true,"href":"http:\/\/nuevacordoba.net\/index.php\/wp-json\/wp\/v2\/categories?post=44618"},{"taxonomy":"post_tag","embeddable":true,"href":"http:\/\/nuevacordoba.net\/index.php\/wp-json\/wp\/v2\/tags?post=44618"}],"curies":[{"name":"wp","href":"https:\/\/api.w.org\/{rel}","templated":true}]}}