{"id":44620,"date":"2024-06-16T22:17:09","date_gmt":"2024-06-16T22:17:09","guid":{"rendered":"https:\/\/www.ole.com.ar\/futbol-ascenso\/ascenso_0_q1FyZBuLWZ.html"},"modified":"2024-06-16T22:17:09","modified_gmt":"2024-06-16T22:17:09","slug":"con-boca-en-la-mira-almirante-sumo-tres-refuerzos","status":"publish","type":"post","link":"http:\/\/nuevacordoba.net\/index.php\/2024\/06\/16\/con-boca-en-la-mira-almirante-sumo-tres-refuerzos\/","title":{"rendered":"Con Boca en la mira, Almirante sum\u00f3 tres refuerzos"},"content":{"rendered":"<p><time class=\"createDate\" datetime=\"2024-06-16T19:17:09-03:00\">16\/06\/2024 19:17hs.<\/time><\/p>\n<div id=\"storyBody\">\n<div class=\"custom-text \" readability=\"32.84496124031\">\n<p><strong><a href=\"https:\/\/www.ole.com.ar\/tema\/almirante-brown.html\" title=\"Almirante Brown\" alt=\"Almirante Brown\" class=\"slug\">Almirante Brown<\/a> sabe que debe enderezar el rumbo si desea mantenerse en la <a href=\"https:\/\/www.ole.com.ar\/tema\/primera-nacional.html\" title=\"Primera Nacional\" alt=\"Primera Nacional\" class=\"slug\">Primera Nacional<\/a>. <\/strong>Luego de un 2023 en el que lleg\u00f3 a la final\u00edsima de la categor\u00eda y estuvo a un pasito de subir a la <a href=\"https:\/\/www.ole.com.ar\/tema\/liga-profesional.html\" title=\"Liga Profesional\" alt=\"Liga Profesional\" class=\"slug\">Liga Profesional<\/a> (perdi\u00f3 con <a href=\"https:\/\/www.ole.com.ar\/tema\/independiente-rivadavia.html\" title=\"Independiente Rivadavia\" alt=\"Independiente Rivadavia\" class=\"slug\">Independiente Rivadavia<\/a>), el equipo se desmembr\u00f3 y sinti\u00f3 el impacto. Tuvo un primer semestre para el olvido, ya se fueron dos entrenadores y est\u00e1 muy cerca de los puestos de promoci\u00f3n. Por eso,<strong> la dirigencia se movi\u00f3 r\u00e1pido en el mercado de pases y ya tiene tres de los cuatro cupos.<\/strong><\/p>\n<\/div>\n<div class=\"sc-e7b891c4-0 jPbnQF\"><img alt=\"El Pata Ib\u00e1\u00f1ez viene de San Mart\u00edn de Tucum\u00e1n y firm\u00f3 hasta 2025. (Foto: Prensa Almirante)\" src=\"http:\/\/nuevacordoba.net\/wp-content\/uploads\/2024\/06\/con-boca-en-la-mira-almirante-sumo-tres-refuerzos.jpg\" width=\"720\" height=\"100\" decoding=\"async\" data-nimg=\"future\" loading=\"lazy\"><span class=\"epigraphe\">El Pata Ib\u00e1\u00f1ez viene de San Mart\u00edn de Tucum\u00e1n y firm\u00f3 hasta 2025. (Foto: Prensa Almirante)<\/span><\/div>\n<div class=\"custom-text \" readability=\"39.250909090909\">\n<p>La Fragata comenz\u00f3 la temporada con Luigi Villalba en el banco de suplentes, luego fue el turno de Rodrigo Alonso y, tras las flojas campa\u00f1as, <strong><a href=\"https:\/\/www.ole.com.ar\/tema\/daniel-bazan-vera.html\" title=\"Daniel Baz\u00e1n Vera\" alt=\"Daniel Baz\u00e1n Vera\" class=\"slug\">Daniel Baz\u00e1n Vera<\/a> puso en riesgo su idolatr\u00eda.<\/strong> El Indio retorn\u00f3 a Isidro Casanova, en este caso del otro lado de la l\u00ednea de cal, y el plantel mostr\u00f3 una leve mejor\u00eda: avanz\u00f3 de ronda en la <strong><a href=\"https:\/\/www.ole.com.ar\/tema\/copa-argentina.html\" title=\"Copa Argentina\" alt=\"Copa Argentina\" class=\"slug\">Copa Argentina<\/a>, competici\u00f3n en la que se enfrentar\u00e1 este mi\u00e9rcoles a <a href=\"https:\/\/www.ole.com.ar\/tema\/boca-juniors.html\" title=\"Boca Juniors\" alt=\"Boca Juniors\" class=\"slug\">Boca<\/a> en el Malvinas Argentinas de Mendoza<\/strong>, y sum\u00f3 buenos puntos antes del breve receso para tomar un poco de aire en la lucha de abajo.<\/p>\n<\/div>\n<div class=\"custom-text \" readability=\"36.96\">\n<p>Consciente de la necesidad de mejorar en el aspecto ofensivo, ya que convirti\u00f3 apenas diez goles en 19 fechas, siendo el segundo club con menos tantos a favor (s\u00f3lo superado por <a href=\"https:\/\/www.ole.com.ar\/tema\/brown-de-adrogue.html\" title=\"Brown de Adrogu\u00e9\" alt=\"Brown de Adrogu\u00e9\" class=\"slug\">Brown de Adrogu\u00e9<\/a>), los directivos se concentraron en reforzar ese sector. <strong>\u00bfLos elegidos? Joaqu\u00edn Ib\u00e1\u00f1ez, Samuel Portillo y Ram\u00f3n Gonz\u00e1lez.<\/strong><\/p>\n<\/div>\n<div class=\"sc-e7b891c4-0 jPbnQF\"><img alt=\"Samuel Portillo, de \u00faltimo paso por Riestra, tambi\u00e9n puso el gancho hasta 2025. (Foto: Prensa Almirante)\" src=\"http:\/\/nuevacordoba.net\/wp-content\/uploads\/2024\/06\/con-boca-en-la-mira-almirante-sumo-tres-refuerzos-1.jpg\" width=\"720\" height=\"100\" decoding=\"async\" data-nimg=\"future\" loading=\"lazy\"><span class=\"epigraphe\">Samuel Portillo, de \u00faltimo paso por Riestra, tambi\u00e9n puso el gancho hasta 2025. (Foto: Prensa Almirante)<\/span><\/div>\n<div class=\"custom-text \" readability=\"36.963076923077\">\n<p>Por un lado, <strong>el Pata, de 27 a\u00f1os, es volante ofensivo y firm\u00f3 hasta diciembre de 2025 tras rescindir su contrato en <a href=\"https:\/\/www.ole.com.ar\/tema\/san-martin-tucuman.html\" title=\"San Mart\u00edn Tucum\u00e1n\" alt=\"San Mart\u00edn Tucum\u00e1n\" class=\"slug\">San Mart\u00edn de Tucum\u00e1n<\/a><\/strong>, donde no tuvo mucho rodaje en esta temporada. De inferiores en Lan\u00fas y con paso en Arsenal y Col\u00f3n, el jugador tendr\u00e1 su segundo ciclo en <a href=\"https:\/\/www.ole.com.ar\/tema\/almirante-brown.html\" title=\"Almirante Brown\" alt=\"Almirante Brown\" class=\"slug\">Almirante<\/a>, donde jug\u00f3 entre 2018 y 2022.<\/p>\n<\/div>\n<div class=\"custom-text \" readability=\"36.895238095238\">\n<p>Por el otro, <strong>Gonz\u00e1lez y Portillo llegan desde <a href=\"https:\/\/www.ole.com.ar\/tema\/deportivo-riestra.html\" title=\"Deportivo Riestra\" alt=\"Deportivo Riestra\" class=\"slug\">Deportivo Riestra<\/a><\/strong>. Ambos supieron ascender con el Malevo y, ante la falta de rodaje en la LPF, optaron por volver al Ascenso y sumar minutos en La Fragata. Ram\u00f3n lleg\u00f3 a pr\u00e9stamo hasta fines de este 2024, mientras Samuel hizo lo propio pero hasta diciembre de 2025.<\/p>\n<\/div>\n<div class=\"sc-e7b891c4-0 jPbnQF\"><img alt=\"Ram\u00f3n Gonz\u00e1lez lleg\u00f3 a pr\u00e9stamo por seis meses. (Foto: Prensa Almirante)\" src=\"http:\/\/nuevacordoba.net\/wp-content\/uploads\/2024\/06\/con-boca-en-la-mira-almirante-sumo-tres-refuerzos-2.jpg\" width=\"720\" height=\"100\" decoding=\"async\" data-nimg=\"future\" loading=\"lazy\"><span class=\"epigraphe\">Ram\u00f3n Gonz\u00e1lez lleg\u00f3 a pr\u00e9stamo por seis meses. (Foto: Prensa Almirante)<\/span><\/div>\n<div class=\"sc-a7166897-0 exHLBh\" readability=\"6\">\n<section readability=\"2\"><picture><img alt=\"Bera volvi\u00f3 a la cima pero lo siguen de cerca\" src=\"http:\/\/nuevacordoba.net\/wp-content\/uploads\/2024\/06\/con-boca-en-la-mira-almirante-sumo-tres-refuerzos-3.jpg\" width=\"290\" height=\"290\" decoding=\"async\" data-nimg=\"future\" loading=\"lazy\"><\/picture>\n<p><span>Mir\u00e1 tambi\u00e9n<\/span><\/p>\n<hr>\n<h3>Bera volvi\u00f3 a la cima pero lo siguen de cerca<\/h3>\n<\/p>\n<\/section>\n<\/div>\n<div class=\"sc-a7166897-0 exHLBh\" readability=\"6.5\">\n<section readability=\"3\"><picture><img alt=\"Semana so\u00f1ada: Juan Manuel Cer\u00fandolo gan\u00f3 un challenger y dar\u00e1 un gran salto en el ranking\" src=\"http:\/\/nuevacordoba.net\/wp-content\/uploads\/2024\/06\/con-boca-en-la-mira-almirante-sumo-tres-refuerzos-4.jpg\" width=\"290\" height=\"290\" decoding=\"async\" data-nimg=\"future\" loading=\"lazy\"><\/picture>\n<p><span>Mir\u00e1 tambi\u00e9n<\/span><\/p>\n<hr>\n<h3>Semana so\u00f1ada: Juan Manuel Cer\u00fandolo gan\u00f3 un challenger y dar\u00e1 un gran salto en el ranking<\/h3>\n<\/p>\n<\/section>\n<\/div>\n<div class=\"sc-a7166897-0 exHLBh\" readability=\"7\">\n<section readability=\"4\"><picture><img alt=\"Eurocopa 2024: calendarios, resultados, posiciones y goleadores \" src=\"http:\/\/nuevacordoba.net\/wp-content\/uploads\/2024\/06\/con-boca-en-la-mira-almirante-sumo-tres-refuerzos-5.jpg\" width=\"290\" height=\"290\" decoding=\"async\" data-nimg=\"future\" loading=\"lazy\"><\/picture>\n<p><span>Mir\u00e1 tambi\u00e9n<\/span><\/p>\n<hr>\n<h3>Eurocopa 2024: calendarios, resultados, posiciones y goleadores <\/h3>\n<\/p>\n<\/section>\n<\/div>\n<div class=\"sc-a7166897-0 exHLBh\" readability=\"6\">\n<section readability=\"2\"><picture><img alt=\"Los Andes y Colegiales definen el Apertura de la Primera B\" src=\"http:\/\/nuevacordoba.net\/wp-content\/uploads\/2024\/06\/con-boca-en-la-mira-almirante-sumo-tres-refuerzos-6.jpg\" width=\"290\" height=\"290\" decoding=\"async\" data-nimg=\"future\" loading=\"lazy\"><\/picture>\n<p><span>Mir\u00e1 tambi\u00e9n<\/span><\/p>\n<hr>\n<h3>Los Andes y Colegiales definen el Apertura de la Primera B<\/h3>\n<\/p>\n<\/section>\n<\/div>\n<div class=\"sc-a7166897-0 exHLBh\" readability=\"6.5\">\n<section readability=\"3\"><picture><img alt=\"Coudet hizo debutar a un garoto de 16 a\u00f1os, pero el Inter perdi\u00f3 contra el \u00faltimo\" src=\"http:\/\/nuevacordoba.net\/wp-content\/uploads\/2024\/06\/con-boca-en-la-mira-almirante-sumo-tres-refuerzos-7.jpg\" width=\"290\" height=\"290\" decoding=\"async\" data-nimg=\"future\" loading=\"lazy\"><\/picture>\n<p><span>Mir\u00e1 tambi\u00e9n<\/span><\/p>\n<hr>\n<h3>Coudet hizo debutar a un garoto de 16 a\u00f1os, pero el Inter perdi\u00f3 contra el \u00faltimo<\/h3>\n<\/p>\n<\/section>\n<\/div>\n<\/div>\n","protected":false},"excerpt":{"rendered":"<p>16\/06\/2024 19:17hs. Almirante Brown sabe que debe enderezar el rumbo si desea mantenerse en la Primera Nacional. Luego de un 2023 en el que lleg\u00f3 a la final\u00edsima de la categor\u00eda y estuvo a un pasito de subir a la Liga Profesional (perdi\u00f3 con Independiente Rivadavia), el equipo se desmembr\u00f3 y sinti\u00f3 el impacto. Tuvo [&hellip;]<\/p>\n","protected":false},"author":1,"featured_media":44621,"comment_status":"closed","ping_status":"closed","sticky":false,"template":"","format":"standard","meta":[],"categories":[10],"tags":[],"_links":{"self":[{"href":"http:\/\/nuevacordoba.net\/index.php\/wp-json\/wp\/v2\/posts\/44620"}],"collection":[{"href":"http:\/\/nuevacordoba.net\/index.php\/wp-json\/wp\/v2\/posts"}],"about":[{"href":"http:\/\/nuevacordoba.net\/index.php\/wp-json\/wp\/v2\/types\/post"}],"author":[{"embeddable":true,"href":"http:\/\/nuevacordoba.net\/index.php\/wp-json\/wp\/v2\/users\/1"}],"replies":[{"embeddable":true,"href":"http:\/\/nuevacordoba.net\/index.php\/wp-json\/wp\/v2\/comments?post=44620"}],"version-history":[{"count":0,"href":"http:\/\/nuevacordoba.net\/index.php\/wp-json\/wp\/v2\/posts\/44620\/revisions"}],"wp:featuredmedia":[{"embeddable":true,"href":"http:\/\/nuevacordoba.net\/index.php\/wp-json\/wp\/v2\/media\/44621"}],"wp:attachment":[{"href":"http:\/\/nuevacordoba.net\/index.php\/wp-json\/wp\/v2\/media?parent=44620"}],"wp:term":[{"taxonomy":"category","embeddable":true,"href":"http:\/\/nuevacordoba.net\/index.php\/wp-json\/wp\/v2\/categories?post=44620"},{"taxonomy":"post_tag","embeddable":true,"href":"http:\/\/nuevacordoba.net\/index.php\/wp-json\/wp\/v2\/tags?post=44620"}],"curies":[{"name":"wp","href":"https:\/\/api.w.org\/{rel}","templated":true}]}}