{"id":44624,"date":"2024-06-17T13:45:22","date_gmt":"2024-06-17T13:45:22","guid":{"rendered":"https:\/\/prensa.cba.gov.ar\/?p=595779"},"modified":"2024-06-17T13:45:22","modified_gmt":"2024-06-17T13:45:22","slug":"inca-la-agente-canina-que-se-jubilo-de-las-fuerzas-penitenciarias-luego-de-8-anos-de-carrera","status":"publish","type":"post","link":"http:\/\/nuevacordoba.net\/index.php\/2024\/06\/17\/inca-la-agente-canina-que-se-jubilo-de-las-fuerzas-penitenciarias-luego-de-8-anos-de-carrera\/","title":{"rendered":"Inca: la agente canina que se jubil\u00f3 de las fuerzas penitenciarias luego de 8 a\u00f1os de carrera"},"content":{"rendered":"<ul class=\" eplus-wrapper eplus-styles-uid-b37b10\">\n<li class=\" eplus-wrapper\"><strong>Se trata de una perra de raza ovejero alem\u00e1n de 10 a\u00f1os, que se encargaba de tareas de detecci\u00f3n y b\u00fasqueda de sustancias prohibidas.<\/strong><\/li>\n<li class=\" eplus-wrapper\"><strong>En su retiro, pasar\u00e1 a vivir en la casa de su acompa\u00f1ante, el Ayudante de Primera, Rub\u00e9n Fern\u00e1ndez.<\/strong><\/li>\n<li class=\" eplus-wrapper\"><strong>Junto a ella, dos agentes caninos de la misma raza, pasaron a retiro luego de 7 y 8 a\u00f1os de servicio, respectivamente.<\/strong><\/li>\n<\/ul>\n<p class=\" eplus-wrapper\">El Servicio Penitenciario de C\u00f3rdoba despidi\u00f3 oficialmente a Inca, una perra de raza ovejero alem\u00e1n que se retira de sus funciones luego de 8 a\u00f1os de trabajo, para ir a vivir junto a su gu\u00eda, el ayudante de Primera, Rub\u00e9n Fern\u00e1ndez.<\/p>\n<p class=\" eplus-wrapper\">La perra, que form\u00f3 parte de la secci\u00f3n de canes del Grupo Especial Antinarc\u00f3ticos y Requisa (G.E.A.R) del Servicio Penitenciario de C\u00f3rdoba, se encargaba de buscar y detectar sustancias prohibidas y elementos electr\u00f3nicos no autorizados, para impedir que ingresaran a los distintos centros de detenci\u00f3n de la provincia.<\/p>\n<p class=\" eplus-wrapper\">El retiro se dio en el marco del D\u00eda del Agente Penitenciario y tambi\u00e9n el acto de asunci\u00f3n de la nueva jefa del Servicio Penitenciario, Carolina Ver\u00f3nica Funes.<\/p>\n<p class=\" eplus-wrapper\">Adem\u00e1s de Inca, se jubilaron dos agentes caninos de la misma raza que tambi\u00e9n pasar\u00e1n a vivir con sus respectivos acompa\u00f1antes.<\/p>\n<p class=\" eplus-wrapper\">En detalle, se trata de Milo, un macho que prest\u00f3 sus servicios de detecci\u00f3n por 7 a\u00f1os junto a su gu\u00eda, el Ayudante de Primera, Pablo Ismael C\u00f3rdoba.<\/p>\n<p class=\" eplus-wrapper\">A su vez, se retir\u00f3 Yusco, otro macho que sirvi\u00f3 como seguridad de intervenci\u00f3n ante conflictos por 8 a\u00f1os. Su compa\u00f1ero es el Ayudante de Segunda, Cristian Barrionuevo.<\/p>\n<figure class=\" wp-block-gallery has-nested-images columns-default is-cropped eplus-wrapper wp-block-gallery-1 is-layout-flex wp-block-gallery-is-layout-flex\">\n<figure class=\"wp-block-image size-large eplus-wrapper\"><a href=\"http:\/\/nuevacordoba.net\/wp-content\/uploads\/2024\/06\/inca-la-agente-canina-que-se-jubilo-de-las-fuerzas-penitenciarias-luego-de-8-anos-de-carrera-5.jpg\"><img loading=\"lazy\" decoding=\"async\" width=\"1024\" height=\"683\" data-id=\"595780\" src=\"http:\/\/nuevacordoba.net\/wp-content\/uploads\/2024\/06\/inca-la-agente-canina-que-se-jubilo-de-las-fuerzas-penitenciarias-luego-de-8-anos-de-carrera.jpg\" alt class=\"wp-image-595780\" srcset=\"http:\/\/nuevacordoba.net\/wp-content\/uploads\/2024\/06\/inca-la-agente-canina-que-se-jubilo-de-las-fuerzas-penitenciarias-luego-de-8-anos-de-carrera.jpg 1024w, http:\/\/nuevacordoba.net\/wp-content\/uploads\/2024\/06\/inca-la-agente-canina-que-se-jubilo-de-las-fuerzas-penitenciarias-luego-de-8-anos-de-carrera-2.jpg 300w, http:\/\/nuevacordoba.net\/wp-content\/uploads\/2024\/06\/inca-la-agente-canina-que-se-jubilo-de-las-fuerzas-penitenciarias-luego-de-8-anos-de-carrera-3.jpg 768w, http:\/\/nuevacordoba.net\/wp-content\/uploads\/2024\/06\/inca-la-agente-canina-que-se-jubilo-de-las-fuerzas-penitenciarias-luego-de-8-anos-de-carrera-4.jpg 1536w, http:\/\/nuevacordoba.net\/wp-content\/uploads\/2024\/06\/inca-la-agente-canina-que-se-jubilo-de-las-fuerzas-penitenciarias-luego-de-8-anos-de-carrera-5.jpg 1600w\" sizes=\"(max-width: 1024px) 100vw, 1024px\"><\/a><\/figure>\n<figure class=\"wp-block-image size-large eplus-wrapper\"><a href=\"http:\/\/nuevacordoba.net\/wp-content\/uploads\/2024\/06\/inca-la-agente-canina-que-se-jubilo-de-las-fuerzas-penitenciarias-luego-de-8-anos-de-carrera-8.jpg\"><img loading=\"lazy\" decoding=\"async\" width=\"1024\" height=\"684\" data-id=\"595781\" src=\"http:\/\/nuevacordoba.net\/wp-content\/uploads\/2024\/06\/inca-la-agente-canina-que-se-jubilo-de-las-fuerzas-penitenciarias-luego-de-8-anos-de-carrera-1.jpg\" alt class=\"wp-image-595781\" srcset=\"http:\/\/nuevacordoba.net\/wp-content\/uploads\/2024\/06\/inca-la-agente-canina-que-se-jubilo-de-las-fuerzas-penitenciarias-luego-de-8-anos-de-carrera-1.jpg 1024w, http:\/\/nuevacordoba.net\/wp-content\/uploads\/2024\/06\/inca-la-agente-canina-que-se-jubilo-de-las-fuerzas-penitenciarias-luego-de-8-anos-de-carrera-6.jpg 300w, http:\/\/nuevacordoba.net\/wp-content\/uploads\/2024\/06\/inca-la-agente-canina-que-se-jubilo-de-las-fuerzas-penitenciarias-luego-de-8-anos-de-carrera-7.jpg 768w, http:\/\/nuevacordoba.net\/wp-content\/uploads\/2024\/06\/inca-la-agente-canina-que-se-jubilo-de-las-fuerzas-penitenciarias-luego-de-8-anos-de-carrera-8.jpg 1504w\" sizes=\"(max-width: 1024px) 100vw, 1024px\"><\/a><\/figure>\n<\/figure>\n<h3 class=\" wp-block-heading eplus-wrapper\">La carrera de Inca<\/h3>\n<p class=\" eplus-wrapper\">Inca tiene 10 a\u00f1os y hace 8 que trabaja en el Equipo de Detecci\u00f3n de Sustancias Prohibidas y Elementos Electr\u00f3nicos No Autorizados del G.E.A.R.<\/p>\n<p class=\" eplus-wrapper\">La can fue seleccionada desde cachorra, precisamente a partir de sus 45 d\u00edas, para ser entrenada por Rub\u00e9n, quien fue su acompa\u00f1ante durante toda la vida.<\/p>\n<p class=\" eplus-wrapper\">El G.E.A.R tiene una dotaci\u00f3n especial que cuenta actualmente con 29 canes que nacen, se cr\u00edan y capacitan en el mismo espacio. El entrenamiento de los agentes caninos se lleva a cabo en base a la Ley Sarmiento de Protecci\u00f3n de Animales.<\/p>\n<p class=\" eplus-wrapper\">Sobre el entrenamiento, Rub\u00e9n precis\u00f3:<em> \u201cSe adec\u00faa al comportamiento y conductas que tienen cada uno de los canes. No todos los perros nacen para la misma tarea y nosotros tomamos ventaja de sus particularidades\u201d.<\/em><\/p>\n<p class=\" eplus-wrapper\">Desde peque\u00f1a, Inca se destac\u00f3 principalmente en las tareas de b\u00fasqueda y detecci\u00f3n. Por lo tanto, los adiestradores y su gu\u00eda se dedicaron, en los a\u00f1os de entrenamiento de la can, a potenciar esas aptitudes.<\/p>\n<p class=\" eplus-wrapper\">A su vez, el v\u00ednculo entre los acompa\u00f1antes y sus perros es troncal para su formaci\u00f3n efectiva y exitosa: \u201c<em>La relaci\u00f3n se genera desde los primeros pasos que dan los canes y con el tiempo se va haciendo cada vez m\u00e1s fuerte\u201d,<\/em> destac\u00f3 Fern\u00e1ndez.<\/p>\n<p class=\" eplus-wrapper\">Seguido a esto, su gu\u00eda comparti\u00f3: <em>\u00abLa confianza que tengo con Inca es tan profunda que hasta me es dif\u00edcil ponerlo en palabras, considero que es incomparable con cualquier otro v\u00ednculo\u00bb.<\/em><\/p>\n<p class=\" eplus-wrapper\">A los 2 a\u00f1os de edad, Inca comenz\u00f3 sus funciones en el G.E.A.R, en donde particip\u00f3 de incontables operativos y noches enteras de trabajo junto a su gu\u00eda para garantizar los objetivos de seguridad de su equipo.<\/p>\n<p class=\" eplus-wrapper\">En ese sentido, Rub\u00e9n record\u00f3 un operativo en particular en el que junto a Inca, viajaron al interior de la provincia de C\u00f3rdoba.<\/p>\n<p class=\" eplus-wrapper\">All\u00ed, la perra se perdi\u00f3 entre un gran tumulto de gente. Pasado un breve momento de incertidumbre, Inca volvi\u00f3 por s\u00ed sola a las manos de su compa\u00f1ero Rub\u00e9n, sin perder la calma y demostrando la rigurosidad del entrenamiento de la divisi\u00f3n de canes del Servicio Penitenciario.<\/p>\n<h3 class=\" wp-block-heading eplus-wrapper\">El retiro<\/h3>\n<p class=\" eplus-wrapper\">Lo habitual para un agente canino es que se jubile entre los 7 y 10 a\u00f1os, momento en el que el perro alcanza sus primeras etapas de vejez. Una vez llegada a esta edad, los animales son transferidos a los hogares de sus acompa\u00f1antes que los guiaron desde sus primeros d\u00edas de vida.<\/p>\n<p class=\" eplus-wrapper\">En este sentido, Rub\u00e9n expres\u00f3: <em>\u201cLa jubilaci\u00f3n implica un cambio muy grande para la vida de Inca. De encargarse de llevar a cabo numerosas misiones, va a pasar a vivir en casa conmigo, donde finalmente podr\u00e1 estar tranquila y relajarse\u201d<\/em>.<\/p>\n<p class=\" eplus-wrapper\">Sin embargo, la jubilaci\u00f3n de la can de 10 a\u00f1os interpela a su acompa\u00f1ante:<em> \u00abDejar de trabajar con Inca es como si me estuvieran quitando una parte de m\u00ed. Pero entiendo que finalmente ha llegado el descanso que tanto se merece. Quiz\u00e1s pase menos tiempo con ella ahora, pero amor y cari\u00f1o nunca le van a faltar en mi casa\u00bb.<\/em><\/p>\n<p> <iframe loading=\"lazy\" width=\"560\" height=\"315\" src=\"https:\/\/www.youtube.com\/embed\/UKTGGSQVUWU?si=ezgeMvQQ6eYwO_0j\" title=\"YouTube video player\" frameborder=\"0\" allow=\"accelerometer; autoplay; clipboard-write; encrypted-media; gyroscope; picture-in-picture; web-share\" referrerpolicy=\"strict-origin-when-cross-origin\" allowfullscreen>[embedded content]<\/iframe> <\/p>\n","protected":false},"excerpt":{"rendered":"<p>Se trata de una perra de raza ovejero alem\u00e1n de 10 a\u00f1os, que se encargaba de tareas de detecci\u00f3n y b\u00fasqueda de sustancias prohibidas. En su retiro, pasar\u00e1 a vivir en la casa de su acompa\u00f1ante, el Ayudante de Primera, Rub\u00e9n Fern\u00e1ndez. Junto a ella, dos agentes caninos de la misma raza, pasaron a retiro [&hellip;]<\/p>\n","protected":false},"author":1,"featured_media":44625,"comment_status":"closed","ping_status":"closed","sticky":false,"template":"","format":"standard","meta":[],"categories":[14],"tags":[],"_links":{"self":[{"href":"http:\/\/nuevacordoba.net\/index.php\/wp-json\/wp\/v2\/posts\/44624"}],"collection":[{"href":"http:\/\/nuevacordoba.net\/index.php\/wp-json\/wp\/v2\/posts"}],"about":[{"href":"http:\/\/nuevacordoba.net\/index.php\/wp-json\/wp\/v2\/types\/post"}],"author":[{"embeddable":true,"href":"http:\/\/nuevacordoba.net\/index.php\/wp-json\/wp\/v2\/users\/1"}],"replies":[{"embeddable":true,"href":"http:\/\/nuevacordoba.net\/index.php\/wp-json\/wp\/v2\/comments?post=44624"}],"version-history":[{"count":0,"href":"http:\/\/nuevacordoba.net\/index.php\/wp-json\/wp\/v2\/posts\/44624\/revisions"}],"wp:featuredmedia":[{"embeddable":true,"href":"http:\/\/nuevacordoba.net\/index.php\/wp-json\/wp\/v2\/media\/44625"}],"wp:attachment":[{"href":"http:\/\/nuevacordoba.net\/index.php\/wp-json\/wp\/v2\/media?parent=44624"}],"wp:term":[{"taxonomy":"category","embeddable":true,"href":"http:\/\/nuevacordoba.net\/index.php\/wp-json\/wp\/v2\/categories?post=44624"},{"taxonomy":"post_tag","embeddable":true,"href":"http:\/\/nuevacordoba.net\/index.php\/wp-json\/wp\/v2\/tags?post=44624"}],"curies":[{"name":"wp","href":"https:\/\/api.w.org\/{rel}","templated":true}]}}