{"id":44665,"date":"2024-06-18T12:28:08","date_gmt":"2024-06-18T12:28:08","guid":{"rendered":"https:\/\/puntoapunto.com.ar\/?p=362029"},"modified":"2024-06-18T12:28:08","modified_gmt":"2024-06-18T12:28:08","slug":"encuesta-cae-la-imagen-de-milei-y-el-72-de-los-argentinos-esta-peor-desde-que-asumio","status":"publish","type":"post","link":"http:\/\/nuevacordoba.net\/index.php\/2024\/06\/18\/encuesta-cae-la-imagen-de-milei-y-el-72-de-los-argentinos-esta-peor-desde-que-asumio\/","title":{"rendered":"Encuesta: cae la imagen de Milei y el 72% de los argentinos est\u00e1 peor desde que asumi\u00f3"},"content":{"rendered":"<div class=\"g g-36\">\n<div class=\"g-dyn a-29 c-1\"><a class=\"gofollow\" data-track=\"MjksMzYsMSw2MA==\" href=\"https:\/\/www.harmoniechateau.com.ar\/\" target=\"_blank\" rel=\"noopener\"><img src=\"http:\/\/nuevacordoba.net\/wp-content\/uploads\/2024\/06\/encuesta-cae-la-imagen-de-milei-y-el-72-de-los-argentinos-esta-peor-desde-que-asumio.jpg\" loading=\"lazy\"><\/a><\/div>\n<\/div>\n<p>&nbsp;\n<\/p>\n<p><strong>El 72% de los argentinos cree que su situaci\u00f3n econ\u00f3mica empeor\u00f3 desde que Javier Milei asumi\u00f3 como presidente<\/strong>, seg\u00fan una<a href=\"https:\/\/zubancordoba.com\/portfolio\/informe-nacional-junio-2024\/\"> encuesta de Zub\u00e1n-C\u00f3rdoba<\/a>. Adem\u00e1s, m\u00e1s de la mitad de los consultados admiti\u00f3 que <strong>utiliza sus ahorros para poder llegar a fin de mes.<\/strong>\n<\/p>\n<p>El estudio muestra que, a pesar de que Milei sostiene m\u00e1s de 43% de imagen positiva, la percepci\u00f3n de<strong> la gesti\u00f3n libertaria no es buena y recibe m\u00e1s de 56% de valoraci\u00f3n negativa.&nbsp;<\/strong>\n<\/p>\n<p>El discurso de que<strong> el ajuste lo pagaba \u00abla casta\u00bb<\/strong> fue perdiendo fuerza desde diciembre, cuando el 47% de los consultados validaba esa afirmaci\u00f3n. En enero ese porcentaje baj\u00f3 al 31% y en marzo lleg\u00f3 a su m\u00ednimo con 23%. En mayo subi\u00f3 a 28 y<strong> en junio volvi\u00f3 a bajar a 25,3%.<\/strong>\n<\/p>\n<p>En cambio, las personas en desacuerdo pasaron del 47% en diciembre a 62,4% en febrero, 71,6% en marzo y 72,7% en junio. Adem\u00e1s, <strong>el 70,5% de los consultados piensa que \u00abel ajusto lo estamos pagando todos\u00bb.<\/strong><\/p>\n<p>Otra de las cuestiones que la maquinaria oficial busc\u00f3 instalar es que \u00ab<a href=\"https:\/\/puntoapunto.com.ar\/como-esta-la-imagen-de-milei-y-cuanto-tiempo-mas-bancan-los-argentinos\/\" target=\"_blank\" rel=\"noopener\">Milei<\/a> quiere cambiar el pa\u00eds, pero la casta no lo deja\u00bb<strong>. Un 52% de los encuestados rechaz\u00f3 esa afirmaci\u00f3n contra el 46,6% que la aprob\u00f3.<\/strong>\n<\/p>\n<p>Sobre la afirmaci\u00f3n de que<strong> Milei \u00abest\u00e1 destruyendo el estado desde adentro\u00bb<\/strong>, el 71,6% se mostr\u00f3 de acuerdo. El 52,2% dijo, adem\u00e1s, que hab\u00eda votado a Milei para destruir al estado. Dos tercios de los encuestados dijeron tambi\u00e9n que se hab\u00edan inclinado por Milei para castigar a la pol\u00edtica.\n<\/p>\n<p><strong>El 55,5% no concuerda con la frase \u00abEstamos mal, pero vamos a estar bien\u00bb<\/strong> contra 41,4 que s\u00ed lo cree. En cambio,<strong> \u00abEstamos mal, pero vamos a estar peor\u00bb cosecha 54,6% de adhesiones.<\/strong> El 55,8% rechaza la pol\u00edtica econ\u00f3mica del gobierno y el 55,2% la lucha contra la corrupci\u00f3n. El 62,1% desaprueba la gesti\u00f3n de las jubilaciones y el 65,7% la relaci\u00f3n con los gobernadores.<strong> Respecto a la relaci\u00f3n con el Congreso el n\u00famero es a\u00fan peor: un 73,9% la desaprueba.<\/strong>\n<\/p>\n<p><img decoding=\"async\" class=\"aligncenter wp-image-362030 size-full\" src=\"http:\/\/nuevacordoba.net\/wp-content\/uploads\/2024\/06\/encuesta-cae-la-imagen-de-milei-y-el-72-de-los-argentinos-esta-peor-desde-que-asumio-1.jpg\" alt width=\"743\" height=\"1280\" srcset=\"http:\/\/nuevacordoba.net\/wp-content\/uploads\/2024\/06\/encuesta-cae-la-imagen-de-milei-y-el-72-de-los-argentinos-esta-peor-desde-que-asumio-1.jpg 743w, http:\/\/nuevacordoba.net\/wp-content\/uploads\/2024\/06\/encuesta-cae-la-imagen-de-milei-y-el-72-de-los-argentinos-esta-peor-desde-que-asumio-3.jpg 174w, http:\/\/nuevacordoba.net\/wp-content\/uploads\/2024\/06\/encuesta-cae-la-imagen-de-milei-y-el-72-de-los-argentinos-esta-peor-desde-que-asumio-4.jpg 594w\" sizes=\"(max-width: 743px) 100vw, 743px\" loading=\"lazy\">\n<\/p>\n<p>En el universo libertario <strong>Patricia Bullrich es quien mejor imagen tiene con 47,1% y 41,5% de negativa. Victoria Villarruel tiene una positiva similar con 46,2%, pero su negativa es del 52%<\/strong>. Milei alcanza el 43,7% de positiva y 55,8% de negativa, mientras que Sandra Pettovello cae a 36,3% de positiva y 59,7% de negativa.\n<\/p>\n<p><strong>En el peronismo es Juan Grabois quien encabeza las preferencias con 46,2% de positiva y 52% de negativa.<\/strong> Le gana a Guillermo Moreno, que consigue 34,9% de positiva y m\u00e1s de 60% de negativa. Cristina Kirchner tiene 45,5% de positiva y 53,6% de negativa. Mauricio Macri est\u00e1 en el fondo de la tabla: tiene 30% de positiva y 67,4% de negativa.\n<\/p>\n<p>El estudio fue realizado entre el 7 y 8 de junio, antes de la aprobaci\u00f3n de la Ley Bases y tambi\u00e9n del acuerdo con China para postergar el pago del swap. Participaron 1400 personas en el formato de encuesta digital.\n<\/p>\n<div class=\"g g-38\">\n<div class=\"g-dyn a-12 c-1\"><a class=\"gofollow\" data-track=\"MTIsMzgsMSw2MA==\" href=\"https:\/\/form.jotform.com\/240784464263663\" target=\"_blank\" rel=\"noopener\"><img src=\"http:\/\/nuevacordoba.net\/wp-content\/uploads\/2024\/06\/encuesta-cae-la-imagen-de-milei-y-el-72-de-los-argentinos-esta-peor-desde-que-asumio-2.jpg\" loading=\"lazy\"><\/a><\/div>\n<\/div>\n","protected":false},"excerpt":{"rendered":"<p>&nbsp; El 72% de los argentinos cree que su situaci\u00f3n econ\u00f3mica empeor\u00f3 desde que Javier Milei asumi\u00f3 como presidente, seg\u00fan una encuesta de Zub\u00e1n-C\u00f3rdoba. Adem\u00e1s, m\u00e1s de la mitad de los consultados admiti\u00f3 que utiliza sus ahorros para poder llegar a fin de mes. El estudio muestra que, a pesar de que Milei sostiene m\u00e1s [&hellip;]<\/p>\n","protected":false},"author":1,"featured_media":44666,"comment_status":"open","ping_status":"closed","sticky":false,"template":"","format":"standard","meta":[],"categories":[12,14],"tags":[],"_links":{"self":[{"href":"http:\/\/nuevacordoba.net\/index.php\/wp-json\/wp\/v2\/posts\/44665"}],"collection":[{"href":"http:\/\/nuevacordoba.net\/index.php\/wp-json\/wp\/v2\/posts"}],"about":[{"href":"http:\/\/nuevacordoba.net\/index.php\/wp-json\/wp\/v2\/types\/post"}],"author":[{"embeddable":true,"href":"http:\/\/nuevacordoba.net\/index.php\/wp-json\/wp\/v2\/users\/1"}],"replies":[{"embeddable":true,"href":"http:\/\/nuevacordoba.net\/index.php\/wp-json\/wp\/v2\/comments?post=44665"}],"version-history":[{"count":0,"href":"http:\/\/nuevacordoba.net\/index.php\/wp-json\/wp\/v2\/posts\/44665\/revisions"}],"wp:featuredmedia":[{"embeddable":true,"href":"http:\/\/nuevacordoba.net\/index.php\/wp-json\/wp\/v2\/media\/44666"}],"wp:attachment":[{"href":"http:\/\/nuevacordoba.net\/index.php\/wp-json\/wp\/v2\/media?parent=44665"}],"wp:term":[{"taxonomy":"category","embeddable":true,"href":"http:\/\/nuevacordoba.net\/index.php\/wp-json\/wp\/v2\/categories?post=44665"},{"taxonomy":"post_tag","embeddable":true,"href":"http:\/\/nuevacordoba.net\/index.php\/wp-json\/wp\/v2\/tags?post=44665"}],"curies":[{"name":"wp","href":"https:\/\/api.w.org\/{rel}","templated":true}]}}