{"id":4470,"date":"2021-05-13T14:33:07","date_gmt":"2021-05-13T14:33:07","guid":{"rendered":"http:\/\/cordobanewsnet.wordpress.com\/?p=5485"},"modified":"2021-05-13T14:33:07","modified_gmt":"2021-05-13T14:33:07","slug":"pasaron-el-feriado-puente-del-24-de-mayo-para-evitar-contagios","status":"publish","type":"post","link":"http:\/\/nuevacordoba.net\/index.php\/2021\/05\/13\/pasaron-el-feriado-puente-del-24-de-mayo-para-evitar-contagios\/","title":{"rendered":"Pasaron el feriado puente del 24 de mayo para evitar contagios"},"content":{"rendered":"<p><!-- \/featured-media --> <\/p>\n<div class=\"post-content clear\" readability=\"42.993902439024\">\n<p>Desde la cartera que conduce Mat\u00edas Lammens confirmaron que el feriado se trasladar\u00e1 a agosto y se juntar\u00e1 con el del 16 de ese mes, por lo que quedar\u00e1 un fin de semana XXL.<\/p>\n<p>La noticia de la suspensi\u00f3n del feriado puente de mayo caus\u00f3 rechazo por las p\u00e9rdidas que generaba.<\/p>\n<p>Mir\u00e1 tambi\u00e9nDesde el Gobierno indicaron que el feriado no se suspendi\u00f3 sino que se traslad\u00f3 hacia m\u00e1s adelante por motivos sanitarios.&nbsp;<\/p>\n<p>Seg\u00fan trascendi\u00f3, el objetivo de quitar el feriado ahora es desincentivar la circulaci\u00f3n tur\u00edstica y limitar la propagaci\u00f3n del coronavirus por el pa\u00eds.&nbsp;<\/p>\n<div id=\"jp-post-flair\" class=\"sharedaddy sd-like-enabled sd-sharing-enabled\">\n<div class=\"sharedaddy sd-sharing-enabled\">\n<div class=\"robots-nocontent sd-block sd-social sd-social-icon-text sd-sharing\">\n<h3 class=\"sd-title\">Share this:<\/h3>\n<\/div>\n<\/div>\n<div class=\"sharedaddy sd-block sd-like jetpack-likes-widget-wrapper jetpack-likes-widget-unloaded\" id=\"like-post-wrapper-143108178-5485-609e5c23a1c4e\" data-src=\"\/\/widgets.wp.com\/likes\/index.html?ver=20210413#blog_id=143108178&amp;post_id=5485&amp;origin=cordobanewsnet.wordpress.com&amp;obj_id=143108178-5485-609e5c23a1c4e\" data-name=\"like-post-frame-143108178-5485-609e5c23a1c4e\">\n<h3 class=\"sd-title\">Me gusta esto:<\/h3>\n<p><span class=\"button\"><span>Me gusta<\/span><\/span> <span class=\"loading\">Cargando&#8230;<\/span><\/p>\n<p><span class=\"sd-text-color\"><\/span><\/div>\n<p><h3 class=\"jp-relatedposts-headline\"><em>Relacionado<\/em><\/h3>\n<\/p>\n<\/div><\/div>\n<p><!--\/.post-content--> <\/p>\n<footer class=\"post-meta-container clear\" readability=\"0.23809523809524\">\n<div class=\"entry-author author-avatar-show\" readability=\"13.114754098361\">\n<div class=\"author-avatar\"> <img loading=\"lazy\" alt src=\"http:\/\/nuevacordoba.net\/wp-content\/uploads\/2021\/05\/pasaron-el-feriado-puente-del-24-de-mayo-para-evitar-contagios.png\" class=\"avatar avatar-90\" height=\"90\" width=\"90\"> <\/div>\n<p><!-- .author-avatar --> <\/p>\n<p><h2 class=\"author-title\">Publicado por <span class=\"author-name\">Redacci\u00f3n<\/span><\/h2>\n<\/p>\n<p><!-- .author-heading --> <\/p>\n<p class=\"author-bio\"> <a class=\"author-link\" href=\"https:\/\/cordobanewsnet.wordpress.com\/author\/prettomatias\/\" rel=\"author\"> Ver todas las entradas de Redacci\u00f3n <\/a> <\/p>\n<p><!-- .author-bio --> <\/div>\n<p><!-- .entry-auhtor --> <\/footer>\n<p> <!-- \/post-meta-container --> <!-- #respond --> <\/p>\n","protected":false},"excerpt":{"rendered":"<p>Desde la cartera que conduce Mat\u00edas Lammens confirmaron que el feriado se trasladar\u00e1 a agosto y se juntar\u00e1 con el del 16 de ese mes, por lo que quedar\u00e1 un fin de semana XXL. La noticia de la suspensi\u00f3n del feriado puente de mayo caus\u00f3 rechazo por las p\u00e9rdidas que generaba. Mir\u00e1 tambi\u00e9nDesde el Gobierno [&hellip;]<\/p>\n","protected":false},"author":1,"featured_media":4471,"comment_status":"closed","ping_status":"closed","sticky":false,"template":"","format":"standard","meta":[],"categories":[14],"tags":[],"_links":{"self":[{"href":"http:\/\/nuevacordoba.net\/index.php\/wp-json\/wp\/v2\/posts\/4470"}],"collection":[{"href":"http:\/\/nuevacordoba.net\/index.php\/wp-json\/wp\/v2\/posts"}],"about":[{"href":"http:\/\/nuevacordoba.net\/index.php\/wp-json\/wp\/v2\/types\/post"}],"author":[{"embeddable":true,"href":"http:\/\/nuevacordoba.net\/index.php\/wp-json\/wp\/v2\/users\/1"}],"replies":[{"embeddable":true,"href":"http:\/\/nuevacordoba.net\/index.php\/wp-json\/wp\/v2\/comments?post=4470"}],"version-history":[{"count":0,"href":"http:\/\/nuevacordoba.net\/index.php\/wp-json\/wp\/v2\/posts\/4470\/revisions"}],"wp:featuredmedia":[{"embeddable":true,"href":"http:\/\/nuevacordoba.net\/index.php\/wp-json\/wp\/v2\/media\/4471"}],"wp:attachment":[{"href":"http:\/\/nuevacordoba.net\/index.php\/wp-json\/wp\/v2\/media?parent=4470"}],"wp:term":[{"taxonomy":"category","embeddable":true,"href":"http:\/\/nuevacordoba.net\/index.php\/wp-json\/wp\/v2\/categories?post=4470"},{"taxonomy":"post_tag","embeddable":true,"href":"http:\/\/nuevacordoba.net\/index.php\/wp-json\/wp\/v2\/tags?post=4470"}],"curies":[{"name":"wp","href":"https:\/\/api.w.org\/{rel}","templated":true}]}}