{"id":44733,"date":"2024-06-20T03:04:42","date_gmt":"2024-06-20T03:04:42","guid":{"rendered":"https:\/\/puntoapunto.com.ar\/?p=362068"},"modified":"2024-06-20T03:04:42","modified_gmt":"2024-06-20T03:04:42","slug":"edicion-semanal-te-banco-y-te-reclamo","status":"publish","type":"post","link":"http:\/\/nuevacordoba.net\/index.php\/2024\/06\/20\/edicion-semanal-te-banco-y-te-reclamo\/","title":{"rendered":"Edici\u00f3n semanal: te banco y te reclamo"},"content":{"rendered":"<div class=\"g g-36\">\n<div class=\"g-dyn a-29 c-1\"><a class=\"gofollow\" data-track=\"MjksMzYsMSw2MA==\" href=\"https:\/\/www.harmoniechateau.com.ar\/\" target=\"_blank\" rel=\"noopener\"><img src=\"http:\/\/nuevacordoba.net\/wp-content\/uploads\/2024\/06\/edicion-semanal-te-banco-y-te-reclamo.jpg\" loading=\"lazy\"><\/a><\/div>\n<\/div>\n<p>&nbsp;\n<\/p>\n<p>A 6 meses del inicio de gesti\u00f3n de Javier Milei el empresariado local ratifica su apoyo. Pero reafirma que deben llegar se\u00f1ales claras del rumbo. Reclamo por competitividad y salida del cepo.\n<\/p>\n<p><strong>Le\u00e9 la revista en tu dispositivo favorito&nbsp;<\/strong>\n<\/p>\n<p><img decoding=\"async\" class=\"alignnone size-full wp-image-341569\" src=\"http:\/\/nuevacordoba.net\/wp-content\/uploads\/2024\/06\/edicion-semanal-te-banco-y-te-reclamo-1.jpg\" alt width=\"300\" height=\"80\" loading=\"lazy\">&nbsp; &nbsp; &nbsp; &nbsp; <img decoding=\"async\" class=\"alignnone size-full wp-image-341570\" src=\"http:\/\/nuevacordoba.net\/wp-content\/uploads\/2024\/06\/edicion-semanal-te-banco-y-te-reclamo-2.jpg\" alt width=\"300\" height=\"80\" loading=\"lazy\"><\/p>\n<div class=\"g g-38\">\n<div class=\"g-dyn a-12 c-1\"><a class=\"gofollow\" data-track=\"MTIsMzgsMSw2MA==\" href=\"https:\/\/form.jotform.com\/240784464263663\" target=\"_blank\" rel=\"noopener\"><img src=\"http:\/\/nuevacordoba.net\/wp-content\/uploads\/2024\/06\/edicion-semanal-te-banco-y-te-reclamo-3.jpg\" loading=\"lazy\"><\/a><\/div>\n<\/div>\n","protected":false},"excerpt":{"rendered":"<p>&nbsp; A 6 meses del inicio de gesti\u00f3n de Javier Milei el empresariado local ratifica su apoyo. Pero reafirma que deben llegar se\u00f1ales claras del rumbo. Reclamo por competitividad y salida del cepo. Le\u00e9 la revista en tu dispositivo favorito&nbsp; &nbsp; &nbsp; &nbsp; &nbsp;<\/p>\n","protected":false},"author":1,"featured_media":44734,"comment_status":"open","ping_status":"closed","sticky":false,"template":"","format":"standard","meta":[],"categories":[14],"tags":[],"_links":{"self":[{"href":"http:\/\/nuevacordoba.net\/index.php\/wp-json\/wp\/v2\/posts\/44733"}],"collection":[{"href":"http:\/\/nuevacordoba.net\/index.php\/wp-json\/wp\/v2\/posts"}],"about":[{"href":"http:\/\/nuevacordoba.net\/index.php\/wp-json\/wp\/v2\/types\/post"}],"author":[{"embeddable":true,"href":"http:\/\/nuevacordoba.net\/index.php\/wp-json\/wp\/v2\/users\/1"}],"replies":[{"embeddable":true,"href":"http:\/\/nuevacordoba.net\/index.php\/wp-json\/wp\/v2\/comments?post=44733"}],"version-history":[{"count":0,"href":"http:\/\/nuevacordoba.net\/index.php\/wp-json\/wp\/v2\/posts\/44733\/revisions"}],"wp:featuredmedia":[{"embeddable":true,"href":"http:\/\/nuevacordoba.net\/index.php\/wp-json\/wp\/v2\/media\/44734"}],"wp:attachment":[{"href":"http:\/\/nuevacordoba.net\/index.php\/wp-json\/wp\/v2\/media?parent=44733"}],"wp:term":[{"taxonomy":"category","embeddable":true,"href":"http:\/\/nuevacordoba.net\/index.php\/wp-json\/wp\/v2\/categories?post=44733"},{"taxonomy":"post_tag","embeddable":true,"href":"http:\/\/nuevacordoba.net\/index.php\/wp-json\/wp\/v2\/tags?post=44733"}],"curies":[{"name":"wp","href":"https:\/\/api.w.org\/{rel}","templated":true}]}}