{"id":44753,"date":"2024-06-20T10:22:46","date_gmt":"2024-06-20T10:22:46","guid":{"rendered":"https:\/\/www.ole.com.ar\/futbol-ascenso\/arsenal-primera-nacional-mercado-pases-estudiantes-futbol-argentino_0_fCwNuS35De.html"},"modified":"2024-06-20T10:22:46","modified_gmt":"2024-06-20T10:22:46","slug":"salio-bicampeon-con-estudiantes-y-es-nuevo-refuerzo-de-arsenal","status":"publish","type":"post","link":"http:\/\/nuevacordoba.net\/index.php\/2024\/06\/20\/salio-bicampeon-con-estudiantes-y-es-nuevo-refuerzo-de-arsenal\/","title":{"rendered":"Sali\u00f3 bicampe\u00f3n con Estudiantes y es nuevo refuerzo de Arsenal"},"content":{"rendered":"<p><time class=\"createDate\" datetime=\"2024-06-20T07:22:46-03:00\">20\/06\/2024 07:22hs.<\/time><\/p>\n<div id=\"storyBody\">\n<div class=\"custom-text \" readability=\"30.869565217391\">\n<p>El presente de <a href=\"https:\/\/www.ole.com.ar\/tema\/arsenal-de-sarandi.html\" target=\"_self\" title=\"Arsenal de Sarand\u00ed\" alt=\"Arsenal de Sarand\u00ed\" rel=\"noopener\">Arsenal de Sarand\u00ed<\/a> en la Primera Nacional, tras su descenso de la Liga Profesional, no est\u00e1 siendo bueno:<strong> se ubica 14\u00b0 a 3 puntos del descenso.<\/strong><\/p>\n<\/div>\n<div class=\"custom-text \" readability=\"33\">\n<p>Por este motivo es que el conjunto del Viaducto comenz\u00f3 a moverse en el mercado y cerr\u00f3 la llegada de un refuerzo: <strong>Juan Pablo Zozaya arrib\u00f3 al Arse.<\/strong><\/p>\n<\/div>\n<div class=\"sc-e7b891c4-0 jPbnQF\"><img alt=\"Juan Pablo Zozaya firm\u00f3 en Arsenal (Foto: Prensa Arsenal)\" src=\"http:\/\/nuevacordoba.net\/wp-content\/uploads\/2024\/06\/salio-bicampeon-con-estudiantes-y-es-nuevo-refuerzo-de-arsenal.jpg\" width=\"720\" height=\"100\" decoding=\"async\" data-nimg=\"future\" loading=\"lazy\"><span class=\"epigraphe\">Juan Pablo Zozaya firm\u00f3 en Arsenal (Foto: Prensa Arsenal)<\/span><\/div>\n<div class=\"custom-text \" readability=\"32.219178082192\">\n<p>El arquero de 24 a\u00f1os, con pasado en<a href=\"https:\/\/www.ole.com.ar\/estudiantes\" target=\"_self\" title=\" Estudiantes de La Plata\" alt=\" Estudiantes de La Plata\" rel=\"noopener\"> Estudiantes de La Plata<\/a>, es la cara nueva del club del Sur del conurbano bonaersense. <strong>Llega cedido hasta el 31 de diciembre del 2024. El pr\u00e9stamo es sin cargo ni opci\u00f3n de compra.<\/strong><\/p>\n<\/div>\n<div class=\"custom-text \" readability=\"36\">\n<p>En su estad\u00eda por el equipo pincharrata, <strong>Zozaya disput\u00f3 dos encuentros<\/strong>:uno correspondiente a la Copa de la Liga y el restante por Copa Argentina.<strong> Ambos fueron en el 2024<\/strong>, cu\u00e1ndo el arco del Le\u00f3n estaba vacante luego de la salida de Mariano And\u00fajar y previo a la llegada de Mat\u00edas Mansilla.<\/p>\n<\/div>\n<div class=\"custom-text \" readability=\"36\">\n<p>Durante su paso por el cuadro platense, <strong>el golero oriundo de Necochea levant\u00f3 dos trofeos: la Copa Argentina 2023 y la Copa de la Liga 2024.<\/strong> Sum\u00f3 minutos en la segunda consagraci\u00f3n, m\u00e1s precisamente en el debut ante Belgrano.<\/p>\n<\/div>\n<div class=\"sc-e7b891c4-0 jPbnQF\"><img alt=\"Juan Pablo Zozaya, campe\u00f3n con Estudiantes (Foto: Prensa Estudiantes)\" src=\"http:\/\/nuevacordoba.net\/wp-content\/uploads\/2024\/06\/salio-bicampeon-con-estudiantes-y-es-nuevo-refuerzo-de-arsenal-1.jpg\" width=\"720\" height=\"100\" decoding=\"async\" data-nimg=\"future\" loading=\"lazy\"><span class=\"epigraphe\">Juan Pablo Zozaya, campe\u00f3n con Estudiantes (Foto: Prensa Estudiantes)<\/span><\/div>\n<p><h2>Las altas y bajas de Arsenal hasta el momento<\/h2>\n<\/p>\n<div class=\"custom-text \" readability=\"39.194968553459\">\n<p>De momento, el Arse abroch\u00f3 \u00fanicamente la llegada del mencionado Juan Pablo Zozaya. En cu\u00e1nto a las bajas,<strong> ya se confirmaron las salidas de <a href=\"https:\/\/www.ole.com.ar\/futbol-ascenso\/tomas-sultani-israel-guerra-maccabi-haifa_0_zcjC1FaCTR.html\" target=\"_self\" title=\"Tom\u00e1s Sultani\" alt=\"Tom\u00e1s Sultani\" rel=\"noopener\">Tom\u00e1s Sultani<\/a>, <\/strong>(el habitual arquero titular, que se fue al Maccabi Haifa de Israel), <strong>Camilo Saiz, Gast\u00f3n D\u00edaz y Mat\u00edas Benitez<\/strong>. Los \u00faltimos tres rescindieron su v\u00ednculo.<\/p>\n<\/div>\n<div class=\"sc-e7b891c4-0 jPbnQF\"><img alt=\"Sultani dej\u00f3 Arsenal en los \u00faltimos d\u00edas (Foto: Prensa Arsenal)\" src=\"http:\/\/nuevacordoba.net\/wp-content\/uploads\/2024\/06\/salio-bicampeon-con-estudiantes-y-es-nuevo-refuerzo-de-arsenal-2.jpg\" width=\"720\" height=\"100\" decoding=\"async\" data-nimg=\"future\" loading=\"lazy\"><span class=\"epigraphe\">Sultani dej\u00f3 Arsenal en los \u00faltimos d\u00edas (Foto: Prensa Arsenal)<\/span><\/div>\n<p><h2>\u00bfHasta cu\u00e1ndo est\u00e1 abierto el mercado de pases en la Primera Nacional?<\/h2>\n<\/p>\n<div class=\"custom-text \" readability=\"35\">\n<p>El libro de pases en la categor\u00eda<strong> abri\u00f3 el pasado jueves 13 de junio<\/strong>, y se podr\u00e1 incorporar hasta la pr\u00f3xima semana; <strong>el 27 del mismo mes es la fecha limite.<\/strong> Cada equipo podr\u00e1 reforzarse con cuatro jugadores en esta etapa.<\/p>\n<\/div>\n<div class=\"sc-a7166897-0 exHLBh\" readability=\"6.5\">\n<section readability=\"3\"><picture><img alt=\"Mercado de pases: uno por uno, los refuerzos y las bajas en los 28 equipos\" src=\"http:\/\/nuevacordoba.net\/wp-content\/uploads\/2024\/06\/salio-bicampeon-con-estudiantes-y-es-nuevo-refuerzo-de-arsenal-3.jpg\" width=\"290\" height=\"290\" decoding=\"async\" data-nimg=\"future\" loading=\"lazy\"><\/picture>\n<p><span>Mir\u00e1 tambi\u00e9n<\/span><\/p>\n<hr>\n<h3>Mercado de pases: uno por uno, los refuerzos y las bajas en los 28 equipos<\/h3>\n<\/p>\n<\/section>\n<\/div>\n<div class=\"sc-a7166897-0 exHLBh\" readability=\"6.5\">\n<section readability=\"3\"><picture><img alt=\"San Lorenzo, a punto de abrochar dos refuerzos\" src=\"http:\/\/nuevacordoba.net\/wp-content\/uploads\/2024\/06\/salio-bicampeon-con-estudiantes-y-es-nuevo-refuerzo-de-arsenal-4.jpg\" width=\"290\" height=\"290\" decoding=\"async\" data-nimg=\"future\" loading=\"lazy\"><\/picture>\n<p><span>Mir\u00e1 tambi\u00e9n<\/span><\/p>\n<hr>\n<h3>San Lorenzo, a punto de abrochar dos refuerzos<\/h3>\n<\/p>\n<\/section>\n<\/div>\n<div class=\"sc-a7166897-0 exHLBh\" readability=\"6\">\n<section readability=\"2\"><picture><img alt=\"Entradas agotadas para ver al campe\u00f3n en Atlanta\" src=\"http:\/\/nuevacordoba.net\/wp-content\/uploads\/2024\/06\/salio-bicampeon-con-estudiantes-y-es-nuevo-refuerzo-de-arsenal-5.jpg\" width=\"290\" height=\"290\" decoding=\"async\" data-nimg=\"future\" loading=\"lazy\"><\/picture>\n<p><span>Mir\u00e1 tambi\u00e9n<\/span><\/p>\n<hr>\n<h3>Entradas agotadas para ver al campe\u00f3n en Atlanta<\/h3>\n<\/p>\n<\/section>\n<\/div>\n<div class=\"sc-a7166897-0 exHLBh\" readability=\"6\">\n<section readability=\"2\"><picture><img alt=\"Empate entre Escocia y Suiza en la Euro\" src=\"http:\/\/nuevacordoba.net\/wp-content\/uploads\/2024\/06\/salio-bicampeon-con-estudiantes-y-es-nuevo-refuerzo-de-arsenal-6.jpg\" width=\"290\" height=\"290\" decoding=\"async\" data-nimg=\"future\" loading=\"lazy\"><\/picture>\n<p><span>Mir\u00e1 tambi\u00e9n<\/span><\/p>\n<hr>\n<h3>Empate entre Escocia y Suiza en la Euro<\/h3>\n<\/p>\n<\/section>\n<\/div>\n<\/div>\n","protected":false},"excerpt":{"rendered":"<p>20\/06\/2024 07:22hs. El presente de Arsenal de Sarand\u00ed en la Primera Nacional, tras su descenso de la Liga Profesional, no est\u00e1 siendo bueno: se ubica 14\u00b0 a 3 puntos del descenso. Por este motivo es que el conjunto del Viaducto comenz\u00f3 a moverse en el mercado y cerr\u00f3 la llegada de un refuerzo: Juan Pablo [&hellip;]<\/p>\n","protected":false},"author":1,"featured_media":44754,"comment_status":"closed","ping_status":"closed","sticky":false,"template":"","format":"standard","meta":[],"categories":[10],"tags":[],"_links":{"self":[{"href":"http:\/\/nuevacordoba.net\/index.php\/wp-json\/wp\/v2\/posts\/44753"}],"collection":[{"href":"http:\/\/nuevacordoba.net\/index.php\/wp-json\/wp\/v2\/posts"}],"about":[{"href":"http:\/\/nuevacordoba.net\/index.php\/wp-json\/wp\/v2\/types\/post"}],"author":[{"embeddable":true,"href":"http:\/\/nuevacordoba.net\/index.php\/wp-json\/wp\/v2\/users\/1"}],"replies":[{"embeddable":true,"href":"http:\/\/nuevacordoba.net\/index.php\/wp-json\/wp\/v2\/comments?post=44753"}],"version-history":[{"count":0,"href":"http:\/\/nuevacordoba.net\/index.php\/wp-json\/wp\/v2\/posts\/44753\/revisions"}],"wp:featuredmedia":[{"embeddable":true,"href":"http:\/\/nuevacordoba.net\/index.php\/wp-json\/wp\/v2\/media\/44754"}],"wp:attachment":[{"href":"http:\/\/nuevacordoba.net\/index.php\/wp-json\/wp\/v2\/media?parent=44753"}],"wp:term":[{"taxonomy":"category","embeddable":true,"href":"http:\/\/nuevacordoba.net\/index.php\/wp-json\/wp\/v2\/categories?post=44753"},{"taxonomy":"post_tag","embeddable":true,"href":"http:\/\/nuevacordoba.net\/index.php\/wp-json\/wp\/v2\/tags?post=44753"}],"curies":[{"name":"wp","href":"https:\/\/api.w.org\/{rel}","templated":true}]}}