{"id":44768,"date":"2024-06-20T17:36:15","date_gmt":"2024-06-20T17:36:15","guid":{"rendered":"https:\/\/prensa.cba.gov.ar\/?p=596147"},"modified":"2024-06-20T17:36:15","modified_gmt":"2024-06-20T17:36:15","slug":"llegan-mas-moviles-policiales-a-los-departamentos-rio-segundo-y-san-martin","status":"publish","type":"post","link":"http:\/\/nuevacordoba.net\/index.php\/2024\/06\/20\/llegan-mas-moviles-policiales-a-los-departamentos-rio-segundo-y-san-martin\/","title":{"rendered":"Llegan m\u00e1s m\u00f3viles policiales a los departamentos R\u00edo Segundo y San Martin"},"content":{"rendered":"<ul class=\" eplus-wrapper eplus-styles-uid-efaef9\">\n<li class=\" eplus-wrapper\"><strong>Se trata de camionetas 4\u00d72 cero kil\u00f3metro, equipadas con tecnolog\u00eda de \u00faltima generaci\u00f3n para reforzar las tareas preventivas y de vigilancia.<\/strong><\/li>\n<li class=\" eplus-wrapper\"><strong><em>\u201cEn esta circunstancia tan dif\u00edcil del pa\u00eds, la Provincia hace el esfuerzo econ\u00f3mico para que nuestra fuerza de seguridad tenga todo el equipamiento pertinente\u201d<\/em> se\u00f1al\u00f3 el gobernador Mart\u00edn Llaryora.<\/strong><\/li>\n<\/ul>\n<p class=\" eplus-wrapper\">El gobernador <strong>Mart\u00edn Llaryora<\/strong> realiz\u00f3 la entrega de <strong>siete m\u00f3viles policiales<\/strong> para las departamentales <strong>R\u00edo Segundo y General San Mart\u00edn.<\/strong><\/p>\n<p class=\" eplus-wrapper\">Se trata de camionetas 4\u00d72, cero kil\u00f3metro, equipadas con tecnolog\u00eda de \u00faltima generaci\u00f3n para reforzar las tareas preventivas y de vigilancia.<\/p>\n<p class=\" eplus-wrapper\">Estas unidades son parte del plan de inversiones que el Gobierno de la Provincia de C\u00f3rdoba realiza para dotar a las fuerzas de seguridad de m\u00e1s y mejores herramientas.<\/p>\n<figure class=\" wp-block-gallery has-nested-images columns-default is-cropped eplus-wrapper wp-block-gallery-1 is-layout-flex wp-block-gallery-is-layout-flex\">\n<figure class=\"wp-block-image size-large eplus-wrapper\"><img loading=\"lazy\" decoding=\"async\" width=\"1024\" height=\"682\" data-id=\"596150\" src=\"http:\/\/nuevacordoba.net\/wp-content\/uploads\/2024\/06\/llegan-mas-moviles-policiales-a-los-departamentos-rio-segundo-y-san-martin.jpg\" alt class=\"wp-image-596150\" srcset=\"http:\/\/nuevacordoba.net\/wp-content\/uploads\/2024\/06\/llegan-mas-moviles-policiales-a-los-departamentos-rio-segundo-y-san-martin.jpg 1024w, http:\/\/nuevacordoba.net\/wp-content\/uploads\/2024\/06\/llegan-mas-moviles-policiales-a-los-departamentos-rio-segundo-y-san-martin-2.jpg 300w, http:\/\/nuevacordoba.net\/wp-content\/uploads\/2024\/06\/llegan-mas-moviles-policiales-a-los-departamentos-rio-segundo-y-san-martin-3.jpg 768w, http:\/\/nuevacordoba.net\/wp-content\/uploads\/2024\/06\/llegan-mas-moviles-policiales-a-los-departamentos-rio-segundo-y-san-martin-4.jpg 1536w, http:\/\/nuevacordoba.net\/wp-content\/uploads\/2024\/06\/llegan-mas-moviles-policiales-a-los-departamentos-rio-segundo-y-san-martin-5.jpg 1600w\" sizes=\"(max-width: 1024px) 100vw, 1024px\"><\/figure>\n<figure class=\"wp-block-image size-large eplus-wrapper\"><img loading=\"lazy\" decoding=\"async\" width=\"1024\" height=\"682\" data-id=\"596151\" src=\"http:\/\/nuevacordoba.net\/wp-content\/uploads\/2024\/06\/llegan-mas-moviles-policiales-a-los-departamentos-rio-segundo-y-san-martin-1.jpg\" alt class=\"wp-image-596151\" srcset=\"http:\/\/nuevacordoba.net\/wp-content\/uploads\/2024\/06\/llegan-mas-moviles-policiales-a-los-departamentos-rio-segundo-y-san-martin-1.jpg 1024w, http:\/\/nuevacordoba.net\/wp-content\/uploads\/2024\/06\/llegan-mas-moviles-policiales-a-los-departamentos-rio-segundo-y-san-martin-6.jpg 300w, http:\/\/nuevacordoba.net\/wp-content\/uploads\/2024\/06\/llegan-mas-moviles-policiales-a-los-departamentos-rio-segundo-y-san-martin-7.jpg 768w, http:\/\/nuevacordoba.net\/wp-content\/uploads\/2024\/06\/llegan-mas-moviles-policiales-a-los-departamentos-rio-segundo-y-san-martin-8.jpg 1536w, http:\/\/nuevacordoba.net\/wp-content\/uploads\/2024\/06\/llegan-mas-moviles-policiales-a-los-departamentos-rio-segundo-y-san-martin-9.jpg 1600w\" sizes=\"(max-width: 1024px) 100vw, 1024px\"><\/figure>\n<\/figure>\n<p class=\" eplus-wrapper\">Al respecto, el gobernador se\u00f1al\u00f3: <em>\u201cPara nosotros es muy importante reforzar la seguridad. En esta entrega es una inversi\u00f3n superior a los 300 millones de pesos\u201d.<\/em><\/p>\n<p class=\" eplus-wrapper\">El mandatario explic\u00f3 que se trata de <em>\u201ccamionetas de \u00faltima generaci\u00f3n con todos los elementos necesarios para poder patrullar la ciudad y la zona rural\u201d.<\/em><\/p>\n<p class=\" eplus-wrapper\"><em>\u201cEs un trabajo arduo de d\u00eda a d\u00eda, pero en esta circunstancia tan dif\u00edcil del pa\u00eds, la Provincia hace el esfuerzo econ\u00f3mico para que nuestra fuerza de seguridad, tanto la local como la provincial, tengan todo el equipamiento pertinente\u201d<\/em> consider\u00f3 Mart\u00edn Llaryora.<\/p>\n<p class=\" eplus-wrapper\">En la oportunidad, el gobernador tambi\u00e9n valor\u00f3 la implementaci\u00f3n de las armas no letales y dijo que <em>\u201ces una incorporaci\u00f3n tecnol\u00f3gica que le permite a los polic\u00edas poder actuar en situaciones donde antes no ten\u00edan ninguna posibilidad. Esta tecnolog\u00eda que se usa en muy pocos pa\u00edses del mundo, en los m\u00e1s desarrollados, la hemos incorporado en C\u00f3rdoba.\u201d<\/em><\/p>\n<figure class=\" wp-block-audio eplus-wrapper\"><audio controls src=\"https:\/\/prensa.cba.gov.ar\/wp-content\/uploads\/2024\/06\/Llaryora-Moviles-.mp3\"><\/audio><figcaption class=\"wp-element-caption\"><em><strong>Gobernador Mart\u00edn Llaryora <\/strong><\/em><\/figcaption><\/figure>\n","protected":false},"excerpt":{"rendered":"<p>Se trata de camionetas 4\u00d72 cero kil\u00f3metro, equipadas con tecnolog\u00eda de \u00faltima generaci\u00f3n para reforzar las tareas preventivas y de vigilancia. \u201cEn esta circunstancia tan dif\u00edcil del pa\u00eds, la Provincia hace el esfuerzo econ\u00f3mico para que nuestra fuerza de seguridad tenga todo el equipamiento pertinente\u201d se\u00f1al\u00f3 el gobernador Mart\u00edn Llaryora. El gobernador Mart\u00edn Llaryora realiz\u00f3 [&hellip;]<\/p>\n","protected":false},"author":1,"featured_media":44769,"comment_status":"closed","ping_status":"closed","sticky":false,"template":"","format":"standard","meta":[],"categories":[14],"tags":[],"_links":{"self":[{"href":"http:\/\/nuevacordoba.net\/index.php\/wp-json\/wp\/v2\/posts\/44768"}],"collection":[{"href":"http:\/\/nuevacordoba.net\/index.php\/wp-json\/wp\/v2\/posts"}],"about":[{"href":"http:\/\/nuevacordoba.net\/index.php\/wp-json\/wp\/v2\/types\/post"}],"author":[{"embeddable":true,"href":"http:\/\/nuevacordoba.net\/index.php\/wp-json\/wp\/v2\/users\/1"}],"replies":[{"embeddable":true,"href":"http:\/\/nuevacordoba.net\/index.php\/wp-json\/wp\/v2\/comments?post=44768"}],"version-history":[{"count":0,"href":"http:\/\/nuevacordoba.net\/index.php\/wp-json\/wp\/v2\/posts\/44768\/revisions"}],"wp:featuredmedia":[{"embeddable":true,"href":"http:\/\/nuevacordoba.net\/index.php\/wp-json\/wp\/v2\/media\/44769"}],"wp:attachment":[{"href":"http:\/\/nuevacordoba.net\/index.php\/wp-json\/wp\/v2\/media?parent=44768"}],"wp:term":[{"taxonomy":"category","embeddable":true,"href":"http:\/\/nuevacordoba.net\/index.php\/wp-json\/wp\/v2\/categories?post=44768"},{"taxonomy":"post_tag","embeddable":true,"href":"http:\/\/nuevacordoba.net\/index.php\/wp-json\/wp\/v2\/tags?post=44768"}],"curies":[{"name":"wp","href":"https:\/\/api.w.org\/{rel}","templated":true}]}}