{"id":44788,"date":"2024-06-20T03:02:00","date_gmt":"2024-06-20T03:02:00","guid":{"rendered":"https:\/\/puntoapunto.com.ar\/?p=362080"},"modified":"2024-06-20T03:02:00","modified_gmt":"2024-06-20T03:02:00","slug":"politica-a-punto-diputados-quieren-que-gobernadores-defiendan-en-publico-la-inclusion-del-impuesto-a-las-ganancias","status":"publish","type":"post","link":"http:\/\/nuevacordoba.net\/index.php\/2024\/06\/20\/politica-a-punto-diputados-quieren-que-gobernadores-defiendan-en-publico-la-inclusion-del-impuesto-a-las-ganancias\/","title":{"rendered":"Pol\u00edtica a Punto: Diputados quieren que gobernadores defiendan en p\u00fablico la inclusi\u00f3n del Impuesto a las Ganancias"},"content":{"rendered":"<div class=\"g g-36\">\n<div class=\"g-dyn a-29 c-1\"><a class=\"gofollow\" data-track=\"MjksMzYsMSw2MA==\" href=\"https:\/\/www.harmoniechateau.com.ar\/\" target=\"_blank\" rel=\"noopener\"><img src=\"http:\/\/nuevacordoba.net\/wp-content\/uploads\/2024\/06\/politica-a-punto-diputados-quieren-que-gobernadores-defiendan-en-publico-la-inclusion-del-impuesto-a-las-ganancias.jpg\" loading=\"lazy\"><\/a><\/div>\n<\/div>\n<p>&nbsp;\n<\/p>\n<p><strong>Por Eduardo Bocco.<\/strong> El gobierno nacional vuelve a tener otra negociaci\u00f3n clave en el Congreso para sacar primero dictamen favorable a la ley Bases sancionada en la C\u00e1mara de Senadores y posteriormente votarla en el recinto de la C\u00e1mara de Diputados. Hoy el oficialismo apura los tiempos para que la discusi\u00f3n en el plenario sea el 27 de junio, pero no hay nada definido. Hay que ver cu\u00e1nto demoran las comisiones para sacar el despacho.\n<\/p>\n<p>Un buen n\u00famero de legisladores dialoguistas, dispuestos a acompa\u00f1ar el proyecto oficial, ponen algunos condicionamientos para votar y realizar cambios a la ley como vino del Senado, especialmente en lo que hace al paquete fiscal.\n<\/p>\n<p>A pedido del presidente Javier Milei, apuestan a legislar sobre el inc\u00f3modo Impuesto a las Ganancias, aunque siempre con un piso alto: 1,8 mill\u00f3n de pesos.&nbsp; Esa inclusi\u00f3n resulta sustancial y de alguna manera entusiasma a los gobernadores, aunque no lo digan y miren para otro lado cada vez que se habla del tema. Es que se trata de un gravamen coparticipable que implica un monto significativo para cada una de las provincias.\n<\/p>\n<p>Pero muchos de los legisladores dialoguistas desaceleran y exigen un compromiso p\u00fablico de los gobernadores apoyando este cambio, o esta vuelta al proyecto original. \u201cQue den la cara ellos (los mandatarios provinciales) sino quedamos nosotros siempre expuestos y aparecemos como los malos de la pel\u00edcula\u201d, manifest\u00f3 un dirigente cercano al bloque que comanda Miguel \u00c1ngel Pichetto.<\/p>\n<p>Se vienen d\u00edas de largas negociaciones entre los legisladores dispuestos a darle la herramienta al gobierno y los funcionarios de Milei, capitaneados por el jefe de Gabinete, Guillermo Francos.\n<\/p>\n<p>Los diputados quieren hacer todo \u201cmuy prolijo\u201d seg\u00fan voceros del cuerpo y consideran que fue \u201capresurada\u201d la reuni\u00f3n que mantuvieron legisladores de la c\u00e1mara baja con Francos y otros miembros de la administraci\u00f3n nacional.\n<\/p>\n<p>Es que nadie se quiere quemar con leche y los parlamentarios quieren evitar los esc\u00e1ndalos y la grosera actitud de la legisladora patag\u00f3nica Lucila Crexell, quien curiosamente fue propuesta para ocupar la embajada argentina en la Unesco d\u00edas antes de cambiar su voto de negativo a positivo. Un espanto que ni el gobierno ni la senadora pueden explicar.\n<\/p>\n<p>Es casi lo mismo que lo que pas\u00f3 durante la famosa \u201cBanelco\u201d con la cual el gobierno de Fernando de la R\u00faa habr\u00eda supuestamente sobornado a un grupo de legisladores para que votaran la reforma laboral. Eso fue un esc\u00e1ndalo.\n<\/p>\n<p>El de Crexell tambi\u00e9n es un hecho bochornoso pero los medios y la opini\u00f3n p\u00fablica ins\u00f3litamente lo dejaron pasar y lo consideraron casi una an\u00e9cdota en el marco de estas discusiones. \u201cTodo pasa\u201d, como estaba escrito en el sello del anillo del fallecido ex presidente de AFA, Julio Grondona, amigo de componendas y negociaciones claras y de las otras.\n<\/p>\n<div class=\"g g-38\">\n<div class=\"g-dyn a-12 c-1\"><a class=\"gofollow\" data-track=\"MTIsMzgsMSw2MA==\" href=\"https:\/\/form.jotform.com\/240784464263663\" target=\"_blank\" rel=\"noopener\"><img src=\"http:\/\/nuevacordoba.net\/wp-content\/uploads\/2024\/06\/politica-a-punto-diputados-quieren-que-gobernadores-defiendan-en-publico-la-inclusion-del-impuesto-a-las-ganancias-1.jpg\" loading=\"lazy\"><\/a><\/div>\n<\/div>\n","protected":false},"excerpt":{"rendered":"<p>&nbsp; Por Eduardo Bocco. El gobierno nacional vuelve a tener otra negociaci\u00f3n clave en el Congreso para sacar primero dictamen favorable a la ley Bases sancionada en la C\u00e1mara de Senadores y posteriormente votarla en el recinto de la C\u00e1mara de Diputados. Hoy el oficialismo apura los tiempos para que la discusi\u00f3n en el plenario [&hellip;]<\/p>\n","protected":false},"author":1,"featured_media":44789,"comment_status":"open","ping_status":"closed","sticky":false,"template":"","format":"standard","meta":[],"categories":[12,14],"tags":[],"_links":{"self":[{"href":"http:\/\/nuevacordoba.net\/index.php\/wp-json\/wp\/v2\/posts\/44788"}],"collection":[{"href":"http:\/\/nuevacordoba.net\/index.php\/wp-json\/wp\/v2\/posts"}],"about":[{"href":"http:\/\/nuevacordoba.net\/index.php\/wp-json\/wp\/v2\/types\/post"}],"author":[{"embeddable":true,"href":"http:\/\/nuevacordoba.net\/index.php\/wp-json\/wp\/v2\/users\/1"}],"replies":[{"embeddable":true,"href":"http:\/\/nuevacordoba.net\/index.php\/wp-json\/wp\/v2\/comments?post=44788"}],"version-history":[{"count":0,"href":"http:\/\/nuevacordoba.net\/index.php\/wp-json\/wp\/v2\/posts\/44788\/revisions"}],"wp:featuredmedia":[{"embeddable":true,"href":"http:\/\/nuevacordoba.net\/index.php\/wp-json\/wp\/v2\/media\/44789"}],"wp:attachment":[{"href":"http:\/\/nuevacordoba.net\/index.php\/wp-json\/wp\/v2\/media?parent=44788"}],"wp:term":[{"taxonomy":"category","embeddable":true,"href":"http:\/\/nuevacordoba.net\/index.php\/wp-json\/wp\/v2\/categories?post=44788"},{"taxonomy":"post_tag","embeddable":true,"href":"http:\/\/nuevacordoba.net\/index.php\/wp-json\/wp\/v2\/tags?post=44788"}],"curies":[{"name":"wp","href":"https:\/\/api.w.org\/{rel}","templated":true}]}}