{"id":44806,"date":"2024-06-20T18:49:03","date_gmt":"2024-06-20T18:49:03","guid":{"rendered":"https:\/\/www.ole.com.ar\/autos\/franco-colapinto-sexta-fecha-formula-2barcelona-horarios-ver_0_LOxtUwNNue.html"},"modified":"2024-06-20T18:49:03","modified_gmt":"2024-06-20T18:49:03","slug":"colapinto-corre-en-barcelona-horarios-y-como-ver-la-sexta-fecha-de-la-formula-2","status":"publish","type":"post","link":"http:\/\/nuevacordoba.net\/index.php\/2024\/06\/20\/colapinto-corre-en-barcelona-horarios-y-como-ver-la-sexta-fecha-de-la-formula-2\/","title":{"rendered":"Colapinto corre en Barcelona: horarios y c\u00f3mo ver la sexta fecha de la F\u00f3rmula 2"},"content":{"rendered":"<p><time class=\"createDate\" datetime=\"2024-06-21T13:15:00-03:00\">21\/06\/2024 13:15hs.<\/time><\/p>\n<div id=\"storyBody\">\n<div class=\"custom-text \" readability=\"24.753521126761\">\n<p>Pasada la clasificaci\u00f3n de la <strong>F2<\/strong>, <a href=\"https:\/\/www.ole.com.ar\/autos\/franco-colapinto-f2-formula-2024-hoy-espana-barcelona-clasificacion-practica-carrera-resultado_0_7ZT5LIh3aj.html\" target=\"_self\" title=\"en la que Franco Colapinto tuvo un rendimiento sensacional que lo posicion\u00f3 entre los mejores\" alt=\"en la que Franco Colapinto tuvo un rendimiento sensacional que lo posicion\u00f3 entre los mejores\" rel=\"noopener\">en la que Franco Colapinto tuvo un rendimiento sensacional que lo posicion\u00f3 entre los mejores<\/a>, lo que sigue es la carrera sprint del s\u00e1bado y la final del domingo. <strong>Conoc\u00e9 todos los detalles: d\u00edas, horarios y d\u00f3nde se pueden ver los dos eventos.<\/strong><\/p>\n<\/div>\n<div class=\"custom-text \" readability=\"34.444444444444\">\n<p>El pilarense de 21 a\u00f1os, <a href=\"https:\/\/www.ole.com.ar\/autos\/franco-colapinto-entrevista-formula-2-cerca-formula-1-camiseta-casco-messi-apoyo-bizarrap_0_Rkc8h5zAWL.html\" target=\"_self\" title=\"que en la previa le dio una entrevista a Ol\u00e9\" alt=\"que en la previa le dio una entrevista a Ol\u00e9\" rel=\"noopener\">que en la previa le dio una entrevista a Ol\u00e9<\/a>, lleg\u00f3 con mucha confianza a la pista catalana, donde realiz\u00f3 los tests de este a\u00f1o que le permitieron mejorar el rendimiento de su monoposto, y <strong>en la F\u00f3rmula 3 obtuvo un segundo puesto de la carrera larga hace casi un a\u00f1o<\/strong>, el 4 de junio del 2024.<\/p>\n<\/div>\n<div class=\"sc-e7b891c4-0 jPbnQF\"><img alt=\"Colapinto en su Williams N\u00b0 12.\" src=\"http:\/\/nuevacordoba.net\/wp-content\/uploads\/2024\/06\/colapinto-corre-en-barcelona-horarios-y-como-ver-la-sexta-fecha-de-la-formula-2.jpg\" width=\"720\" height=\"100\" decoding=\"async\" data-nimg=\"future\" loading=\"lazy\"><span class=\"epigraphe\">Colapinto en su Williams N\u00b0 12.<\/span><\/div>\n<div class=\"custom-text \" readability=\"41\">\n<p>Tras una victoria en la Sprint de Imola, donde al d\u00eda siguiente consigui\u00f3 el cuarto puesto, y un quinto lugar en M\u00f3naco con abandono el domingo, el hincha de Boca busca llegar al podio en Espa\u00f1a. \u00ab<strong>Tengo ganas de correr en Barcelona, es un circuito que me gusta y conozco<\/strong>. El auto nuestro funciona bien y tuve muy buenos tests, puede ser una buena carrera\u00bb, augur\u00f3. <\/p>\n<\/div>\n<p><h2><strong>Franco Colapinto en Espa\u00f1a: d\u00edas, horarios y d\u00f3nde ver<\/strong><\/h2>\n<\/p>\n<div class=\"custom-text \" readability=\"40\">\n<p><strong>El s\u00e1bado 22, a las 9.15, se correr\u00e1 la carrera sprint<\/strong>, con los diez primeros lugares de la grilla invertidos respecto de la qualy: por su tercera posici\u00f3n, Colapinto partir\u00e1 desde el 8\u00b0 puesto. <strong>La carrera <em>feature<\/em>, el domingo, largar\u00e1 a las 6.35<\/strong>. Todo ser\u00e1 televisado por <strong>Star +<\/strong>.<\/p>\n<\/div>\n<div class=\"custom-text \" readability=\"36\">\n<p>El volante de la escuela Williams llega al Circuito de Barcelona en el <strong>8\u00b0 puesto de la general, con 38 unidades<\/strong>. El l\u00edder es el neozeland\u00e9s Paul Aron (80), a quien Franco super\u00f3 en la \u00faltima vuelta para ganar en Imola.<\/p>\n<\/div>\n<p><h2><strong>Las palabras de Franco Colapinto en la Academy Drivers<\/strong><\/h2>\n<\/p>\n<div class=\"custom-text \" readability=\"42\">\n<p>Franco se present\u00f3 con el equipo brit\u00e1nico Williams en la Academy Drivers y comenz\u00f3 a hablar en ingl\u00e9s, pero viendo el contexto -banderas argentinas, espa\u00f1oles- cambi\u00f3 el idioma. \u201cMejor en espa\u00f1ol, \u00bfno? <strong>Veo muchas remeras con las tres estrellas, me encanta<\/strong>. Muchas gracias a todos por venir. Para m\u00ed es muy importante el apoyo que tuve de todo mi pa\u00eds\u201d, dijo. \u201cMejor hablar un poco en espa\u00f1ol porque si no me van a entender la mitad. Que aprendan un poquito los ingleses, ja\u201d, agreg\u00f3.<\/p>\n<\/div>\n<div class=\"custom-text \" readability=\"46\">\n<p>Tambi\u00e9n le preguntaron si iba a ver la Copa Am\u00e9rica, con el debut de Argentina este jueves pero coincidente con la fecha de Barcelona. \u00ab<strong>No tenemos carrera el d\u00eda de la final, as\u00ed que, si la Selecci\u00f3n llega, voy a ir. Realmente admiro a Lionel Messi, por supuesto<\/strong>, lo respeto como persona y como deportista. Es una gran persona, muy humilde y, por el \u00e9xito que ha tenido, es bastante impresionante\u201d, aclar\u00f3 Franco, quien recibi\u00f3 una camiseta del 10 antes de ganar en Imola el 18 de mayo.<\/p>\n<\/div>\n<div class=\"custom-embedhtml\" readability=\"6.0869565217391\">\n<blockquote class=\"twitter-tweet\" readability=\"6.4927536231884\">\n<p lang=\"es\" dir=\"ltr\">Franco\ud83d\udde3 \u00abMejor hablemos un poquito en Espa\u00f1ol, sino no me van a entender la mitad\u00bb.<\/p>\n<p>\u00abQue aprendan un poco los ingleses\u00bb.<a href=\"https:\/\/t.co\/zI76WTa6vc\">pic.twitter.com\/zI76WTa6vc<\/a><\/p>\n<p>\u2014 Colapinto News\ud83c\udde6\ud83c\uddf7 (@Colapinto_news) <a href=\"https:\/\/twitter.com\/Colapinto_news\/status\/1803444831517057259?ref_src=twsrc%5Etfw\">June 19, 2024<\/a><\/p><\/blockquote><\/div>\n<div class=\"sc-a7166897-0 exHLBh\" readability=\"7\">\n<section readability=\"4\"><picture><img alt=\"Franco Colapinto: se siente cerca de la F\u00f3rmula 1, el casco para Messi y el apoyo de Bizarrap\" src=\"http:\/\/nuevacordoba.net\/wp-content\/uploads\/2024\/06\/colapinto-corre-en-barcelona-horarios-y-como-ver-la-sexta-fecha-de-la-formula-2-1.jpg\" width=\"290\" height=\"290\" decoding=\"async\" data-nimg=\"future\" loading=\"lazy\"><\/picture>\n<p><span>Mir\u00e1 tambi\u00e9n<\/span><\/p>\n<hr>\n<h3>Franco Colapinto: se siente cerca de la F\u00f3rmula 1, el casco para Messi y el apoyo de Bizarrap<\/h3>\n<\/p>\n<\/section>\n<\/div>\n<div class=\"sc-a7166897-0 exHLBh\" readability=\"6\">\n<section readability=\"2\"><picture><img alt=\"Kevin Benavides tras su grave accidente: &quot;Ya tengo ganas de andar en moto&quot;\" src=\"http:\/\/nuevacordoba.net\/wp-content\/uploads\/2024\/06\/colapinto-corre-en-barcelona-horarios-y-como-ver-la-sexta-fecha-de-la-formula-2-2.jpg\" width=\"290\" height=\"290\" decoding=\"async\" data-nimg=\"future\" loading=\"lazy\"><\/picture>\n<p><span>Mir\u00e1 tambi\u00e9n<\/span><\/p>\n<hr>\n<h3>Kevin Benavides tras su grave accidente: \u00abYa tengo ganas de andar en moto\u00bb<\/h3>\n<\/p>\n<\/section>\n<\/div>\n<div class=\"sc-a7166897-0 exHLBh\" readability=\"6.5\">\n<section readability=\"3\"><picture><img alt=\"Agust\u00edn Canapino en Laguna Seca: d\u00eda, horario y d\u00f3nde ver la carrera del IndyCar\" src=\"http:\/\/nuevacordoba.net\/wp-content\/uploads\/2024\/06\/colapinto-corre-en-barcelona-horarios-y-como-ver-la-sexta-fecha-de-la-formula-2-3.jpg\" width=\"290\" height=\"290\" decoding=\"async\" data-nimg=\"future\" loading=\"lazy\"><\/picture>\n<p><span>Mir\u00e1 tambi\u00e9n<\/span><\/p>\n<hr>\n<h3>Agust\u00edn Canapino en Laguna Seca: d\u00eda, horario y d\u00f3nde ver la carrera del IndyCar<\/h3>\n<\/p>\n<\/section>\n<\/div>\n<\/div>\n","protected":false},"excerpt":{"rendered":"<p>21\/06\/2024 13:15hs. Pasada la clasificaci\u00f3n de la F2, en la que Franco Colapinto tuvo un rendimiento sensacional que lo posicion\u00f3 entre los mejores, lo que sigue es la carrera sprint del s\u00e1bado y la final del domingo. Conoc\u00e9 todos los detalles: d\u00edas, horarios y d\u00f3nde se pueden ver los dos eventos. El pilarense de 21 [&hellip;]<\/p>\n","protected":false},"author":1,"featured_media":44807,"comment_status":"closed","ping_status":"closed","sticky":false,"template":"","format":"standard","meta":[],"categories":[10],"tags":[],"_links":{"self":[{"href":"http:\/\/nuevacordoba.net\/index.php\/wp-json\/wp\/v2\/posts\/44806"}],"collection":[{"href":"http:\/\/nuevacordoba.net\/index.php\/wp-json\/wp\/v2\/posts"}],"about":[{"href":"http:\/\/nuevacordoba.net\/index.php\/wp-json\/wp\/v2\/types\/post"}],"author":[{"embeddable":true,"href":"http:\/\/nuevacordoba.net\/index.php\/wp-json\/wp\/v2\/users\/1"}],"replies":[{"embeddable":true,"href":"http:\/\/nuevacordoba.net\/index.php\/wp-json\/wp\/v2\/comments?post=44806"}],"version-history":[{"count":0,"href":"http:\/\/nuevacordoba.net\/index.php\/wp-json\/wp\/v2\/posts\/44806\/revisions"}],"wp:featuredmedia":[{"embeddable":true,"href":"http:\/\/nuevacordoba.net\/index.php\/wp-json\/wp\/v2\/media\/44807"}],"wp:attachment":[{"href":"http:\/\/nuevacordoba.net\/index.php\/wp-json\/wp\/v2\/media?parent=44806"}],"wp:term":[{"taxonomy":"category","embeddable":true,"href":"http:\/\/nuevacordoba.net\/index.php\/wp-json\/wp\/v2\/categories?post=44806"},{"taxonomy":"post_tag","embeddable":true,"href":"http:\/\/nuevacordoba.net\/index.php\/wp-json\/wp\/v2\/tags?post=44806"}],"curies":[{"name":"wp","href":"https:\/\/api.w.org\/{rel}","templated":true}]}}