{"id":45078,"date":"2024-06-27T22:56:22","date_gmt":"2024-06-27T22:56:22","guid":{"rendered":"http:\/\/cordobanewsnet.wordpress.com\/?p=10213"},"modified":"2024-06-27T22:56:22","modified_gmt":"2024-06-27T22:56:22","slug":"paseo-de-ciclismo-urbano-un-recorrido-que-invita-a-transitar-diferentes-espacios-de-la-ciudad","status":"publish","type":"post","link":"http:\/\/nuevacordoba.net\/index.php\/2024\/06\/27\/paseo-de-ciclismo-urbano-un-recorrido-que-invita-a-transitar-diferentes-espacios-de-la-ciudad\/","title":{"rendered":"Paseo de ciclismo urbano: un recorrido que invita a transitar diferentes espacios de la ciudad"},"content":{"rendered":"<p>A partir de las 13:45 comenzar\u00e1n las acreditaciones y desde las 14:00hs el paseo desde la Universidad Libre del Ambiente<\/p>\n<p>El pr\u00f3ximo&nbsp;<strong>s\u00e1bado 29<\/strong>, se podr\u00e1 participar de la cuarta salida del Paseo de ciclismo urbano por la ciudad.<\/p>\n<p>A partir de las 13:45 comenzar\u00e1n las acreditaciones y desde las 14:00 el paseo desde la Universidad Libre del Ambiente (Av. del Piamonte s\/n).<\/p>\n<p>Se invita a los vecinos y visitantes a sumarse y disfrutar de esta actividad que&nbsp;<strong>propone el uso de la bicicleta como medio de transporte ecol\u00f3gico, adem\u00e1s de poder transitar 20 kil\u00f3metros de renovados y pintorescos espacios de la ciudad<\/strong>&nbsp;y cuyo recorrido puede conocerse en el siguiente&nbsp;<a href=\"https:\/\/www.google.com\/maps\/d\/viewer?mid=1zxp-bhrwUkU3BakpNQRHyZ4Eu512AJk&amp;ll=-31.366429796359874%2C-64.264064&amp;z=13\" target=\"_blank\" rel=\"noreferrer noopener\">link<\/a>.<\/p>\n<p>La propuesta invita a un itinerario recreativo, a velocidad controlada y supervisada por personal de la Subsecretar\u00eda de Deportes y Recreaci\u00f3n, quienes dirigir\u00e1n y acompa\u00f1aran durante el paseo a todos los ciclistas.<\/p>\n<p>Pueden participar mayores de 18 a\u00f1os y menores a partir de los 13 a\u00f1os acompa\u00f1ados por un adulto.<\/p>\n<p>Los principales puntos del paseo ser\u00e1n la Universidad Libre del Ambiente, Puente Tur\u00edn, Parque Bustos, Parque del Kempes, monumento a Mario Alberto Kempes y Parque del Chateau.<\/p>\n<p>Si no se dispone de movilidad propia, se puede optar por utilizar las unidades del servicio de bicicletas p\u00fablicas del Municipio, \u201cBicicba\u201d.<\/p>\n<p>La actividad es gratuita y con cupos limitados. Para sumarse, los interesados deber\u00e1n inscribirse en el siguiente&nbsp;<a href=\"https:\/\/bit.ly\/4taSalidaCiclismo\" target=\"_blank\" rel=\"noreferrer noopener\">enlace<\/a>.<\/p>\n<p>Se sugiere asistir con ropa y zapatillas c\u00f3modas adecuadas para la actividad, agua y protecci\u00f3n solar. Es importante resaltar que es obligatorio el uso de casco a lo largo de todo el recorrido.<\/p>\n<figure class=\"wp-block-image size-large\"><img loading=\"lazy\" data-attachment-id=\"10214\" data-permalink=\"https:\/\/cordobanewsnet.wordpress.com\/2024\/06\/27\/paseo-de-ciclismo-urbano-un-recorrido-que-invita-a-transitar-diferentes-espacios-de-la-ciudad\/image-138\/\" data-orig-file=\"https:\/\/cordobanewsnet.wordpress.com\/wp-content\/uploads\/2024\/06\/image-138.png\" data-orig-size=\"1600,1031\" data-comments-opened=\"1\" data-image-meta=\"{&quot;aperture&quot;:&quot;0&quot;,&quot;credit&quot;:&quot;&quot;,&quot;camera&quot;:&quot;&quot;,&quot;caption&quot;:&quot;&quot;,&quot;created_timestamp&quot;:&quot;0&quot;,&quot;copyright&quot;:&quot;&quot;,&quot;focal_length&quot;:&quot;0&quot;,&quot;iso&quot;:&quot;0&quot;,&quot;shutter_speed&quot;:&quot;0&quot;,&quot;title&quot;:&quot;&quot;,&quot;orientation&quot;:&quot;0&quot;}\" data-image-title=\"image\" data-image-description data-image-caption data-medium-file=\"https:\/\/cordobanewsnet.wordpress.com\/wp-content\/uploads\/2024\/06\/image-138.png?w=300\" data-large-file=\"https:\/\/cordobanewsnet.wordpress.com\/wp-content\/uploads\/2024\/06\/image-138.png?w=736\" tabindex=\"0\" role=\"button\" width=\"1024\" height=\"659\" src=\"http:\/\/nuevacordoba.net\/wp-content\/uploads\/2024\/06\/paseo-de-ciclismo-urbano-un-recorrido-que-invita-a-transitar-diferentes-espacios-de-la-ciudad.png\" alt class=\"wp-image-10214\"><\/figure>\n<p>Fuente : Hoy D\u00eda C\u00f3rdoba Argentina<\/p>\n<p><span id=\"wordads-inline-marker\"><\/span> <\/p>\n<div id=\"jp-post-flair\" class=\"sharedaddy sd-like-enabled sd-sharing-enabled\">\n<div class=\"sharedaddy sd-sharing-enabled\">\n<div class=\"robots-nocontent sd-block sd-social sd-social-icon-text sd-sharing\">\n<h3 class=\"sd-title\">Comparte esto:<\/h3>\n<\/div>\n<\/div>\n<div class=\"sharedaddy sd-block sd-like jetpack-likes-widget-wrapper jetpack-likes-widget-unloaded\" id=\"like-post-wrapper-143108178-10213-667dfe9121272\" data-src=\"\/\/widgets.wp.com\/likes\/index.html?ver=20240628#blog_id=143108178&amp;post_id=10213&amp;origin=cordobanewsnet.wordpress.com&amp;obj_id=143108178-10213-667dfe9121272\" data-name=\"like-post-frame-143108178-10213-667dfe9121272\" data-title=\"Me gusta o Compartir\">\n<p><span class=\"button\"><span>Me gusta<\/span><\/span> <span class=\"loading\">Cargando&#8230;<\/span><\/p>\n<p><span class=\"sd-text-color\"><\/span><\/div>\n<p><h3 class=\"jp-relatedposts-headline\"><em>Relacionado<\/em><\/h3>\n<\/p>\n<\/div>\n","protected":false},"excerpt":{"rendered":"<p>A partir de las 13:45 comenzar\u00e1n las acreditaciones y desde las 14:00hs el paseo desde la Universidad Libre del Ambiente El pr\u00f3ximo&nbsp;s\u00e1bado 29, se podr\u00e1 participar de la cuarta salida del Paseo de ciclismo urbano por la ciudad. A partir de las 13:45 comenzar\u00e1n las acreditaciones y desde las 14:00 el paseo desde la Universidad [&hellip;]<\/p>\n","protected":false},"author":1,"featured_media":45079,"comment_status":"closed","ping_status":"closed","sticky":false,"template":"","format":"standard","meta":[],"categories":[14],"tags":[],"_links":{"self":[{"href":"http:\/\/nuevacordoba.net\/index.php\/wp-json\/wp\/v2\/posts\/45078"}],"collection":[{"href":"http:\/\/nuevacordoba.net\/index.php\/wp-json\/wp\/v2\/posts"}],"about":[{"href":"http:\/\/nuevacordoba.net\/index.php\/wp-json\/wp\/v2\/types\/post"}],"author":[{"embeddable":true,"href":"http:\/\/nuevacordoba.net\/index.php\/wp-json\/wp\/v2\/users\/1"}],"replies":[{"embeddable":true,"href":"http:\/\/nuevacordoba.net\/index.php\/wp-json\/wp\/v2\/comments?post=45078"}],"version-history":[{"count":0,"href":"http:\/\/nuevacordoba.net\/index.php\/wp-json\/wp\/v2\/posts\/45078\/revisions"}],"wp:featuredmedia":[{"embeddable":true,"href":"http:\/\/nuevacordoba.net\/index.php\/wp-json\/wp\/v2\/media\/45079"}],"wp:attachment":[{"href":"http:\/\/nuevacordoba.net\/index.php\/wp-json\/wp\/v2\/media?parent=45078"}],"wp:term":[{"taxonomy":"category","embeddable":true,"href":"http:\/\/nuevacordoba.net\/index.php\/wp-json\/wp\/v2\/categories?post=45078"},{"taxonomy":"post_tag","embeddable":true,"href":"http:\/\/nuevacordoba.net\/index.php\/wp-json\/wp\/v2\/tags?post=45078"}],"curies":[{"name":"wp","href":"https:\/\/api.w.org\/{rel}","templated":true}]}}