{"id":45107,"date":"2024-06-27T22:38:22","date_gmt":"2024-06-27T22:38:22","guid":{"rendered":"https:\/\/www.ole.com.ar\/futbol-ascenso\/ascenso-primera-nacional-colon-chacarita-mercado-pases_0_bzIPhjUnfD.html"},"modified":"2024-06-27T22:38:22","modified_gmt":"2024-06-27T22:38:22","slug":"primera-nacional-se-extiende-el-mercado-de-pases","status":"publish","type":"post","link":"http:\/\/nuevacordoba.net\/index.php\/2024\/06\/27\/primera-nacional-se-extiende-el-mercado-de-pases\/","title":{"rendered":"Primera Nacional: se extiende el mercado de pases"},"content":{"rendered":"<p><time class=\"createDate\" datetime=\"2024-06-27T19:38:22-03:00\">27\/06\/2024 22:38hs.<\/time><\/p>\n<div id=\"storyBody\">\n<div class=\"custom-text \" readability=\"36.81308411215\">\n<p>Luego de lo que fue el parate de una semana en el Nacional, la pelota volvi\u00f3 a rodar en la Segunda categor\u00eda del f\u00fatbol argentino. <strong>San Mart\u00edn de San Juan y <a href=\"https:\/\/www.ole.com.ar\/colon\" target=\"_self\" title=\"Col\u00f3n de Santa Fe\" alt=\"Col\u00f3n de Santa Fe\" rel=\"noopener\">Col\u00f3n de Santa Fe<\/a>, son quienes lideran tanto la Zona A como la Zona B. En medio del campeonato, y como ocurre en todos lados, el mercado de pases est\u00e1 abierto.<\/strong><\/p>\n<\/div>\n<div class=\"custom-text \" readability=\"33.931034482759\">\n<p>Sin embargo esta semana el periodo de transferencias deb\u00eda cerrarse para los clubes de la <a href=\"https:\/\/www.ole.com.ar\/futbol-ascenso\/b-nacional\" target=\"_self\" title=\"Primera Nacional\" alt=\"Primera Nacional\" rel=\"noopener\">Primera Nacional<\/a>. Pero se tom\u00f3 una decisi\u00f3n importante respecto a este. <strong>El mercado se extendi\u00f3 hasta el mi\u00e9rcoles 3 de julio.<\/strong> <strong>Ahora bien, \u00bfc\u00f3mo vienen incorporando los equipos hasta el momento? <a href=\"https:\/\/www.ole.com.ar\/\" target=\"_self\" title=\"Ol\u00e9\" alt=\"Ol\u00e9\" rel=\"noopener\">Ol\u00e9<\/a> te trae las altas y bajas de los principales clubes.<\/strong><\/p>\n<\/div>\n<div class=\"sc-e7b891c4-0 jPbnQF\"><img alt=\"Se extendi\u00f3 el mercado del Nacional hasta el 3 de julio.\" src=\"http:\/\/nuevacordoba.net\/wp-content\/uploads\/2024\/06\/primera-nacional-se-extiende-el-mercado-de-pases.jpg\" width=\"720\" height=\"100\" decoding=\"async\" data-nimg=\"future\" loading=\"lazy\"><span class=\"epigraphe\">Se extendi\u00f3 el mercado del Nacional hasta el 3 de julio.<\/span><\/div>\n<p><h2><strong>El mercado del Nacional<\/strong><\/h2>\n<\/p>\n<div class=\"custom-text \" readability=\"38\">\n<p><strong>Agropecuario: <\/strong>El Sojero no tiene altas hasta el momento. Eso s\u00ed, se fueron de la instituci\u00f3n de Carlos Casares los siguientes futbolistas: Claudio Bieler, Rafael Barrios, y adem\u00e1s Gabriel G\u00f3mez, dej\u00f3 de ser el entrenador de Agropecuario.<\/p>\n<\/div>\n<div class=\"custom-text \" readability=\"35\">\n<p><strong>Aldosivi:<\/strong> Al Tibur\u00f3n solo lleg\u00f3 Lucas Gonz\u00e1lez. Dejaron el club de Mar del Plata, Federico Andrada, Santiago \u00dabeda y Lucas Varaldo.<\/p>\n<\/div>\n<div class=\"custom-text \" readability=\"36\">\n<p><strong>All Boys:<\/strong> Braian Miranda y el ex Chacarita, Juan Passaglia, llegaron a Floresta. Por su parte se fueron Thomas Amilivia, Alejo Antilef y Joaqu\u00edn Iba\u00f1ez.<\/p>\n<\/div>\n<div class=\"custom-text \" readability=\"36\">\n<p><strong>Almirante Brown: <\/strong>La Fragata abroch\u00f3 las llegadas de Joaqu\u00edn Ib\u00e1\u00f1ez, Samuel Portillo y Ram\u00f3n Gonz\u00e1lez Herrero. Se fueron de la instituci\u00f3n Lucas Villarruel, Kevin Barrionuevo y Sebasti\u00e1n Olivarez.<\/p>\n<\/div>\n<div class=\"sc-e7b891c4-0 jPbnQF\"><img alt=\"Almirante Brown sum\u00f3 tres incorporaciones. (Foto: Prensa Almirante Brown).\" src=\"http:\/\/nuevacordoba.net\/wp-content\/uploads\/2024\/06\/primera-nacional-se-extiende-el-mercado-de-pases-1.jpg\" width=\"720\" height=\"100\" decoding=\"async\" data-nimg=\"future\" loading=\"lazy\"><span class=\"epigraphe\">Almirante Brown sum\u00f3 tres incorporaciones. (Foto: Prensa Almirante Brown).<\/span><\/div>\n<div class=\"custom-text \" readability=\"43\">\n<p><strong>Arsenal:<\/strong> Juan Pablo Zozaya, Luciano Viano, Agust\u00edn Maziero, llegaron al Arse. Tom\u00e1s Sultani, Juan Camilo Saiz, Gast\u00f3n D\u00edaz, Mat\u00edas Ben\u00edtez, Alexis Segovia, Juan Peinipil y Joaqu\u00edn Petino, dejaron el Viaducto.<\/p>\n<\/div>\n<div class=\"custom-text \" readability=\"37\">\n<p><strong>Atlanta:<\/strong> Jonathan Ca\u00f1ete y Ca\u00edn Fara, ya fueron presentados en el Bohemio. Por otro lado, Joaqu\u00edn Ochoa Gim\u00e9nez, Alan Alegre y Maximiliano Rueda, se despidieron de Villa Crespo.<\/p>\n<\/div>\n<div class=\"custom-text \" readability=\"37\">\n<p><strong>Atl\u00e9tico Rafaela:<\/strong> Mat\u00edas Valdivia, Iv\u00e1n Sandoval, Emanuel Bilbao, firmaron con la Crema. Ignacio Turnes y Nazareno Funez, dejaron a uno de los equipos que peor presente tiene en el Nacional.<\/p>\n<\/div>\n<div class=\"custom-text \" readability=\"38\">\n<p><strong>Chacarita: <\/strong>Maico Quiroz y Cristian Gonz\u00e1lez, llegaron al Funebrero. Axel Guerra, Juan Pablo Passaglia, Exequiel Beltramone, Mat\u00edas Belloso, Nahuel Brunet y Tom\u00e1s Pizarro.<\/p>\n<\/div>\n<div class=\"custom-text \" readability=\"33\">\n<p><strong>Col\u00f3n:<\/strong> Uno de los punteros del Nacional, no tiene altas ni bajas.<\/p>\n<\/div>\n<div class=\"sc-e7b891c4-0 jPbnQF\"><img alt=\"Col\u00f3n es uno de los punteros del Nacional. (Fotobaires).\" src=\"http:\/\/nuevacordoba.net\/wp-content\/uploads\/2024\/06\/primera-nacional-se-extiende-el-mercado-de-pases-2.jpg\" width=\"720\" height=\"100\" decoding=\"async\" data-nimg=\"future\" loading=\"lazy\"><span class=\"epigraphe\">Col\u00f3n es uno de los punteros del Nacional. (Fotobaires).<\/span><\/div>\n<div class=\"custom-text \" readability=\"37\">\n<p><strong>Deportivo Mor\u00f3n:<\/strong> Bahiano Garc\u00eda y Fernando Moreyra, son las nuevas caras del Gallito. Eso s\u00ed, tuvo varias bajas: Ezequiel Rescaldani, Pablo Ferreira, Patricio N\u00fa\u00f1ez y Jonathan Ca\u00f1ete.<\/p>\n<\/div>\n<div class=\"custom-text \" readability=\"35\">\n<p><strong>Ferro: <\/strong>El Verdolaga incorpor\u00f3 a Mariano Monllor, Franco C\u00e1ceres y Diego Mercado. Se fueron de Oeste, Rodrigo Saracho y Misael Tar\u00f3n.<\/p>\n<\/div>\n<div class=\"custom-text \" readability=\"33\">\n<p><strong>Chicago:<\/strong> El Torito solo tiene bajas: Andr\u00e9s Escobar, Juan Rodr\u00edguez Silva y Mat\u00edas Bergara.<\/p>\n<\/div>\n<div class=\"custom-text \" readability=\"37\">\n<p><strong>Quilmes:<\/strong> El ex San Lorenzo, Enzo Kalinski, es el \u00fanico refuerzo del Cervecero. Alexis Steimbach, Lucas Abascia y Mart\u00edn Gim\u00e9nez, se fueron del conjunto del Sur.<\/p>\n<\/div>\n<div class=\"custom-text \" readability=\"34\">\n<p><strong>San Mart\u00edn de San Juan:<\/strong> Enzo Avaro y Nazareno Funez, llegaron al puntero de la Zona A. Solo se fue Kevin Gonz\u00e1lez.<\/p>\n<\/div>\n<div class=\"custom-text \" readability=\"35\">\n<p><strong>San Mart\u00edn de Tucum\u00e1n: <\/strong>El Ciruja present\u00f3 c\u00f3mo \u00fanico refuerzo a Mat\u00edas Garc\u00eda. Se fueron Iv\u00e1n Zafarana, Joaqu\u00edn Ib\u00e1\u00f1ez, Nahuel Banegas y Mateo Acosta.<\/p>\n<\/div>\n<div class=\"custom-text \" readability=\"39\">\n<p><strong>Temperley: <\/strong>Augusto Aguirre, Juli\u00e1n Carrasco, Emiliano Saliadarre y Franco Ayunta, llegaron al Gasolero. Por otra parte dejaron el club: Braian S\u00e1nchez, Lucas Angelini, Fernando Mart\u00ednez y Facundo Kr\u00fcger.<\/p>\n<\/div>\n<div class=\"sc-a7166897-0 exHLBh\" readability=\"6\">\n<section readability=\"2\"><picture><img alt=\"Fue bicampe\u00f3n en Racing y es nuevo refuerzo de un equipo del Nacional\" src=\"http:\/\/nuevacordoba.net\/wp-content\/uploads\/2024\/06\/primera-nacional-se-extiende-el-mercado-de-pases-3.jpg\" width=\"290\" height=\"290\" decoding=\"async\" data-nimg=\"future\" loading=\"lazy\"><\/picture>\n<p><span>Mir\u00e1 tambi\u00e9n<\/span><\/p>\n<hr>\n<h3>Fue bicampe\u00f3n en Racing y es nuevo refuerzo de un equipo del Nacional<\/h3>\n<\/p>\n<\/section>\n<\/div>\n<div class=\"sc-a7166897-0 exHLBh\" readability=\"6.5\">\n<section readability=\"3\"><picture><img alt=\"Messi: estudios, no fue a la pr\u00e1ctica y la mira en los cuartos de final\" src=\"http:\/\/nuevacordoba.net\/wp-content\/uploads\/2024\/06\/primera-nacional-se-extiende-el-mercado-de-pases-4.jpg\" width=\"290\" height=\"290\" decoding=\"async\" data-nimg=\"future\" loading=\"lazy\"><\/picture>\n<p><span>Mir\u00e1 tambi\u00e9n<\/span><\/p>\n<hr>\n<h3>Messi: estudios, no fue a la pr\u00e1ctica y la mira en los cuartos de final<\/h3>\n<\/p>\n<\/section>\n<\/div>\n<div class=\"sc-a7166897-0 exHLBh\" readability=\"6.5\">\n<section readability=\"3\"><picture><img alt=\"Almir\u00f3n, cerca de llevarse al nueve que quer\u00eda Boca\" src=\"http:\/\/nuevacordoba.net\/wp-content\/uploads\/2024\/06\/primera-nacional-se-extiende-el-mercado-de-pases-5.jpg\" width=\"290\" height=\"290\" decoding=\"async\" data-nimg=\"future\" loading=\"lazy\"><\/picture>\n<p><span>Mir\u00e1 tambi\u00e9n<\/span><\/p>\n<hr>\n<h3>Almir\u00f3n, cerca de llevarse al nueve que quer\u00eda Boca<\/h3>\n<\/p>\n<\/section>\n<\/div>\n<div class=\"sc-a7166897-0 exHLBh\" readability=\"6.5\">\n<section readability=\"3\"><picture><img alt=\"Dorival Junior: de la defensa a rajatabla de su idea al mismo once del debut para enfrentar a Paraguay \" src=\"http:\/\/nuevacordoba.net\/wp-content\/uploads\/2024\/06\/primera-nacional-se-extiende-el-mercado-de-pases-6.jpg\" width=\"290\" height=\"290\" decoding=\"async\" data-nimg=\"future\" loading=\"lazy\"><\/picture>\n<p><span>Mir\u00e1 tambi\u00e9n<\/span><\/p>\n<hr>\n<h3>Dorival Junior: de la defensa a rajatabla de su idea al mismo once del debut para enfrentar a Paraguay <\/h3>\n<\/p>\n<\/section>\n<\/div>\n<\/div>\n","protected":false},"excerpt":{"rendered":"<p>27\/06\/2024 22:38hs. Luego de lo que fue el parate de una semana en el Nacional, la pelota volvi\u00f3 a rodar en la Segunda categor\u00eda del f\u00fatbol argentino. San Mart\u00edn de San Juan y Col\u00f3n de Santa Fe, son quienes lideran tanto la Zona A como la Zona B. En medio del campeonato, y como ocurre [&hellip;]<\/p>\n","protected":false},"author":1,"featured_media":45108,"comment_status":"closed","ping_status":"closed","sticky":false,"template":"","format":"standard","meta":[],"categories":[10],"tags":[],"_links":{"self":[{"href":"http:\/\/nuevacordoba.net\/index.php\/wp-json\/wp\/v2\/posts\/45107"}],"collection":[{"href":"http:\/\/nuevacordoba.net\/index.php\/wp-json\/wp\/v2\/posts"}],"about":[{"href":"http:\/\/nuevacordoba.net\/index.php\/wp-json\/wp\/v2\/types\/post"}],"author":[{"embeddable":true,"href":"http:\/\/nuevacordoba.net\/index.php\/wp-json\/wp\/v2\/users\/1"}],"replies":[{"embeddable":true,"href":"http:\/\/nuevacordoba.net\/index.php\/wp-json\/wp\/v2\/comments?post=45107"}],"version-history":[{"count":0,"href":"http:\/\/nuevacordoba.net\/index.php\/wp-json\/wp\/v2\/posts\/45107\/revisions"}],"wp:featuredmedia":[{"embeddable":true,"href":"http:\/\/nuevacordoba.net\/index.php\/wp-json\/wp\/v2\/media\/45108"}],"wp:attachment":[{"href":"http:\/\/nuevacordoba.net\/index.php\/wp-json\/wp\/v2\/media?parent=45107"}],"wp:term":[{"taxonomy":"category","embeddable":true,"href":"http:\/\/nuevacordoba.net\/index.php\/wp-json\/wp\/v2\/categories?post=45107"},{"taxonomy":"post_tag","embeddable":true,"href":"http:\/\/nuevacordoba.net\/index.php\/wp-json\/wp\/v2\/tags?post=45107"}],"curies":[{"name":"wp","href":"https:\/\/api.w.org\/{rel}","templated":true}]}}