{"id":4511,"date":"2021-05-15T15:13:12","date_gmt":"2021-05-15T15:13:12","guid":{"rendered":"http:\/\/nuevacordoba.net\/index.php\/2021\/05\/15\/la-charla-motivacional-de-riquelme-de-cara-al-superclasico\/"},"modified":"2021-05-15T15:13:12","modified_gmt":"2021-05-15T15:13:12","slug":"la-charla-motivacional-de-riquelme-de-cara-al-superclasico","status":"publish","type":"post","link":"http:\/\/nuevacordoba.net\/index.php\/2021\/05\/15\/la-charla-motivacional-de-riquelme-de-cara-al-superclasico\/","title":{"rendered":"La charla motivacional de Riquelme de cara al Supercl\u00e1sico"},"content":{"rendered":"<div class=\"image\" id=\"image\" readability=\"9\"> <img src=\"http:\/\/nuevacordoba.net\/wp-content\/uploads\/2021\/05\/la-charla-motivacional-de-riquelme-de-cara-al-superclasico.jpg\" alt=\"Desde su llegada como dirigente al club que le dio la fama como futbolista, esta fue una de las pocas veces que Rom\u00e1n tuvo una reuni\u00f3n grupal.\" title=\"Desde su llegada como dirigente al club que le dio la fama como futbolista, esta fue una de las pocas veces que Rom\u00e1n tuvo una reuni\u00f3n grupal.\"><\/p>\n<p>Desde su llegada como dirigente al club que le dio la fama como futbolista, esta fue una de las pocas veces que Rom\u00e1n tuvo una reuni\u00f3n grupal.<\/p>\n<\/div>\n<p>El \u00eddolo de Boca y vicepresidente segundo del club Juan Rom\u00e1n Riquelme se reuni\u00f3 el viernes al termino de la pr\u00e1ctica con el plantel para darle un mensaje de motivaci\u00f3n de cara al supercl\u00e1sico, en tanto que Miguel \u00c1ngel Russo sigue sin dar se\u00f1ales sobre el esquema defensivo a utilizar.<\/p>\n<p>En la reuni\u00f3n que dur\u00f3 cerca de 20 minutos, en una de las canchas auxiliares del predio de Ezeiza, solo hablaron Riquelme, Russo y Ra\u00fal Cascini, seg\u00fan le comentaron a T\u00e9lam allegados al cuerpo t\u00e9cnico.<\/p>\n<p>La charla fue de apoyo al plantel y se les pidi\u00f3 a los futbolistas que tengan en su cabeza solo el encuentro del fin de semana, m\u00e1s all\u00e1 de que despu\u00e9s vienen dos partidos importantes por Copa Libertadores.<\/p>\n<p>Desde su llegada como dirigente al club que le dio la fama como futbolista, esta fue una de las pocas veces que Rom\u00e1n tuvo una reuni\u00f3n grupal con cuerpo t\u00e9cnico y jugadores.<\/p>\n<p>En febrero hubo una crisis entre algunos de los integrantes del departamento de f\u00fatbol y referentes del plantel y desde ah\u00ed no era fluido el di\u00e1logo entre las partes.<\/p>\n<p>La importancia del supercl\u00e1sico<\/p>\n<p>La charla del viernes demuestra la importancia que para el \u00abmundo Boca\u00bb representa este supercl\u00e1sico, al margen de que un mal resultado no modificar\u00eda por lo menos hasta junio la continuidad del entrenador y algunos jugadores.<\/p>\n<p>Tambi\u00e9n influye el peso de la historia de los \u00faltimos a\u00f1os, ya que en los seis mano a mano de eliminaci\u00f3n siempre se impusieron los dirigidos por Marcelo Gallardo.<\/p>\n<p>En la dirigencia \u00abxeneize\u00bb saben de la importancia an\u00edmica que para el plantel y para los hinchas tiene cortar esta racha, sin olvidar que el gran objetivo es ganar la s\u00e9ptima Copa Libertadores.<\/p>\n<p>Sin pistas sobre el equipo<\/p>\n<p>En cuanto al equipo, el t\u00e9cnico sigue sin mostrar las cartas del posible esquema a utilizar, si l\u00ednea defensiva de tres o cuatro, y de eso dependen los jugadores a utilizar en ambas variantes futbol\u00edsticas.<\/p>\n<p>En el entrenamiento del viernes volvi\u00f3 a mezclar titulares con suplentes y luego ubic\u00f3 una base de habituales titulares pero sin mostrar quienes ser\u00e1n los que estar\u00e1n desde el inicio ante River.<\/p>\n<p>Comparando aquellos que jugaron contra el equipo paulista y dentro de los dos esquemas, se estima que Nicol\u00e1s Capaldo va a volver en lugar de Julio Buffarini, de no muy buena tarea en la derrota ante Santos por 1 a 0 del martes pasado.<\/p>\n<p>Tambi\u00e9n se supone que Marcos Rojo, quien en la ca\u00edda ante Santos ingres\u00f3 en los \u00faltimos diez minutos, estar\u00eda desde el comienzo.<\/p>\n<p>De jugar con l\u00ednea de cuatro el exManchester United entrar\u00eda por Lisandro L\u00f3pez y si se arma una l\u00ednea de tres ser\u00eda L\u00f3pez-Izquierdoz y Rojo. En ese caso podr\u00eda salir Cristian Pav\u00f3n, ya que parece que el t\u00e9cnico quiere mantener a los juveniles Cristian Medina, Alan Varela y Agust\u00edn Almendra.<\/p>\n<p>As\u00ed, adelante estar\u00edan Sebastian Villa y Carlos Tevez, ambos de bajo nivel en el \u00faltimo partido de Copa Libertadores.<\/p>\n<p>Los que jugar\u00edan ser\u00edan Agust\u00edn Rossi; Nicol\u00e1s Capaldo, Carlos Izquierdoz, Marcos Rojo, Frank Fabra; Cristian Medina, Alan Varela, Agust\u00edn Almendra; Sebastian Villa y Carlos Tevez, con la duda de L\u00f3pez o Pav\u00f3n de acuerdo a la l\u00ednea defensiva que elija Russo.<\/p>\n<p>En el \u00faltimo supercl\u00e1sico, disputado el 14 de marzo con empate 1 a 1 en el Interzonal por la Copa de la Liga, la l\u00ednea defensiva la integraron Carlos Zambrano, Lisandro L\u00f3pez y Carlos Izquierdoz. Y en menor medida se baraja la chance de que el colombiano Jorman Campuzano ingrese por el juvenil Medina.<\/p>\n<p>En cuanto a confirmaciones, el colombiano Edwin Cardona estar\u00e1 entre los concentrados y aumentan sus chances para que pueda estar en el banco de suplentes el pr\u00f3ximo domingo.<\/p>\n<div class=\"image\" id=\"image\" readability=\"8\"> <img src=\"http:\/\/nuevacordoba.net\/wp-content\/uploads\/2021\/05\/la-charla-motivacional-de-riquelme-de-cara-al-superclasico-1.jpg\" alt=\"El colombiano Edwin Cardona estar\u00e1 entre los concentrados y aumentan sus chances para que pueda estar en el banco de suplentes.\" title=\"El colombiano Edwin Cardona estar\u00e1 entre los concentrados y aumentan sus chances para que pueda estar en el banco de suplentes.\"><\/p>\n<p>El colombiano Edwin Cardona estar\u00e1 entre los concentrados y aumentan sus chances para que pueda estar en el banco de suplentes.<\/p>\n<\/div>\n<p>Cardona, de 28 a\u00f1os, se someti\u00f3 a chequeos cardiol\u00f3gicos post coronavirus en los que arroj\u00f3 una miocarditis leve, por lo cual no realiz\u00f3 esfuerzos de alta competencia durante 14 d\u00edas, seg\u00fan detall\u00f3 el cuerpo medico del club.<\/p>\n<p>El talentoso volante era una de las principales figuras de Boca, con actuaciones descollantes como en el triunfo sobre V\u00e9lez en Liniers por 7-1, y luego sufri\u00f3 una lesi\u00f3n muscular para despu\u00e9s contagiarse coronavirus. Eso lo apart\u00f3 del equipo hasta que se recuper\u00f3 y surgi\u00f3 el problema cardiol\u00f3gico.<\/p>\n<p>Su \u00faltimo partido fue contra Uni\u00f3n el 11 de abril pasado, esa noche hab\u00eda vuelto de su lesi\u00f3n y jug\u00f3 apenas 45 minutos en la derrota de Boca por 1 a 0 en Santa Fe.<\/p>\n<p>El arquero Esteban Andrada -quien regres\u00f3 este jueves al pa\u00eds tras haber dado negativo el PCR que le realizaron en Ecuador luego de haber estado aislado 10 d\u00edas por tener coronavirus, se someti\u00f3 a estudios cardiol\u00f3gicos y tambi\u00e9n podr\u00eda estar concentrado.<\/p>\n<div class=\"image\" id=\"image\" readability=\"7\"> <img src=\"http:\/\/nuevacordoba.net\/wp-content\/uploads\/2021\/05\/la-charla-motivacional-de-riquelme-de-cara-al-superclasico-2.jpg\" alt=\"Andrada se someti\u00f3 a estudios cardiol\u00f3gicos y tambi\u00e9n podr\u00eda estar concentrado.\" title=\"Andrada se someti\u00f3 a estudios cardiol\u00f3gicos y tambi\u00e9n podr\u00eda estar concentrado.\"><\/p>\n<p>Andrada se someti\u00f3 a estudios cardiol\u00f3gicos y tambi\u00e9n podr\u00eda estar concentrado.<\/p>\n<\/div>\n<p>El plantel xeneize volver\u00e1 a las pr\u00e1cticas este s\u00e1bado desde las 10, en el complejo Pedro Pompilio, en Casa Amarilla, y al t\u00e9rmino de la misma los futbolistas se ir\u00e1n a sus casa para luego a las 20 concentrarse en un hotel del barrio porte\u00f1o de Monserrat.<\/p>\n<p>Boca juega de local ante River el pr\u00f3ximo domingo, desde las 17.30, por los cuartos de final de la Copa de la Superliga y con el arbitraje de Facundo Tello. <\/p>\n","protected":false},"excerpt":{"rendered":"<p>Desde su llegada como dirigente al club que le dio la fama como futbolista, esta fue una de las pocas veces que Rom\u00e1n tuvo una reuni\u00f3n grupal. El \u00eddolo de Boca y vicepresidente segundo del club Juan Rom\u00e1n Riquelme se reuni\u00f3 el viernes al termino de la pr\u00e1ctica con el plantel para darle un mensaje [&hellip;]<\/p>\n","protected":false},"author":1,"featured_media":4512,"comment_status":"closed","ping_status":"closed","sticky":false,"template":"","format":"standard","meta":[],"categories":[10],"tags":[],"_links":{"self":[{"href":"http:\/\/nuevacordoba.net\/index.php\/wp-json\/wp\/v2\/posts\/4511"}],"collection":[{"href":"http:\/\/nuevacordoba.net\/index.php\/wp-json\/wp\/v2\/posts"}],"about":[{"href":"http:\/\/nuevacordoba.net\/index.php\/wp-json\/wp\/v2\/types\/post"}],"author":[{"embeddable":true,"href":"http:\/\/nuevacordoba.net\/index.php\/wp-json\/wp\/v2\/users\/1"}],"replies":[{"embeddable":true,"href":"http:\/\/nuevacordoba.net\/index.php\/wp-json\/wp\/v2\/comments?post=4511"}],"version-history":[{"count":0,"href":"http:\/\/nuevacordoba.net\/index.php\/wp-json\/wp\/v2\/posts\/4511\/revisions"}],"wp:featuredmedia":[{"embeddable":true,"href":"http:\/\/nuevacordoba.net\/index.php\/wp-json\/wp\/v2\/media\/4512"}],"wp:attachment":[{"href":"http:\/\/nuevacordoba.net\/index.php\/wp-json\/wp\/v2\/media?parent=4511"}],"wp:term":[{"taxonomy":"category","embeddable":true,"href":"http:\/\/nuevacordoba.net\/index.php\/wp-json\/wp\/v2\/categories?post=4511"},{"taxonomy":"post_tag","embeddable":true,"href":"http:\/\/nuevacordoba.net\/index.php\/wp-json\/wp\/v2\/tags?post=4511"}],"curies":[{"name":"wp","href":"https:\/\/api.w.org\/{rel}","templated":true}]}}