{"id":4513,"date":"2021-05-15T15:13:24","date_gmt":"2021-05-15T15:13:24","guid":{"rendered":"http:\/\/nuevacordoba.net\/index.php\/2021\/05\/15\/estudiantes-e-independiente-inauguran-los-cuartos-de-final-en-la-plata\/"},"modified":"2021-05-15T15:13:24","modified_gmt":"2021-05-15T15:13:24","slug":"estudiantes-e-independiente-inauguran-los-cuartos-de-final-en-la-plata","status":"publish","type":"post","link":"http:\/\/nuevacordoba.net\/index.php\/2021\/05\/15\/estudiantes-e-independiente-inauguran-los-cuartos-de-final-en-la-plata\/","title":{"rendered":"Estudiantes e Independiente inauguran los cuartos de final en La Plata"},"content":{"rendered":"<div class=\"image\" id=\"image\" readability=\"7\"> <img src=\"http:\/\/nuevacordoba.net\/wp-content\/uploads\/2021\/05\/estudiantes-e-independiente-inauguran-los-cuartos-de-final-en-la-plata.jpg\" alt=\"Estudiantes de La Plata ubic\u00f3 segundo en la zona A\" title=\"Estudiantes de La Plata ubic\u00f3 segundo en la zona A\"><\/p>\n<p>Estudiantes de La Plata ubic\u00f3 segundo en la zona A<\/p>\n<\/div>\n<p>Estudiantes de La Plata, que se ubic\u00f3 segundo en la zona A, recibir\u00e1 a Independiente, que fue tercero en la zona B, por los cuartos de final de la Copa de la Liga Profesional de F\u00fatbol (LPF).<\/p>\n<p>El encuentro comenzar\u00e1 a las 17.30 en el estadio Uno Jorge Luis Hirschi, ubicado en la intersecci\u00f3n de las calles 1 y 57, con transmisi\u00f3n de Fox Sports Premium y arbitraje de Pablo Echavarr\u00eda.<\/p>\n<p>En caso de igualdad en los 90 minutos se ir\u00e1 directamente a la tanda de penales.<\/p>\n<p>El ganador de la llave entre \u00abPinchas\u00bb y \u00abDiablos Rojos\u00bb jugar\u00e1 una de las semifinales ante Col\u00f3n o Talleres de C\u00f3rdoba, que jugar\u00e1n desde las 21 en Santa Fe.<\/p>\n<p><strong>&#8211; Probables Formaciones &#8211;<\/strong><\/p>\n<p>Estudiantes de La Plata: Mariano And\u00fajar; Leonardo Godoy, Agust\u00edn Rogel, Fabi\u00e1n Noguera y Nicol\u00e1s Pasquini; \u00c1ngel Gonz\u00e1lez o Manuel Castro, Jorge Rodr\u00edguez, Juan Manuel S\u00e1nchez Mi\u00f1o y Lucas Rodr\u00edguez; Mart\u00edn Cauteruccio y Leandro D\u00edaz. DT: Ricardo Zielinski.<\/p>\n<p>Independiente: Sebasti\u00e1n Sosa; Gonzalo As\u00eds, Ayrton Costa, Sergio Barreto, Juan Manuel Insaurralde y Thomas Ortega; Lucas Gonz\u00e1lez, Lucas Romero y Domingo Blanco; Silvio Romero y Alan Velasco. DT: Omar P\u00edccoli.<\/p>\n<p>Arbitro: Pablo Echavarr\u00eda.<\/p>\n<p>Cancha: Estudiantes de La Plata.<\/p>\n<p>Hora de inicio: 17.30.<\/p>\n<p>TV: Fox Sports Premium. <\/p>\n","protected":false},"excerpt":{"rendered":"<p>Estudiantes de La Plata ubic\u00f3 segundo en la zona A Estudiantes de La Plata, que se ubic\u00f3 segundo en la zona A, recibir\u00e1 a Independiente, que fue tercero en la zona B, por los cuartos de final de la Copa de la Liga Profesional de F\u00fatbol (LPF). El encuentro comenzar\u00e1 a las 17.30 en el [&hellip;]<\/p>\n","protected":false},"author":1,"featured_media":4514,"comment_status":"closed","ping_status":"closed","sticky":false,"template":"","format":"standard","meta":[],"categories":[10],"tags":[],"_links":{"self":[{"href":"http:\/\/nuevacordoba.net\/index.php\/wp-json\/wp\/v2\/posts\/4513"}],"collection":[{"href":"http:\/\/nuevacordoba.net\/index.php\/wp-json\/wp\/v2\/posts"}],"about":[{"href":"http:\/\/nuevacordoba.net\/index.php\/wp-json\/wp\/v2\/types\/post"}],"author":[{"embeddable":true,"href":"http:\/\/nuevacordoba.net\/index.php\/wp-json\/wp\/v2\/users\/1"}],"replies":[{"embeddable":true,"href":"http:\/\/nuevacordoba.net\/index.php\/wp-json\/wp\/v2\/comments?post=4513"}],"version-history":[{"count":0,"href":"http:\/\/nuevacordoba.net\/index.php\/wp-json\/wp\/v2\/posts\/4513\/revisions"}],"wp:featuredmedia":[{"embeddable":true,"href":"http:\/\/nuevacordoba.net\/index.php\/wp-json\/wp\/v2\/media\/4514"}],"wp:attachment":[{"href":"http:\/\/nuevacordoba.net\/index.php\/wp-json\/wp\/v2\/media?parent=4513"}],"wp:term":[{"taxonomy":"category","embeddable":true,"href":"http:\/\/nuevacordoba.net\/index.php\/wp-json\/wp\/v2\/categories?post=4513"},{"taxonomy":"post_tag","embeddable":true,"href":"http:\/\/nuevacordoba.net\/index.php\/wp-json\/wp\/v2\/tags?post=4513"}],"curies":[{"name":"wp","href":"https:\/\/api.w.org\/{rel}","templated":true}]}}