{"id":45159,"date":"2024-06-27T22:30:25","date_gmt":"2024-06-27T22:30:25","guid":{"rendered":"https:\/\/www.ole.com.ar\/futbol-ascenso\/ascenso-mercado-pases-chacarita-pizarro-primera-nacional_0_Pn455dJkrI.html"},"modified":"2024-06-27T22:30:25","modified_gmt":"2024-06-27T22:30:25","slug":"chaca-pierde-a-otro-atacante-tiene-21-anos-y-se-va-al-exterior","status":"publish","type":"post","link":"http:\/\/nuevacordoba.net\/index.php\/2024\/06\/27\/chaca-pierde-a-otro-atacante-tiene-21-anos-y-se-va-al-exterior\/","title":{"rendered":"Chaca pierde a otro atacante: tiene 21 a\u00f1os y se va al exterior"},"content":{"rendered":"<p><time class=\"createDate\" datetime=\"2024-06-27T19:30:25-03:00\">27\/06\/2024 22:30hs.<\/time><\/p>\n<div id=\"storyBody\">\n<div class=\"custom-text \" readability=\"31.456310679612\">\n<p>Con la segunda rueda ya comenzada, d\u00f3nde el Funebrero se hizo fuerte y gan\u00f3 por 0-2 en Mendoza ante Deportivo Maip\u00fa, <strong>el mercado de pases sigue abierto en la <a href=\"https:\/\/www.ole.com.ar\/tema\/primera-nacional.html\" target=\"_self\" title=\"Primera Nacional\" alt=\"Primera Nacional\" rel=\"noopener\">Primera Nacional<\/a> y hay novedades en <a href=\"https:\/\/www.ole.com.ar\/tema\/chacarita.html\" target=\"_self\" title=\"Chacarita.\" alt=\"Chacarita.\" rel=\"noopener\">Chacarita.<\/a><\/strong><\/p>\n<\/div>\n<div class=\"custom-text \" readability=\"37\">\n<p>El conjunto de An\u00edbal Biggeri, que parecer\u00eda haber encontrado el rumbo ya que acumula tres triunfos al hilo y est\u00e1 5\u00b0 en la zona A, <strong>sum\u00f3 una nueva baja a la lista: Tom\u00e1s Pizarro<\/strong>, volante ofensivo de 21 a\u00f1os.<\/p>\n<\/div>\n<div class=\"sc-e7b891c4-0 jPbnQF\"><img alt=\"Tom\u00e1s Pizarro no sigue en el Funebrero (Foto: Prensa Chacarita)\" src=\"http:\/\/nuevacordoba.net\/wp-content\/uploads\/2024\/06\/chaca-pierde-a-otro-atacante-tiene-21-anos-y-se-va-al-exterior.jpg\" width=\"720\" height=\"100\" decoding=\"async\" data-nimg=\"future\" loading=\"lazy\"><span class=\"epigraphe\">Tom\u00e1s Pizarro no sigue en el Funebrero (Foto: Prensa Chacarita)<\/span><\/div>\n<div class=\"custom-text \" readability=\"36\">\n<p>Pese a que el atacante no logr\u00f3 sumar minutos en la primera parte del a\u00f1o con la camiseta tricolor, debido a que estaba a prest\u00e1mo en otro club, <strong>hace algunas semanas regres\u00f3 a San Mart\u00edn y recibi\u00f3 una nueva oferta para salir cedido.<\/strong><\/p>\n<\/div>\n<div class=\"custom-text \" readability=\"34\">\n<p>El nuevo destino del oriundo de Jos\u00e9 Le\u00f3n Su\u00e1rez ser\u00e1 el <strong>Deportivo Zacapa de Guatemala.<\/strong> La operaci\u00f3n ser\u00e1 una cesi\u00f3n con opci\u00f3n de compra (a\u00fan no trascendi\u00f3 oficialmente el monto de ella). As\u00ed <strong>lo anunci\u00f3 el presidente de la instituci\u00f3n N\u00e9stor Di Pierro<\/strong>.<\/p>\n<\/div>\n<p><h2>Los n\u00fameros de Tom\u00e1s Pizarro en Chacarita <\/h2>\n<\/p>\n<div class=\"custom-text \" readability=\"43\">\n<p>Para comenzar, cabe destacar que Toto, c\u00f3mo lo apodan en el club, r<strong>ealiz\u00f3 todas las divisiones juveniles en el cuadro de Villa Maip\u00fa.<\/strong> En 2021, cu\u00e1ndo era el enganche de la Quinta, tuvo su debut en Reserva. Meses m\u00e1s tarde, recibi\u00f3 el llamado de Federico Ar\u00edas, por aquel entonces DT de Chaca, para subir a Primera.<\/p>\n<\/div>\n<div class=\"custom-text \" readability=\"33\">\n<p><strong>Su estreno se produjo a principios de noviembre del a\u00f1o mencionado. <\/strong>Fue en la <strong>derrota 0-2 vs Alvarado de Mar del Plata.<\/strong> Jug\u00f3 apenas diez minutos en la noche de San Mart\u00edn.<\/p>\n<\/div>\n<div class=\"sc-e7b891c4-0 jPbnQF\"><img alt=\"Tom\u00e1s Pizarro, el jugador que se va de Chaca (Foto: Prensa Chacarita)\" src=\"http:\/\/nuevacordoba.net\/wp-content\/uploads\/2024\/06\/chaca-pierde-a-otro-atacante-tiene-21-anos-y-se-va-al-exterior-1.jpg\" width=\"720\" height=\"100\" decoding=\"async\" data-nimg=\"future\" loading=\"lazy\"><span class=\"epigraphe\">Tom\u00e1s Pizarro, el jugador que se va de Chaca (Foto: Prensa Chacarita)<\/span><\/div>\n<div class=\"custom-text \" readability=\"34\">\n<p>Un fin de semana m\u00e1s tarde, volvi\u00f3 a ver actividad como profesional: Chacarita cay\u00f3 por 1-0 frente a Estudiantes en el Estadio Ciudad de Caseros y <strong>Pizarro sum\u00f3 23 minutos en cancha.<\/strong><\/p>\n<\/div>\n<div class=\"custom-text \" readability=\"39\">\n<p>Durante el 2022 no logr\u00f3 ganarse un lugar en el equipo, pese a ser bien considerado por Pablo Centrone. A mediados de aquel a\u00f1o, <strong>sufri\u00f3 una rotura de ligamentos cruzados <\/strong>que lo margin\u00f3 de las canchas hasta el 2023. Ya bajo la conducci\u00f3n de Anibal Biggeri, sali\u00f3 cedido para ganar rodaje. <strong>En total acumula dos encuentros, d\u00f3nde no pudo convertir ni asistir. Tiene contrato con el Tricolor hasta diciembre de 2026.<\/strong><\/p>\n<\/div>\n<p><h2> El recorrido del juvenil en el f\u00fatbol de Guatemala<\/h2>\n<\/p>\n<div class=\"custom-text \" readability=\"36\">\n<p>En el mercado de invierno del a\u00f1o pasado, <strong>Tom\u00e1s Pizarro se fue a prestamo al Xinabajul de dicha liga<\/strong>, dirigido por Pablo Centrone (ex DT del Funebrero). <strong>All\u00ed convirti\u00f3 siete tantos en 25 partidos<\/strong> y su equipo clasific\u00f3 a la instancia eliminatoria.<\/p>\n<\/div>\n<div class=\"sc-e7b891c4-0 jPbnQF\"><img alt=\"Pizarro en el Xinabajul de Guatemala. (Foto: Instagram del jugador)\" src=\"http:\/\/nuevacordoba.net\/wp-content\/uploads\/2024\/06\/chaca-pierde-a-otro-atacante-tiene-21-anos-y-se-va-al-exterior-2.jpg\" width=\"720\" height=\"100\" decoding=\"async\" data-nimg=\"future\" loading=\"lazy\"><span class=\"epigraphe\">Pizarro en el Xinabajul de Guatemala. (Foto: Instagram del jugador)<\/span><\/div>\n<p><h2> As\u00ed est\u00e1 el mercado de pases de Chaca hasta el momento: altas y bajas<\/h2>\n<\/p>\n<div class=\"custom-text \" readability=\"43\">\n<p>En cu\u00e1nto a las nuevas incorporaciones del Funebrero, podemos mencionar tres nombres: <strong>Maico Quiroz,<\/strong> volante, cedido desde Racing, <strong>Cristi\u00e1n Gonz\u00e1lez<\/strong>, defensor central, con \u00faltimo paso por el f\u00fatbol peruano y <strong>Hern\u00e1n Rivero<\/strong>, centrodelantero proveniente de Gimnasia y Esgrima de Jujuy. Adem\u00e1s, se confirm\u00f3 la <strong>continuidad de Claudio Pombo y Marcos Astina. <\/strong><\/p>\n<\/div>\n<div class=\"custom-text \" readability=\"37\">\n<p>Chacarita tiene <strong>algunas bajas confirmadas <\/strong>de cara a la segunda ronda del campeonato: <strong>Nahuel Brunet, Gabriel Lazarte, Juan Pablo Passaglia <\/strong>(firm\u00f3 en All Boys), el mencionado <strong>Tom\u00e1s Pizarro y Franco Ju\u00e1rez.<\/strong><\/p>\n<\/div>\n<div class=\"sc-a7166897-0 exHLBh\" readability=\"6\">\n<section readability=\"2\"><picture><img alt=\"Mercado de pases: los refuerzos y las bajas en medio de la Copa Am\u00e9rica\" src=\"http:\/\/nuevacordoba.net\/wp-content\/uploads\/2024\/06\/chaca-pierde-a-otro-atacante-tiene-21-anos-y-se-va-al-exterior-3.jpg\" width=\"290\" height=\"290\" decoding=\"async\" data-nimg=\"future\" loading=\"lazy\"><\/picture>\n<p><span>Mir\u00e1 tambi\u00e9n<\/span><\/p>\n<hr>\n<h3>Mercado de pases: los refuerzos y las bajas en medio de la Copa Am\u00e9rica<\/h3>\n<\/p>\n<\/section>\n<\/div>\n<div class=\"sc-a7166897-0 exHLBh\" readability=\"6.5\">\n<section readability=\"3\"><picture><img alt=\"V\u00e9lez separ\u00f3 del plantel al pibe que hab\u00eda metido el gol en la final ante Estudiantes\" src=\"http:\/\/nuevacordoba.net\/wp-content\/uploads\/2024\/06\/chaca-pierde-a-otro-atacante-tiene-21-anos-y-se-va-al-exterior-4.jpg\" width=\"290\" height=\"290\" decoding=\"async\" data-nimg=\"future\" loading=\"lazy\"><\/picture>\n<p><span>Mir\u00e1 tambi\u00e9n<\/span><\/p>\n<hr>\n<h3>V\u00e9lez separ\u00f3 del plantel al pibe que hab\u00eda metido el gol en la final ante Estudiantes<\/h3>\n<\/p>\n<\/section>\n<\/div>\n<div class=\"sc-a7166897-0 exHLBh\" readability=\"8\">\n<section readability=\"6\"><picture><img alt=\"\u00a1River atac\u00f3 en el mercado!: Bareiro, Gattoni, Carboni y Pe\u00f1a cerrados, Ledesma cerca y m\u00e1s\" src=\"http:\/\/nuevacordoba.net\/wp-content\/uploads\/2024\/06\/chaca-pierde-a-otro-atacante-tiene-21-anos-y-se-va-al-exterior-5.jpg\" width=\"290\" height=\"290\" decoding=\"async\" data-nimg=\"future\" loading=\"lazy\"><\/picture>\n<p><span>Mir\u00e1 tambi\u00e9n<\/span><\/p>\n<hr>\n<h3>\u00a1River atac\u00f3 en el mercado!: Bareiro, Gattoni, Carboni y Pe\u00f1a cerrados, Ledesma cerca y m\u00e1s<\/h3>\n<\/p>\n<\/section>\n<\/div>\n<div class=\"sc-a7166897-0 exHLBh\" readability=\"6\">\n<section readability=\"2\"><picture><img alt=\"Racing llam\u00f3 a Hurac\u00e1n por Echeverr\u00eda\" src=\"http:\/\/nuevacordoba.net\/wp-content\/uploads\/2024\/06\/chaca-pierde-a-otro-atacante-tiene-21-anos-y-se-va-al-exterior-6.jpg\" width=\"290\" height=\"290\" decoding=\"async\" data-nimg=\"future\" loading=\"lazy\"><\/picture>\n<p><span>Mir\u00e1 tambi\u00e9n<\/span><\/p>\n<hr>\n<h3>Racing llam\u00f3 a Hurac\u00e1n por Echeverr\u00eda<\/h3>\n<\/p>\n<\/section>\n<\/div>\n<\/div>\n","protected":false},"excerpt":{"rendered":"<p>27\/06\/2024 22:30hs. Con la segunda rueda ya comenzada, d\u00f3nde el Funebrero se hizo fuerte y gan\u00f3 por 0-2 en Mendoza ante Deportivo Maip\u00fa, el mercado de pases sigue abierto en la Primera Nacional y hay novedades en Chacarita. El conjunto de An\u00edbal Biggeri, que parecer\u00eda haber encontrado el rumbo ya que acumula tres triunfos al [&hellip;]<\/p>\n","protected":false},"author":1,"featured_media":45160,"comment_status":"closed","ping_status":"closed","sticky":false,"template":"","format":"standard","meta":[],"categories":[10],"tags":[],"_links":{"self":[{"href":"http:\/\/nuevacordoba.net\/index.php\/wp-json\/wp\/v2\/posts\/45159"}],"collection":[{"href":"http:\/\/nuevacordoba.net\/index.php\/wp-json\/wp\/v2\/posts"}],"about":[{"href":"http:\/\/nuevacordoba.net\/index.php\/wp-json\/wp\/v2\/types\/post"}],"author":[{"embeddable":true,"href":"http:\/\/nuevacordoba.net\/index.php\/wp-json\/wp\/v2\/users\/1"}],"replies":[{"embeddable":true,"href":"http:\/\/nuevacordoba.net\/index.php\/wp-json\/wp\/v2\/comments?post=45159"}],"version-history":[{"count":0,"href":"http:\/\/nuevacordoba.net\/index.php\/wp-json\/wp\/v2\/posts\/45159\/revisions"}],"wp:featuredmedia":[{"embeddable":true,"href":"http:\/\/nuevacordoba.net\/index.php\/wp-json\/wp\/v2\/media\/45160"}],"wp:attachment":[{"href":"http:\/\/nuevacordoba.net\/index.php\/wp-json\/wp\/v2\/media?parent=45159"}],"wp:term":[{"taxonomy":"category","embeddable":true,"href":"http:\/\/nuevacordoba.net\/index.php\/wp-json\/wp\/v2\/categories?post=45159"},{"taxonomy":"post_tag","embeddable":true,"href":"http:\/\/nuevacordoba.net\/index.php\/wp-json\/wp\/v2\/tags?post=45159"}],"curies":[{"name":"wp","href":"https:\/\/api.w.org\/{rel}","templated":true}]}}