{"id":45217,"date":"2024-06-28T13:24:38","date_gmt":"2024-06-28T13:24:38","guid":{"rendered":"https:\/\/puntoapunto.com.ar\/?p=362304"},"modified":"2024-06-28T13:24:38","modified_gmt":"2024-06-28T13:24:38","slug":"javier-milei-consiguio-su-ley-bases-y-volvio-a-convocar-al-pacto-de-mayo","status":"publish","type":"post","link":"http:\/\/nuevacordoba.net\/index.php\/2024\/06\/28\/javier-milei-consiguio-su-ley-bases-y-volvio-a-convocar-al-pacto-de-mayo\/","title":{"rendered":"Javier Milei consigui\u00f3 su Ley Bases y volvi\u00f3 a convocar al Pacto de Mayo"},"content":{"rendered":"<div class=\"g g-36\">\n<div class=\"g-dyn a-29 c-1\"><a class=\"gofollow\" data-track=\"MjksMzYsMSw2MA==\" href=\"https:\/\/www.harmoniechateau.com.ar\/\" target=\"_blank\" rel=\"noopener\"><img src=\"http:\/\/nuevacordoba.net\/wp-content\/uploads\/2024\/06\/javier-milei-consiguio-su-ley-bases-y-volvio-a-convocar-al-pacto-de-mayo.jpg\" loading=\"lazy\"><\/a><\/div>\n<\/div>\n<p>&nbsp;\n<\/p>\n<p>Luego de casi 7 meses de debate, la C\u00e1mara de Diputados aprob\u00f3 en la madrugada del viernes la Ley Bases y el Pacto Fiscal, en una sesi\u00f3n que se extendi\u00f3 por m\u00e1s de 12 horas, tras aceptar los cambios introducidos previamente por el Senado.\n<\/p>\n<p>As\u00ed, el oficialismo cant\u00f3 victoria con la aprobaci\u00f3n de la Ley Bases como con el paquete fiscal y los art\u00edculos m\u00e1s discutidos sobre el impuesto a las Ganancias y Bienes Personales. <strong>La Ley Bases tuvo 147 votos positivos, 107 negativos y dos abstenciones.<\/strong>\n<\/p>\n<p>Durante la sesi\u00f3n, se aceptaron en su totalidad las modificaciones realizadas por el Senado en la Ley Bases. En cuanto al Pacto Fiscal, los diputados aprobaron los cambios, pero insistieron en la<strong> restituci\u00f3n del impuesto a las Ganancias y las modificaciones en bienes personales, generando un intenso debate en el recinto.<\/strong>\n<\/p>\n<p>Durante el debate en el recinto, el miembro informante del oficialismo fue el diputado de La Libertad Avanza,&nbsp;<strong>Santiago Santurio<\/strong>, quien realiz\u00f3 un repaso del trayecto de la Ley Bases y consider\u00f3 que \u201cnunca se ha tenido un debate con tanta participaci\u00f3n\u201d.&nbsp; <strong>\u201cHoy vamos a aceptar las modificaciones del Senado\u201d, dijo Santurio y sostuvo que fue \u201cfruto de un gran acuerdo que se ha desarrollado en el tiempo con una idea profunda, porque tenemos que entender que los acuerdos son medios, no fines\u201d.&nbsp;<\/strong><\/p>\n<p>Desde el bloque <strong>PRO<\/strong>, la diputada&nbsp;<strong>Silvia Lospennato<\/strong> cuestion\u00f3 la demora en la sanci\u00f3n definitiva de ambas leyes. \u00abVamos a insistir en la sanci\u00f3n original, es una decisi\u00f3n legal y leg\u00edtima protegida por la Constituci\u00f3n Nacional\u201d, anunci\u00f3.<strong>&nbsp; \u201cEstas leyes son una caja de herramientas para que el gobierno pueda desplegar su plan econ\u00f3mico completo\u201d<\/strong>, concluy\u00f3 Lospennato.\n<\/p>\n<p>Asimismo, el diputado de La Libertad Avanza destac\u00f3 que \u201clos \u00edndices macroecon\u00f3micos han demostrado que el camino que se tom\u00f3 es el correcto, con el aumento de reservas, la fuerte baja en la inflaci\u00f3n, una disminuci\u00f3n en el riesgo pa\u00eds: empieza a haber una confianza que hace mucho no hab\u00eda\u201d.\n<\/p>\n<p>Por su parte, el diputado&nbsp;<strong>Oscar Agost Carre\u00f1o<\/strong>&nbsp;(Hacemos Coalici\u00f3n Federal), destac\u00f3 \u201cel trabajo en conjunto para una ley mucho mejor y m\u00e1s votable por el Congreso\u00bb. \u00abVamos a darle las herramientas al presidente\u201d, argument\u00f3.\n<\/p>\n<article class=\"article-body\">\n<div class=\"article-content\" readability=\"32.898214285714\">\n<div class=\"news-body-paragraph\" data-twitter-link readability=\"37.189285714286\">\n<p>Tras la aprobaci\u00f3n de la Ley Bases en la C\u00e1mara de Diputados, el&nbsp;<strong>Gobierno de Javier Milei&nbsp;<\/strong>emiti\u00f3 un comunicado en las redes sociales donde celebr\u00f3 el logro legislativo de La Libertad Avanza y reiter\u00f3 la convocatoria \u00ab<strong>este 9 de julio en la Casa Hist\u00f3rica de la Independencia a gobernadores, expresidentes, l\u00edderes de los principales partidos pol\u00edticos, y legisladores\u00bb<\/strong>&nbsp;para alcanzar el Pacto de Mayo.\n<\/p>\n<div id=\"ad-slot-inline_a\" class=\"ad-slot-inline ad-slot\" data-lazyload=\"1\" data-adtype=\"inline\" data-google-query-id=\"CKnh0Mav_oYDFf1d3QId4O8Obw\">\n<div id=\"google_ads_iframe_\/40327789\/a24.com\/nota\/inline_a_0__container__\" readability=\"6.8149882903981\">\n<blockquote class=\"twitter-tweet\" data-width=\"500\" data-dnt=\"true\" readability=\"4.2409638554217\">\n<p lang=\"zxx\" dir=\"ltr\"><a href=\"https:\/\/t.co\/dC5NUaodWt\">pic.twitter.com\/dC5NUaodWt<\/a>\n<\/p>\n<p>\u2014 Oficina del Presidente (@OPRArgentina) <a href=\"https:\/\/twitter.com\/OPRArgentina\/status\/1806550237130924142?ref_src=twsrc%5Etfw\">June 28, 2024<\/a><\/p>\n<\/blockquote>\n<div class=\"AV628bd7584134ae5aa627e785\">\n<div id=\"aniBox\">\n<div id=\"aniplayer_AV628bd7584134ae5aa627e785-1719580236026\">\n<div id=\"aniplayer_AV628bd7584134ae5aa627e785-1719580236026gui\" readability=\"8\">\n<div id=\"av-caption\" readability=\"11\">\n<p>Destac\u00f3 que \u201cel Poder Ejecutivo <strong>agradece nuevamente la labor patri\u00f3tica de los Sres. legisladores&nbsp;<\/strong>que comprendieron la responsabilidad hist\u00f3rica que ten\u00edan en sus manos y aportaron su voto afirmativo, a pesar de los constantes y desesperados intentos de quienes pretenden aferrarse a sus privilegios a costa del desarrollo del pa\u00eds\u201d.<\/p>\n<\/div>\n<\/div>\n<\/div>\n<\/div>\n<\/div>\n<\/div>\n<\/div>\n<\/div>\n<\/div>\n<\/article>\n<article class=\"article-body third-p\">\n<div class=\"article-content\" readability=\"42\">\n<div class=\"news-body-paragraph\" data-twitter-link readability=\"54\">\n<p class data-mrf-recirculation=\"Links inline\">A su vez, se record\u00f3 que \u201cel 10 de diciembre, el presidente<strong>&nbsp;Javier Milei<\/strong>&nbsp;asumi\u00f3 el compromiso de reinsertar a nuestra Naci\u00f3n en el camino hacia la prosperidad. En los \u00faltimos 50 a\u00f1os, la cantidad de pobres se ha multiplicado por diez. En 2006, el PBI per c\u00e1pita era el mismo que en la actualidad y, en m\u00e1s de una d\u00e9cada, el empleo formal no creci\u00f3.&nbsp;<strong>La aprobaci\u00f3n de esta ley no resuelve la situaci\u00f3n catastr\u00f3fica heredada, pero representa un avance significativo&nbsp;<\/strong>en la misi\u00f3n de restaurar un marco normativo razonable para empezar a desandar el camino recorrido en los \u00faltimos 100 a\u00f1os\u201d.\n<\/p>\n<p class data-mrf-recirculation=\"Links inline\">\u201cTal como fue anunciado en el discurso inaugural de Apertura de Sesiones Ordinarias,<strong>&nbsp;el Presidente Javier Milei convoca este 9 de julio en la Casa Hist\u00f3rica de la Independencia a gobernadores, expresidentes, l\u00edderes de los principales partidos pol\u00edticos, y legisladores&nbsp;<\/strong>que quieran acompa\u00f1ar el proceso de cambio que lidera el Presidente de la Naci\u00f3n, a eliminar del futuro de la Argentina las recetas de la miseria y abrazar las ideas de la libertad, comprometi\u00e9ndose en la firma hist\u00f3rica del Pacto de Mayo con diez pol\u00edticas refundacionales y fundamentales para devolverle la grandeza a la Naci\u00f3n\u201d, concluy\u00f3.\n<\/p>\n<\/div>\n<\/div>\n<\/article>\n<div class=\"g g-38\">\n<div class=\"g-dyn a-12 c-1\"><a class=\"gofollow\" data-track=\"MTIsMzgsMSw2MA==\" href=\"https:\/\/form.jotform.com\/240784464263663\" target=\"_blank\" rel=\"noopener\"><img src=\"http:\/\/nuevacordoba.net\/wp-content\/uploads\/2024\/06\/javier-milei-consiguio-su-ley-bases-y-volvio-a-convocar-al-pacto-de-mayo-1.jpg\" loading=\"lazy\"><\/a><\/div>\n<\/div>\n","protected":false},"excerpt":{"rendered":"<p>&nbsp; Luego de casi 7 meses de debate, la C\u00e1mara de Diputados aprob\u00f3 en la madrugada del viernes la Ley Bases y el Pacto Fiscal, en una sesi\u00f3n que se extendi\u00f3 por m\u00e1s de 12 horas, tras aceptar los cambios introducidos previamente por el Senado. As\u00ed, el oficialismo cant\u00f3 victoria con la aprobaci\u00f3n de la [&hellip;]<\/p>\n","protected":false},"author":1,"featured_media":45218,"comment_status":"open","ping_status":"closed","sticky":false,"template":"","format":"standard","meta":[],"categories":[12,14],"tags":[],"_links":{"self":[{"href":"http:\/\/nuevacordoba.net\/index.php\/wp-json\/wp\/v2\/posts\/45217"}],"collection":[{"href":"http:\/\/nuevacordoba.net\/index.php\/wp-json\/wp\/v2\/posts"}],"about":[{"href":"http:\/\/nuevacordoba.net\/index.php\/wp-json\/wp\/v2\/types\/post"}],"author":[{"embeddable":true,"href":"http:\/\/nuevacordoba.net\/index.php\/wp-json\/wp\/v2\/users\/1"}],"replies":[{"embeddable":true,"href":"http:\/\/nuevacordoba.net\/index.php\/wp-json\/wp\/v2\/comments?post=45217"}],"version-history":[{"count":0,"href":"http:\/\/nuevacordoba.net\/index.php\/wp-json\/wp\/v2\/posts\/45217\/revisions"}],"wp:featuredmedia":[{"embeddable":true,"href":"http:\/\/nuevacordoba.net\/index.php\/wp-json\/wp\/v2\/media\/45218"}],"wp:attachment":[{"href":"http:\/\/nuevacordoba.net\/index.php\/wp-json\/wp\/v2\/media?parent=45217"}],"wp:term":[{"taxonomy":"category","embeddable":true,"href":"http:\/\/nuevacordoba.net\/index.php\/wp-json\/wp\/v2\/categories?post=45217"},{"taxonomy":"post_tag","embeddable":true,"href":"http:\/\/nuevacordoba.net\/index.php\/wp-json\/wp\/v2\/tags?post=45217"}],"curies":[{"name":"wp","href":"https:\/\/api.w.org\/{rel}","templated":true}]}}