{"id":4534,"date":"2021-05-15T18:23:15","date_gmt":"2021-05-15T18:23:15","guid":{"rendered":"http:\/\/nuevacordoba.net\/index.php\/2021\/05\/15\/se-cumple-un-ano-de-la-muerte-de-sergio-denis\/"},"modified":"2021-05-15T18:23:15","modified_gmt":"2021-05-15T18:23:15","slug":"se-cumple-un-ano-de-la-muerte-de-sergio-denis","status":"publish","type":"post","link":"http:\/\/nuevacordoba.net\/index.php\/2021\/05\/15\/se-cumple-un-ano-de-la-muerte-de-sergio-denis\/","title":{"rendered":"Se cumple un a\u00f1o de la muerte de Sergio Denis"},"content":{"rendered":"<div class=\"image\" id=\"image\" readability=\"10\"> <img src=\"http:\/\/nuevacordoba.net\/wp-content\/uploads\/2021\/05\/se-cumple-un-ano-de-la-muerte-de-sergio-denis.jpg\" alt=\"El 7 de mayo, el int\u00e9rprete fue trasladado a la cl\u00ednica Alcla, en la que tambi\u00e9n estuvo internado el m\u00fasico Gustavo Cerati.\" title=\"El 7 de mayo, el int\u00e9rprete fue trasladado a la cl\u00ednica Alcla, en la que tambi\u00e9n estuvo internado el m\u00fasico Gustavo Cerati.\"><\/p>\n<p>El 7 de mayo, el int\u00e9rprete fue trasladado a la cl\u00ednica Alcla, en la que tambi\u00e9n estuvo internado el m\u00fasico Gustavo Cerati.<\/p>\n<\/div>\n<p>Un a\u00f1o atr\u00e1s fallec\u00eda a los 71 a\u00f1os Sergio Denis, una de las grandes figuras de la canci\u00f3n rom\u00e1ntica argentina que muri\u00f3 tras m\u00e1s de 14 meses de agon\u00eda por haberse ca\u00eddo al foso del Teatro Mercedes Sosa de Tucum\u00e1n mientras brindaba un show.<\/p>\n<p>El 11 de marzo de 2019 Denis interpretaba su tema \u00e9xito de fines de la d\u00e9cada del `60 \u00abTe llamo para despedirme\u00bb cuando <strong>cay\u00f3 m\u00e1s de dos metros al foso de orquesta de la sala y sufri\u00f3 un politraumatismo de cr\u00e1neo severo que lo dej\u00f3 en estado cr\u00edtico <\/strong>y del que nunca pudo recuperarse.<\/p>\n<p>Como resultado de ese suceso, el autor y cantante padeci\u00f3 un politraumatismo severo de t\u00f3rax y cr\u00e1neo, que lo tuvo en estado cr\u00edtico y al borde de la muerte en la capital tucumana hasta el 13 de abril, cuando a bordo de un avi\u00f3n sanitario y luego de algunos d\u00edas en que su estado de salud manifest\u00f3 una leve mejor\u00eda, fue trasladado al sanatorio Los Arcos de la Ciudad de Buenos Aires.<\/p>\n<p>Luego, el 7 de mayo, el int\u00e9rprete fue trasladado a la cl\u00ednica Alcla, en la que tambi\u00e9n estuvo internado el m\u00fasico Gustavo Cerati tras su accidente infarto cerebral en Venezuela, en julio de 2010, donde permaneci\u00f3 en estado de coma.<\/p>\n<p> <iframe width=\"560\" height=\"315\" src=\"https:\/\/www.youtube.com\/embed\/FdENqxAPYL0?wmode=transparent&amp;showinfo=0&amp;autohide=1&amp;rel=0\" frameborder=\"0\" allowfullscreen>[embedded content]<\/iframe> <\/p>\n<p>Tr\u00e1gica ca\u00edda de Sergio Denis<\/p>\n<p>Nacido en 1949 en la localidad bonaerense de Coronel Su\u00e1rez, bajo el nombre de H\u00e9ctor Omar Hoffmann, este descendiente de alemanes y fan\u00e1tico de Racing, <strong>inici\u00f3 su carrera en la d\u00e9cada del &#8217;60 en una banda local llamada Los Bambis<\/strong>, que lleg\u00f3 a registrar un disco.<\/p>\n<p>Fue precisamente esa grabaci\u00f3n en la que se basaron los directivos de la compa\u00f1\u00eda CBS para vislumbrar el potencial de Denis para iniciar una carrera como solista, la cual tuvo su puntapi\u00e9 inicial en 1969 con la canci\u00f3n \u00abTe llamo para despedirme\u00bb, escrita por Francis Smith.<\/p>\n<p>Al igual que pares como Sandro y Palito Ortega, Sergio Denis tambi\u00e9n incursion\u00f3 en el cine, en una pel\u00edcula pensada para \u00e9l, cuando <strong>en 1972 protagoniz\u00f3 \u00abTe llamo para despedirme\u00bb<\/strong>, junto a Luis Brandoni y Alicia Bruzzo; sin embargo no logr\u00f3 gran continuidad en ese rubro.<\/p>\n<p>Fue en aquellos a\u00f1os tambi\u00e9n que <strong>logr\u00f3 llenar por primera vez el Teatro \u00d3pera<\/strong>, un hito para un cantante rom\u00e1ntico en 1974.<\/p>\n<p>\u00abC\u00f3mo est\u00e1s, querida\u00bb, \u00abCada vez que sale el sol\u00bb, \u00abUn poco loco\u00bb, \u00abGigante, chiquito\u00bb, \u00abLa humanidad\u00bb y \u00abTe quiero Argentina\u00bb son algunos de los t\u00edtulos que lograron un gran impacto popular, coreados inclusos por quienes no son grandes conocedores de su obra, ni del g\u00e9nero.<\/p>\n<div class=\"image\" id=\"image\" readability=\"8\"> <img src=\"http:\/\/nuevacordoba.net\/wp-content\/uploads\/2021\/05\/se-cumple-un-ano-de-la-muerte-de-sergio-denis-1.jpg\" alt=\"Durante los d\u00edas que Sergio estuvo internado en Tucum\u00e1n muchas familias se acercaron a expresar su cari\u00f1o.\" title=\"Durante los d\u00edas que Sergio estuvo internado en Tucum\u00e1n muchas familias se acercaron a expresar su cari\u00f1o.\"><\/p>\n<p>Durante los d\u00edas que Sergio estuvo internado en Tucum\u00e1n muchas familias se acercaron a expresar su cari\u00f1o.<\/p>\n<\/div>\n<p>Otra particularidad en la carrera del cantante fue la de versionar en castellano cl\u00e1sicos originales en idioma ingl\u00e9s, algo que tom\u00f3 forma en sus discos \u00abAl estilo de Sergio Denis\u00bb, de 1980, y su segundo volumen, de 1981.<\/p>\n<p>All\u00ed hab\u00eda t\u00edtulos como \u00abAlgo\u00bb (\u00abSomething\u00bb, de los Beatles), \u00abCalifornia somnolienta\u00bb (\u00abCalifornia Dreaming\u00bb, de The Mamas and The Papas), \u00abOrgullosa Mary\u00bb (\u00abProud Mary\u00bb, de Creedence Clearwater Revival) y \u00abLos sonidos del silencio\u00bb (\u00abSounds of Silence\u00bb, de Simon and Garfunkel), entre otros.<\/p>\n<p>Aunque <strong>entre la d\u00e9cada del &#8217;80 y mediados de los &#8217;90 se estableci\u00f3 como el cantautor argentino de mayores ventas<\/strong>, fue luego de esa etapa que la carrera de Denis comenz\u00f3 a perder popularidad.<\/p>\n<p>Parad\u00f3jicamente, en los \u00faltimos a\u00f1os, su nombre se vio asociado a algunos esc\u00e1ndalos, como una serie de denuncias por estafa que involucr\u00f3 a un hermano suyo; y en algunos casos, casi de manera involuntaria, como cuando una joven novia suya fue parte del reality televisivo \u00abGran Hermano\u00bb. <\/p>\n","protected":false},"excerpt":{"rendered":"<p>El 7 de mayo, el int\u00e9rprete fue trasladado a la cl\u00ednica Alcla, en la que tambi\u00e9n estuvo internado el m\u00fasico Gustavo Cerati. Un a\u00f1o atr\u00e1s fallec\u00eda a los 71 a\u00f1os Sergio Denis, una de las grandes figuras de la canci\u00f3n rom\u00e1ntica argentina que muri\u00f3 tras m\u00e1s de 14 meses de agon\u00eda por haberse ca\u00eddo al [&hellip;]<\/p>\n","protected":false},"author":1,"featured_media":4535,"comment_status":"closed","ping_status":"closed","sticky":false,"template":"","format":"standard","meta":[],"categories":[9],"tags":[],"_links":{"self":[{"href":"http:\/\/nuevacordoba.net\/index.php\/wp-json\/wp\/v2\/posts\/4534"}],"collection":[{"href":"http:\/\/nuevacordoba.net\/index.php\/wp-json\/wp\/v2\/posts"}],"about":[{"href":"http:\/\/nuevacordoba.net\/index.php\/wp-json\/wp\/v2\/types\/post"}],"author":[{"embeddable":true,"href":"http:\/\/nuevacordoba.net\/index.php\/wp-json\/wp\/v2\/users\/1"}],"replies":[{"embeddable":true,"href":"http:\/\/nuevacordoba.net\/index.php\/wp-json\/wp\/v2\/comments?post=4534"}],"version-history":[{"count":0,"href":"http:\/\/nuevacordoba.net\/index.php\/wp-json\/wp\/v2\/posts\/4534\/revisions"}],"wp:featuredmedia":[{"embeddable":true,"href":"http:\/\/nuevacordoba.net\/index.php\/wp-json\/wp\/v2\/media\/4535"}],"wp:attachment":[{"href":"http:\/\/nuevacordoba.net\/index.php\/wp-json\/wp\/v2\/media?parent=4534"}],"wp:term":[{"taxonomy":"category","embeddable":true,"href":"http:\/\/nuevacordoba.net\/index.php\/wp-json\/wp\/v2\/categories?post=4534"},{"taxonomy":"post_tag","embeddable":true,"href":"http:\/\/nuevacordoba.net\/index.php\/wp-json\/wp\/v2\/tags?post=4534"}],"curies":[{"name":"wp","href":"https:\/\/api.w.org\/{rel}","templated":true}]}}