{"id":45458,"date":"2024-07-05T22:34:19","date_gmt":"2024-07-05T22:34:19","guid":{"rendered":"http:\/\/cordobanewsnet.wordpress.com\/?p=10396"},"modified":"2024-07-05T22:34:19","modified_gmt":"2024-07-05T22:34:19","slug":"dos-hombres-murieron-calcinados-por-el-incendio-de-una-casilla-rodante-en-el-durazno","status":"publish","type":"post","link":"http:\/\/nuevacordoba.net\/index.php\/2024\/07\/05\/dos-hombres-murieron-calcinados-por-el-incendio-de-una-casilla-rodante-en-el-durazno\/","title":{"rendered":"Dos hombres murieron calcinados por el incendio de una casilla rodante en El Durazno"},"content":{"rendered":"<p>La Justicia investiga las causas del hecho. Las v\u00edctimas ten\u00edan 24 y 37 a\u00f1os, y trabajaban como mozo y cocinero en el lugar.<\/p>\n<p>Dos hombre murieron calcinados por el incendio de una casilla rodante en El Durazno, este viernes por la ma\u00f1ana.<\/p>\n<p>El episodio sucedi\u00f3 alrededor de las 8 en un complejo de caba\u00f1as en El Durazno. Bomberos acudieron al lugar luego de un llamado alertaron por presencia de llamas y humo.<\/p>\n<p>Tras contener el fuego, los agentes encontraron calcinadas a dos personas en el interior de la estructura. Ambas fallecieron a causa del incendio.<\/p>\n<p>Los fallecidos ten\u00edan 24 y 37 a\u00f1os de edad y habr\u00edan sido trabajadores del lugar donde ocurri\u00f3 el siniestro.<\/p>\n<p>La Justicia, desde los tribunales de R\u00edo Tercero, investiga ahora la causa del origen de la tragedia que tuvo como consecuencia el fallecimiento ambos hombres. La Polic\u00eda identific\u00f3 a las v\u00edctimas fatales como Alexis Emanuel Irurres (24) y Camilo Jes\u00fas Zapata (37), ambos con domicilio en la ciudad de C\u00f3rdoba.<\/p>\n<figure class=\"wp-block-image size-large\"><img loading=\"lazy\" data-attachment-id=\"10397\" data-permalink=\"https:\/\/cordobanewsnet.wordpress.com\/2024\/07\/05\/dos-hombres-murieron-calcinados-por-el-incendio-de-una-casilla-rodante-en-el-durazno\/image-180\/\" data-orig-file=\"https:\/\/cordobanewsnet.wordpress.com\/wp-content\/uploads\/2024\/07\/image-28.png\" data-orig-size=\"929,523\" data-comments-opened=\"1\" data-image-meta=\"{&quot;aperture&quot;:&quot;0&quot;,&quot;credit&quot;:&quot;&quot;,&quot;camera&quot;:&quot;&quot;,&quot;caption&quot;:&quot;&quot;,&quot;created_timestamp&quot;:&quot;0&quot;,&quot;copyright&quot;:&quot;&quot;,&quot;focal_length&quot;:&quot;0&quot;,&quot;iso&quot;:&quot;0&quot;,&quot;shutter_speed&quot;:&quot;0&quot;,&quot;title&quot;:&quot;&quot;,&quot;orientation&quot;:&quot;0&quot;}\" data-image-title=\"image\" data-image-description data-image-caption data-medium-file=\"https:\/\/cordobanewsnet.wordpress.com\/wp-content\/uploads\/2024\/07\/image-28.png?w=300\" data-large-file=\"https:\/\/cordobanewsnet.wordpress.com\/wp-content\/uploads\/2024\/07\/image-28.png?w=736\" tabindex=\"0\" role=\"button\" width=\"929\" height=\"523\" src=\"http:\/\/nuevacordoba.net\/wp-content\/uploads\/2024\/07\/dos-hombres-murieron-calcinados-por-el-incendio-de-una-casilla-rodante-en-el-durazno.png\" alt class=\"wp-image-10397\"><\/figure>\n<p>Fuente : Telefe C\u00f3rdoba Argentina<\/p>\n<p><span id=\"wordads-inline-marker\"><\/span> <\/p>\n<div id=\"jp-post-flair\" class=\"sharedaddy sd-like-enabled sd-sharing-enabled\">\n<div class=\"sharedaddy sd-sharing-enabled\">\n<div class=\"robots-nocontent sd-block sd-social sd-social-icon-text sd-sharing\">\n<h3 class=\"sd-title\">Comparte esto:<\/h3>\n<\/div>\n<\/div>\n<div class=\"sharedaddy sd-block sd-like jetpack-likes-widget-wrapper jetpack-likes-widget-unloaded\" id=\"like-post-wrapper-143108178-10396-6688d8a01f4a7\" data-src=\"\/\/widgets.wp.com\/likes\/index.html?ver=20240706#blog_id=143108178&amp;post_id=10396&amp;origin=cordobanewsnet.wordpress.com&amp;obj_id=143108178-10396-6688d8a01f4a7\" data-name=\"like-post-frame-143108178-10396-6688d8a01f4a7\" data-title=\"Me gusta o Compartir\">\n<p><span class=\"button\"><span>Me gusta<\/span><\/span> <span class=\"loading\">Cargando&#8230;<\/span><\/p>\n<p><span class=\"sd-text-color\"><\/span><\/div>\n<p><h3 class=\"jp-relatedposts-headline\"><em>Relacionado<\/em><\/h3>\n<\/p>\n<\/div>\n","protected":false},"excerpt":{"rendered":"<p>La Justicia investiga las causas del hecho. Las v\u00edctimas ten\u00edan 24 y 37 a\u00f1os, y trabajaban como mozo y cocinero en el lugar. Dos hombre murieron calcinados por el incendio de una casilla rodante en El Durazno, este viernes por la ma\u00f1ana. El episodio sucedi\u00f3 alrededor de las 8 en un complejo de caba\u00f1as en [&hellip;]<\/p>\n","protected":false},"author":1,"featured_media":45459,"comment_status":"closed","ping_status":"closed","sticky":false,"template":"","format":"standard","meta":[],"categories":[14],"tags":[],"_links":{"self":[{"href":"http:\/\/nuevacordoba.net\/index.php\/wp-json\/wp\/v2\/posts\/45458"}],"collection":[{"href":"http:\/\/nuevacordoba.net\/index.php\/wp-json\/wp\/v2\/posts"}],"about":[{"href":"http:\/\/nuevacordoba.net\/index.php\/wp-json\/wp\/v2\/types\/post"}],"author":[{"embeddable":true,"href":"http:\/\/nuevacordoba.net\/index.php\/wp-json\/wp\/v2\/users\/1"}],"replies":[{"embeddable":true,"href":"http:\/\/nuevacordoba.net\/index.php\/wp-json\/wp\/v2\/comments?post=45458"}],"version-history":[{"count":0,"href":"http:\/\/nuevacordoba.net\/index.php\/wp-json\/wp\/v2\/posts\/45458\/revisions"}],"wp:featuredmedia":[{"embeddable":true,"href":"http:\/\/nuevacordoba.net\/index.php\/wp-json\/wp\/v2\/media\/45459"}],"wp:attachment":[{"href":"http:\/\/nuevacordoba.net\/index.php\/wp-json\/wp\/v2\/media?parent=45458"}],"wp:term":[{"taxonomy":"category","embeddable":true,"href":"http:\/\/nuevacordoba.net\/index.php\/wp-json\/wp\/v2\/categories?post=45458"},{"taxonomy":"post_tag","embeddable":true,"href":"http:\/\/nuevacordoba.net\/index.php\/wp-json\/wp\/v2\/tags?post=45458"}],"curies":[{"name":"wp","href":"https:\/\/api.w.org\/{rel}","templated":true}]}}