{"id":45484,"date":"2024-07-06T19:30:43","date_gmt":"2024-07-06T19:30:43","guid":{"rendered":"https:\/\/prensa.cba.gov.ar\/?p=597268"},"modified":"2024-07-06T19:30:43","modified_gmt":"2024-07-06T19:30:43","slug":"la-provincia-destinara-2500-millones-para-el-fortalecimiento-de-cooperativas-y-mutuales","status":"publish","type":"post","link":"http:\/\/nuevacordoba.net\/index.php\/2024\/07\/06\/la-provincia-destinara-2500-millones-para-el-fortalecimiento-de-cooperativas-y-mutuales\/","title":{"rendered":"La Provincia destinar\u00e1 2500 millones para el fortalecimiento de cooperativas y mutuales"},"content":{"rendered":"<ul class=\" eplus-wrapper eplus-styles-uid-6a6a0d\">\n<li class=\" eplus-wrapper\"><strong>El gobernador Mart\u00edn Llaryora realiz\u00f3 el anuncio al encabezar el acto por el D\u00eda Internacional del Cooperativismo.<\/strong><\/li>\n<li class=\" eplus-wrapper\"><strong>La iniciativa cuenta con cinco l\u00edneas de aportes no reembolsables con montos de entre 5 y 20 millones de pesos.<\/strong><\/li>\n<\/ul>\n<p class=\" eplus-wrapper\">El gobernador Mar\u00edn Llaryora encabez\u00f3 el acto de lanzamiento del Programa de Fortalecimiento Cooperativo y Mutualista, con el que se busca impulsar la sostenibilidad y el crecimiento de las organizaciones de la econom\u00eda social con aportes no reembolsables de entre 5 y 20 millones de pesos.<\/p>\n<p class=\" eplus-wrapper\">A tal fin, el Gobierno de la Provincia de C\u00f3rdoba destinar\u00e1 2.500 millones de pesos para financiar las cinco l\u00edneas disponibles.<\/p>\n<p class=\" eplus-wrapper\">La presentaci\u00f3n se realiz\u00f3 en el marco del D\u00eda Internacional del Cooperativismo, donde adem\u00e1s se entregaron registros provinciales a m\u00e1s de 40 nuevas organizaciones que podr\u00e1n comenzar a funcionar bajo el formato asociativo.<\/p>\n<p class=\" eplus-wrapper\">Con la iniciativa, la Provincia reconoce el rol protag\u00f3nico de las cooperativas y mutuales en el desarrollo y la historia de C\u00f3rdoba, articulando y generando herramientas que permitan mayor crecimiento de las entidades.<\/p>\n<p class=\" eplus-wrapper\"><em>\u201cPara m\u00ed es un gusto poder festejar su d\u00eda con todos ustedes aqu\u00ed, en la Casa de Gobierno, en este primer a\u00f1o del Ministerio de Cooperativa\u201d<\/em>, expres\u00f3 el mandatario provincial.<\/p>\n<figure class=\" wp-block-image aligncenter size-large is-resized eplus-wrapper\"><img loading=\"lazy\" decoding=\"async\" width=\"1024\" height=\"645\" src=\"http:\/\/nuevacordoba.net\/wp-content\/uploads\/2024\/07\/la-provincia-destinara-2500-millones-para-el-fortalecimiento-de-cooperativas-y-mutuales.jpg\" alt class=\"wp-image-597271\" srcset=\"http:\/\/nuevacordoba.net\/wp-content\/uploads\/2024\/07\/la-provincia-destinara-2500-millones-para-el-fortalecimiento-de-cooperativas-y-mutuales.jpg 1024w, http:\/\/nuevacordoba.net\/wp-content\/uploads\/2024\/07\/la-provincia-destinara-2500-millones-para-el-fortalecimiento-de-cooperativas-y-mutuales-2.jpg 300w, http:\/\/nuevacordoba.net\/wp-content\/uploads\/2024\/07\/la-provincia-destinara-2500-millones-para-el-fortalecimiento-de-cooperativas-y-mutuales-3.jpg 768w, http:\/\/nuevacordoba.net\/wp-content\/uploads\/2024\/07\/la-provincia-destinara-2500-millones-para-el-fortalecimiento-de-cooperativas-y-mutuales-4.jpg 1138w\" sizes=\"(max-width: 1024px) 100vw, 1024px\"><\/figure>\n<p class=\" eplus-wrapper\">Puntualmente, el Programa de Fortalecimiento otorga aportes no reembolsables que surgen del Fondo Provincial para la Educaci\u00f3n y Desarrollo del Sector Cooperativo, definidos y dise\u00f1ados por el Consejo Asesor de Cooperativas y Mutuales que cuenta con representantes del sector, el Ministerio de Cooperativas y Mutuales y el Ministerio de Educaci\u00f3n.<\/p>\n<p class=\" eplus-wrapper\">En ese sentido, Llaryora sostuvo que el trabajo debe ser <em>\u201cen conjunto, es tirando todos para el mismo lado. Y esto no es un tema de partidos pol\u00edticos, es un tema ideol\u00f3gico, de entender que nuestra \u00fanica ideolog\u00eda tiene que ser el bienestar de nuestros vecinos y de que tenemos que estar juntos\u201d.<\/em><\/p>\n<p class=\" eplus-wrapper\">La propuesta est\u00e1 dirigida a cooperativas y mutuales de la provincia de C\u00f3rdoba y presenta cinco l\u00edneas de aplicaci\u00f3n: Proyectos productivos y de equipamientos, con montos de hasta $20.000.000; Mejora de infraestructura, con aportes de hasta $20.000.000; Fomento a la promoci\u00f3n y capacitaci\u00f3n, con montos de hasta $ 5.000.000; Fortalecimiento institucional, con aportes de hasta $ 5.000.000, y Proyectos socialmente relevantes, con montos de hasta $10.000.000.<\/p>\n<p class=\" eplus-wrapper\">El gobernador explic\u00f3 la aplicaci\u00f3n de l\u00edneas de cr\u00e9ditos por parte de la Provincia y asever\u00f3:<em> \u201cEl mercado no falla, el mercado no va a donde no hay negocio, es all\u00ed donde debemos estar para no abandonar a la gente. Donde el mercado no llega, debe estar el Estado, las mutuales o las cooperativas\u201d.<\/em><\/p>\n<figure class=\" wp-block-audio eplus-wrapper\"><audio controls src=\"https:\/\/prensa.cba.gov.ar\/wp-content\/uploads\/2024\/07\/LLARYORA-COOPERATIVAS.mp3\"><\/audio><figcaption class=\"wp-element-caption\"><strong><em>Audio:<\/em><\/strong> Mart\u00edn Llaryora<\/figcaption><\/figure>\n<figure class=\" wp-block-image aligncenter size-large is-resized eplus-wrapper\"><img loading=\"lazy\" decoding=\"async\" width=\"1024\" height=\"683\" src=\"http:\/\/nuevacordoba.net\/wp-content\/uploads\/2024\/07\/la-provincia-destinara-2500-millones-para-el-fortalecimiento-de-cooperativas-y-mutuales-1.jpg\" alt class=\"wp-image-597270\" srcset=\"http:\/\/nuevacordoba.net\/wp-content\/uploads\/2024\/07\/la-provincia-destinara-2500-millones-para-el-fortalecimiento-de-cooperativas-y-mutuales-1.jpg 1024w, http:\/\/nuevacordoba.net\/wp-content\/uploads\/2024\/07\/la-provincia-destinara-2500-millones-para-el-fortalecimiento-de-cooperativas-y-mutuales-5.jpg 300w, http:\/\/nuevacordoba.net\/wp-content\/uploads\/2024\/07\/la-provincia-destinara-2500-millones-para-el-fortalecimiento-de-cooperativas-y-mutuales-6.jpg 768w, http:\/\/nuevacordoba.net\/wp-content\/uploads\/2024\/07\/la-provincia-destinara-2500-millones-para-el-fortalecimiento-de-cooperativas-y-mutuales-7.jpg 1066w\" sizes=\"(max-width: 1024px) 100vw, 1024px\"><\/figure>\n<p class=\" eplus-wrapper\">Por su parte, el ministro de Cooperativas y mutuales agradeci\u00f3 al gobernador y expres\u00f3: <em>\u201cEste es un d\u00eda muy significativo en la historia de las cooperativas de C\u00f3rdoba porque se celebra en la casa que representa a todos los cordobeses. Y esto responde a una decisi\u00f3n del gobernador Llaryora en reconocer lo que las cooperativas y mutuales han hecho en m\u00e1s de 100 a\u00f1os de historia\u201d.<\/em><\/p>\n<p class=\" eplus-wrapper\"><em>\u201cEste programa financiara proyectos que las cooperativas y mutuales presenten para su fortalecimiento, su capacitaci\u00f3n e incorporaci\u00f3n de equipamientos, mejora de su infraestructura y proyectos sociales relevantes\u201d<\/em>, aclar\u00f3 Gill.<\/p>\n<p class=\" eplus-wrapper\">Por \u00faltimo, el gobernador pidi\u00f3 a las cooperativas continuar con el gran trabajo que llevan adelante: <em>\u201cEste ministerio es claramente un reconocimiento, un grito de esperanza en este momento tan dif\u00edcil, pero tambi\u00e9n es un llamado a esta familia cooperativa y mutualista que re\u00fane a todos a redoblar el esfuerzo, a defender el sentido com\u00fan\u201d.<\/em><\/p>\n<h4 class=\" wp-block-heading eplus-wrapper\">L\u00edneas de aplicaci\u00f3n<\/h4>\n<ul class=\" eplus-wrapper eplus-styles-uid-6962d3\">\n<li class=\" eplus-wrapper\"><strong>L\u00ednea proyectos productivos y de equipamientos: <\/strong>Destinada a contratar personal, comprar y reparar equipamiento, adquirir herramientas e insumos. Busca apoyar proyectos de producci\u00f3n, equipamiento e infraestructura de entidades de menor escala. Hasta $20.000.000 (veinte millones) de pesos.<\/li>\n<\/ul>\n<ul class=\" eplus-wrapper eplus-styles-uid-897bf4\">\n<li class=\" eplus-wrapper\"><strong>L\u00ednea mejora de infraestructura:<\/strong> Destinada a realizar mejoras en inmuebles y construcciones. Hasta $20.000.000 (veinte millones) de pesos.<\/li>\n<\/ul>\n<ul class=\" eplus-wrapper eplus-styles-uid-253e30\">\n<li class=\" eplus-wrapper\"><strong>L\u00ednea fomento a la promoci\u00f3n y capacitaci\u00f3n:<\/strong> Destinada a contratar asesores y capacitadores, adquirir bibliograf\u00eda y herramientas did\u00e1cticas destinadas a mejorar la capacitaci\u00f3n t\u00e9cnica y operativa, y promover servicios y productos de las entidades. Hasta $5.000.000 (cinco millones) de pesos.<\/li>\n<\/ul>\n<ul class=\" eplus-wrapper eplus-styles-uid-6a9567\">\n<li class=\" eplus-wrapper\"><strong>L\u00ednea de fortalecimiento institucional:<\/strong> Destinada a brindar herramientas y recursos para la planificaci\u00f3n y evaluaci\u00f3n de procesos, para la administraci\u00f3n legal y contable, para el fortalecimiento de equipos de trabajo. Hasta $5.000.000 (cinco millones) de pesos.<\/li>\n<\/ul>\n<ul class=\" eplus-wrapper eplus-styles-uid-749087\">\n<li class=\" eplus-wrapper\"><strong>L\u00ednea de proyectos socialmente relevantes:<\/strong> Destinada a capacitaci\u00f3n t\u00e9cnica, adquisici\u00f3n de herramientas y mejora de la calidad de productos y servicios o ejecutar propuestas realizadas por estudiantes asociados a organizaci\u00f3n escolar o juvenil. La finalidad es acompa\u00f1ar proyectos socialmente relevantes que no se ajustan a las l\u00edneas A y B, especialmente en el \u00e1mbito educativo y comunitario. Hasta $10.000.000 (diez millones) de pesos.<\/li>\n<\/ul>\n","protected":false},"excerpt":{"rendered":"<p>El gobernador Mart\u00edn Llaryora realiz\u00f3 el anuncio al encabezar el acto por el D\u00eda Internacional del Cooperativismo. La iniciativa cuenta con cinco l\u00edneas de aportes no reembolsables con montos de entre 5 y 20 millones de pesos. El gobernador Mar\u00edn Llaryora encabez\u00f3 el acto de lanzamiento del Programa de Fortalecimiento Cooperativo y Mutualista, con el [&hellip;]<\/p>\n","protected":false},"author":1,"featured_media":45485,"comment_status":"closed","ping_status":"closed","sticky":false,"template":"","format":"standard","meta":[],"categories":[14],"tags":[],"_links":{"self":[{"href":"http:\/\/nuevacordoba.net\/index.php\/wp-json\/wp\/v2\/posts\/45484"}],"collection":[{"href":"http:\/\/nuevacordoba.net\/index.php\/wp-json\/wp\/v2\/posts"}],"about":[{"href":"http:\/\/nuevacordoba.net\/index.php\/wp-json\/wp\/v2\/types\/post"}],"author":[{"embeddable":true,"href":"http:\/\/nuevacordoba.net\/index.php\/wp-json\/wp\/v2\/users\/1"}],"replies":[{"embeddable":true,"href":"http:\/\/nuevacordoba.net\/index.php\/wp-json\/wp\/v2\/comments?post=45484"}],"version-history":[{"count":0,"href":"http:\/\/nuevacordoba.net\/index.php\/wp-json\/wp\/v2\/posts\/45484\/revisions"}],"wp:featuredmedia":[{"embeddable":true,"href":"http:\/\/nuevacordoba.net\/index.php\/wp-json\/wp\/v2\/media\/45485"}],"wp:attachment":[{"href":"http:\/\/nuevacordoba.net\/index.php\/wp-json\/wp\/v2\/media?parent=45484"}],"wp:term":[{"taxonomy":"category","embeddable":true,"href":"http:\/\/nuevacordoba.net\/index.php\/wp-json\/wp\/v2\/categories?post=45484"},{"taxonomy":"post_tag","embeddable":true,"href":"http:\/\/nuevacordoba.net\/index.php\/wp-json\/wp\/v2\/tags?post=45484"}],"curies":[{"name":"wp","href":"https:\/\/api.w.org\/{rel}","templated":true}]}}