{"id":45488,"date":"2024-07-06T14:00:50","date_gmt":"2024-07-06T14:00:50","guid":{"rendered":"http:\/\/cordobanewsnet.wordpress.com\/?p=10410"},"modified":"2024-07-06T14:00:50","modified_gmt":"2024-07-06T14:00:50","slug":"docentes-privados-de-cordoba-lanzaron-un-paro-de-48-horas-tras-el-receso-de-invierno","status":"publish","type":"post","link":"http:\/\/nuevacordoba.net\/index.php\/2024\/07\/06\/docentes-privados-de-cordoba-lanzaron-un-paro-de-48-horas-tras-el-receso-de-invierno\/","title":{"rendered":"Docentes privados de C\u00f3rdoba lanzaron un paro de 48 horas tras el receso de invierno"},"content":{"rendered":"<p>Ser\u00e1 el lunes 22 y martes 23 de julio, con movilizaci\u00f3n por las calles de la capital provincial. Lo anunci\u00f3 el Consejo Directivo Provincial Resolutivo de SADOP.<\/p>\n<p>El Sindicato Argentino de Docentes Privados&nbsp;<a href=\"https:\/\/www.cadena3.com\/pagina\/tag\/?q=SADOP\" target=\"_blank\" rel=\"noreferrer noopener\">(SADOP)<\/a>, gremio que nuclea a los docentes privados de la provincia de C\u00f3rdoba anunci\u00f3 que no reiniciar\u00e1n las clases luego del receso de invierno y lanz\u00f3 un&nbsp;<strong>paro de 48 horas.<\/strong><\/p>\n<p>El Consejo Directivo Provincial Resolutivo lanz\u00f3 la convocatoria a para el&nbsp;<strong>lunes 22 y martes 23 de julio.<\/strong>&nbsp;Adem\u00e1s, ese martes habr\u00e1 una movilizaci\u00f3n en las calles de la capital provincial.<\/p>\n<p>\u00abReiteramos los reclamos vigentes. Los docentes hemos cumplido con nuestro compromiso social y hemos sostenido el sistema a pesar de los magros salarios. Hoy, que nuestros salarios de activos y pasivos han&nbsp;<strong>perforado la l\u00ednea de la indigencia<\/strong>, les pedimos a nuestros gobernantes, nacionales y provinciales, que respeten su compromiso de recomponer los salarios y la inversi\u00f3n en la educaci\u00f3n\u00bb manifestaron desde SADOP.<\/p>\n<p>Tambi\u00e9n destacaron, a trav\u00e9s de un comunicado de prensa, que se constituya nuevamente la Paritaria Nacional Docente, se restituyan los fondos del&nbsp;<a href=\"https:\/\/www.cadena3.com\/pagina\/tag\/?q=FONID\" target=\"_blank\" rel=\"noreferrer noopener\">FONID<\/a>&nbsp;a las jurisdicciones, la derogaci\u00f3n de la Ley de Jubilaci\u00f3n, el blanqueo de las sumas en \u00abnegro\u00bb y la eliminaci\u00f3n de todos los \u00edtems creados para deteriorar el salario.<\/p>\n<p>De esta manera, el gremio de los docentes privados se suma a la medida de fuerza que tambi\u00e9n lanz\u00f3 la Uni\u00f3n de Educadores de la Provincia de C\u00f3rdoba&nbsp;<a href=\"https:\/\/www.cadena3.com\/pagina\/tag\/?q=UEPC\" target=\"_blank\" rel=\"noreferrer noopener\">(UEPC)<\/a>&nbsp;para cuando finalicen las vacaciones de invierno.<\/p>\n<figure class=\"wp-block-image size-large\"><img loading=\"lazy\" data-attachment-id=\"10411\" data-permalink=\"https:\/\/cordobanewsnet.wordpress.com\/2024\/07\/06\/docentes-privados-de-cordoba-lanzaron-un-paro-de-48-horas-tras-el-receso-de-invierno\/image-182\/\" data-orig-file=\"https:\/\/cordobanewsnet.wordpress.com\/wp-content\/uploads\/2024\/07\/image-30.png\" data-orig-size=\"929,523\" data-comments-opened=\"1\" data-image-meta=\"{&quot;aperture&quot;:&quot;0&quot;,&quot;credit&quot;:&quot;&quot;,&quot;camera&quot;:&quot;&quot;,&quot;caption&quot;:&quot;&quot;,&quot;created_timestamp&quot;:&quot;0&quot;,&quot;copyright&quot;:&quot;&quot;,&quot;focal_length&quot;:&quot;0&quot;,&quot;iso&quot;:&quot;0&quot;,&quot;shutter_speed&quot;:&quot;0&quot;,&quot;title&quot;:&quot;&quot;,&quot;orientation&quot;:&quot;0&quot;}\" data-image-title=\"image\" data-image-description data-image-caption data-medium-file=\"https:\/\/cordobanewsnet.wordpress.com\/wp-content\/uploads\/2024\/07\/image-30.png?w=300\" data-large-file=\"https:\/\/cordobanewsnet.wordpress.com\/wp-content\/uploads\/2024\/07\/image-30.png?w=736\" tabindex=\"0\" role=\"button\" width=\"929\" height=\"523\" src=\"http:\/\/nuevacordoba.net\/wp-content\/uploads\/2024\/07\/docentes-privados-de-cordoba-lanzaron-un-paro-de-48-horas-tras-el-receso-de-invierno.png\" alt class=\"wp-image-10411\"><\/figure>\n<p>Fuente Informativa: Cadena 3<\/p>\n<p><span id=\"wordads-inline-marker\"><\/span> <\/p>\n<div id=\"jp-post-flair\" class=\"sharedaddy sd-like-enabled sd-sharing-enabled\">\n<div class=\"sharedaddy sd-sharing-enabled\">\n<div class=\"robots-nocontent sd-block sd-social sd-social-icon-text sd-sharing\">\n<h3 class=\"sd-title\">Comparte esto:<\/h3>\n<\/div>\n<\/div>\n<div class=\"sharedaddy sd-block sd-like jetpack-likes-widget-wrapper jetpack-likes-widget-unloaded\" id=\"like-post-wrapper-143108178-10410-6689bff5dd271\" data-src=\"\/\/widgets.wp.com\/likes\/index.html?ver=20240706#blog_id=143108178&amp;post_id=10410&amp;origin=cordobanewsnet.wordpress.com&amp;obj_id=143108178-10410-6689bff5dd271\" data-name=\"like-post-frame-143108178-10410-6689bff5dd271\" data-title=\"Me gusta o Compartir\">\n<p><span class=\"button\"><span>Me gusta<\/span><\/span> <span class=\"loading\">Cargando&#8230;<\/span><\/p>\n<p><span class=\"sd-text-color\"><\/span><\/div>\n<p><h3 class=\"jp-relatedposts-headline\"><em>Relacionado<\/em><\/h3>\n<\/p>\n<\/div>\n","protected":false},"excerpt":{"rendered":"<p>Ser\u00e1 el lunes 22 y martes 23 de julio, con movilizaci\u00f3n por las calles de la capital provincial. Lo anunci\u00f3 el Consejo Directivo Provincial Resolutivo de SADOP. El Sindicato Argentino de Docentes Privados&nbsp;(SADOP), gremio que nuclea a los docentes privados de la provincia de C\u00f3rdoba anunci\u00f3 que no reiniciar\u00e1n las clases luego del receso de [&hellip;]<\/p>\n","protected":false},"author":1,"featured_media":45489,"comment_status":"closed","ping_status":"closed","sticky":false,"template":"","format":"standard","meta":[],"categories":[14],"tags":[],"_links":{"self":[{"href":"http:\/\/nuevacordoba.net\/index.php\/wp-json\/wp\/v2\/posts\/45488"}],"collection":[{"href":"http:\/\/nuevacordoba.net\/index.php\/wp-json\/wp\/v2\/posts"}],"about":[{"href":"http:\/\/nuevacordoba.net\/index.php\/wp-json\/wp\/v2\/types\/post"}],"author":[{"embeddable":true,"href":"http:\/\/nuevacordoba.net\/index.php\/wp-json\/wp\/v2\/users\/1"}],"replies":[{"embeddable":true,"href":"http:\/\/nuevacordoba.net\/index.php\/wp-json\/wp\/v2\/comments?post=45488"}],"version-history":[{"count":0,"href":"http:\/\/nuevacordoba.net\/index.php\/wp-json\/wp\/v2\/posts\/45488\/revisions"}],"wp:featuredmedia":[{"embeddable":true,"href":"http:\/\/nuevacordoba.net\/index.php\/wp-json\/wp\/v2\/media\/45489"}],"wp:attachment":[{"href":"http:\/\/nuevacordoba.net\/index.php\/wp-json\/wp\/v2\/media?parent=45488"}],"wp:term":[{"taxonomy":"category","embeddable":true,"href":"http:\/\/nuevacordoba.net\/index.php\/wp-json\/wp\/v2\/categories?post=45488"},{"taxonomy":"post_tag","embeddable":true,"href":"http:\/\/nuevacordoba.net\/index.php\/wp-json\/wp\/v2\/tags?post=45488"}],"curies":[{"name":"wp","href":"https:\/\/api.w.org\/{rel}","templated":true}]}}