{"id":45490,"date":"2024-07-05T03:05:28","date_gmt":"2024-07-05T03:05:28","guid":{"rendered":"https:\/\/puntoapunto.com.ar\/?p=362562"},"modified":"2024-07-05T03:05:28","modified_gmt":"2024-07-05T03:05:28","slug":"ministerio-de-desregulacion-y-transformacion-del-estado-cuales-son-las-funciones-que-tendra-sturzenegger","status":"publish","type":"post","link":"http:\/\/nuevacordoba.net\/index.php\/2024\/07\/05\/ministerio-de-desregulacion-y-transformacion-del-estado-cuales-son-las-funciones-que-tendra-sturzenegger\/","title":{"rendered":"Ministerio de Desregulaci\u00f3n y Transformaci\u00f3n del Estado: cu\u00e1les son las funciones que tendr\u00e1 Sturzenegger"},"content":{"rendered":"<div class=\"g g-36\">\n<div class=\"g-dyn a-29 c-1\"><a class=\"gofollow\" data-track=\"MjksMzYsMSw2MA==\" href=\"https:\/\/www.harmoniechateau.com.ar\/\" target=\"_blank\" rel=\"noopener\"><img src=\"http:\/\/nuevacordoba.net\/wp-content\/uploads\/2024\/07\/ministerio-de-desregulacion-y-transformacion-del-estado-cuales-son-las-funciones-que-tendra-sturzenegger.jpg\" loading=\"lazy\"><\/a><\/div>\n<\/div>\n<p>&nbsp;\n<\/p>\n<p>El gobierno confirm\u00f3 la designaci\u00f3n del economista <strong>Federico Sturzenegger,&nbsp;<\/strong>quien estar\u00e1 al frente del nuevo&nbsp;<strong>ministerio de Desregulaci\u00f3n y Transformaci\u00f3n del Estado.<\/strong>\n<\/p>\n<p>La nominaci\u00f3n de&nbsp;<strong>Sturzenegger<\/strong> se hizo efectiva a trav\u00e9s del<a href=\"https:\/\/drive.google.com\/file\/d\/1BxH0wAkzCtPSzzqNzitnBKRaiQDTQhtk\/view\"> decreto 586\/2024 publicado en el <\/a><strong><a href=\"https:\/\/drive.google.com\/file\/d\/1BxH0wAkzCtPSzzqNzitnBKRaiQDTQhtk\/view\">Bolet\u00edn oficial<\/a>,<\/strong>&nbsp;que lleva la firma de los titulares de los siete ministerios y del jefe de Gabinete, Guillermo Francos.\n<\/p>\n<p>El economista, de 57 a\u00f1os, ocup\u00f3 distintos cargos en la funci\u00f3n p\u00fablica, ya que se desempe\u00f1\u00f3 como&nbsp;<strong>Secretario de Pol\u00edtica Econ\u00f3mica<\/strong>&nbsp;en el gobierno de&nbsp;<strong>Fernando De la R\u00faa,&nbsp;<\/strong>fue titular del&nbsp;<strong>Banco Ciudad<\/strong>&nbsp;durante el mandato de&nbsp;<strong>Mauricio Macri<\/strong>&nbsp;como jefe de gobierno porte\u00f1o, y tambi\u00e9n estuvo al frente del&nbsp;<strong>Banco Central con Macri como presidente de la Naci\u00f3n. <\/strong>Adem\u00e1s Sturzenegger fue diputado nacional del PRO en representaci\u00f3n de la Ciudad, entre 2013 y 2015.\n<\/p>\n<p class=\"paragraph\" data-mrf-recirculation=\"Links inline\">Para darle espacio a la llegada de Sturzenegger, el Gobierno modific\u00f3 la Ley de Ministerios y dispuso la creaci\u00f3n del Ministerio de Desregulaci\u00f3n y Transformaci\u00f3n del Estado. Seg\u00fan se detall\u00f3 en el <b>Decreto 585\/2024<\/b>, el nuevo organismo se encargar\u00e1 de&nbsp;<b>\u201ctodo lo concerniente a los cursos de acci\u00f3n para la implementaci\u00f3n de la desregulaci\u00f3n, reforma y modernizaci\u00f3n del Estado en miras a redimensionar y reducir el gasto p\u00fablico y aumentar la eficiencia y eficacia de los organismos que conforman la Administraci\u00f3n P\u00fablica Nacional, la transformaci\u00f3n de gesti\u00f3n, la simplificaci\u00f3n del Estado, el dise\u00f1o y ejecuci\u00f3n de pol\u00edticas relativas al empleo p\u00fablico\u201d<\/b>.<\/p>\n<p data-mrf-recirculation=\"Links inline\"><img decoding=\"async\" class=\"aligncenter wp-image-362564 size-full\" src=\"http:\/\/nuevacordoba.net\/wp-content\/uploads\/2024\/07\/ministerio-de-desregulacion-y-transformacion-del-estado-cuales-son-las-funciones-que-tendra-sturzenegger-1.jpg\" alt width=\"987\" height=\"555\" srcset=\"http:\/\/nuevacordoba.net\/wp-content\/uploads\/2024\/07\/ministerio-de-desregulacion-y-transformacion-del-estado-cuales-son-las-funciones-que-tendra-sturzenegger-1.jpg 987w, http:\/\/nuevacordoba.net\/wp-content\/uploads\/2024\/07\/ministerio-de-desregulacion-y-transformacion-del-estado-cuales-son-las-funciones-que-tendra-sturzenegger-3.jpg 300w, http:\/\/nuevacordoba.net\/wp-content\/uploads\/2024\/07\/ministerio-de-desregulacion-y-transformacion-del-estado-cuales-son-las-funciones-que-tendra-sturzenegger-4.jpg 768w, http:\/\/nuevacordoba.net\/wp-content\/uploads\/2024\/07\/ministerio-de-desregulacion-y-transformacion-del-estado-cuales-son-las-funciones-que-tendra-sturzenegger-5.jpg 750w\" sizes=\"(max-width: 987px) 100vw, 987px\" loading=\"lazy\">\n<\/p>\n<p class=\"paragraph\" data-mrf-recirculation=\"Links inline\">Desregulaci\u00f3n y Transformaci\u00f3n del Estado se suma a Relaciones Exteriores, Comercio Internacional y Culto; Defensa; Econom\u00eda; Justicia; Seguridad; Salud; Capital Humano. De esta forma, el Gobierno de Javier Milei pasa a contar con ocho ministerios.\n<\/p>\n<p class=\"paragraph\" data-mrf-recirculation=\"Links inline\">Entre los objetivos particulares, el Poder Ejecutivo indic\u00f3 que el ministerio buscar\u00e1 \u201celiminar tareas incensar\u00edas, duplicadas y\/u obsoletas\u201d; elaborar \u201cpol\u00edticas tendientes a aumentar la competitividad, eliminar cargas burocr\u00e1ticas, facilitar el funcionamiento de los mercados, impulsar el cr\u00e9dito, disminuir regulaciones y controles, aumentar la libertad econ\u00f3mica y disminuir los costos del sector privado y productivo, en coordinaci\u00f3n con las \u00e1reas competentes de la Administraci\u00f3n P\u00fablica Nacional\u201d.\n<\/p>\n<p class=\"paragraph\" data-mrf-recirculation=\"Links inline\">La cartera de Sturzenegger buscar\u00e1 \u201cimpulsar las acciones necesarias para el dictado de actos administrativos que propicien la<b>&nbsp;simplificaci\u00f3n y\/o supriman las restricciones a la oferta de bienes y servicios, as\u00ed como aquellas exigencias normativas que distorsionen los precios de mercado, en coordinaci\u00f3n con las \u00e1reas competentes de la Administraci\u00f3n P\u00fablica Nacional\u201d.<\/b>\n<\/p>\n<p class=\"paragraph\" data-mrf-recirculation=\"Links inline\">Junto con las \u00e1reas con competencia en la materia, se encargar\u00e1 de la revisi\u00f3n de esquemas tributarios, exenciones impositivas y reg\u00edmenes especiales que generen privilegios o distorsiones en el funcionamiento de los mercados y la econom\u00eda.\n<\/p>\n<p class=\"paragraph\" data-mrf-recirculation=\"Links inline\">Se apuntar\u00e1 a concretar reformas estructurales que impulsen la creaci\u00f3n de empleo privado, el desarrollo econ\u00f3mico, la equiparaci\u00f3n de las estructuras tributarias y la eliminaci\u00f3n de los privilegios.\n<\/p>\n<div class=\"g g-38\">\n<div class=\"g-dyn a-12 c-1\"><a class=\"gofollow\" data-track=\"MTIsMzgsMSw2MA==\" href=\"https:\/\/form.jotform.com\/240784464263663\" target=\"_blank\" rel=\"noopener\"><img src=\"http:\/\/nuevacordoba.net\/wp-content\/uploads\/2024\/07\/ministerio-de-desregulacion-y-transformacion-del-estado-cuales-son-las-funciones-que-tendra-sturzenegger-2.jpg\" loading=\"lazy\"><\/a><\/div>\n<\/div>\n","protected":false},"excerpt":{"rendered":"<p>&nbsp; El gobierno confirm\u00f3 la designaci\u00f3n del economista Federico Sturzenegger,&nbsp;quien estar\u00e1 al frente del nuevo&nbsp;ministerio de Desregulaci\u00f3n y Transformaci\u00f3n del Estado. La nominaci\u00f3n de&nbsp;Sturzenegger se hizo efectiva a trav\u00e9s del decreto 586\/2024 publicado en el Bolet\u00edn oficial,&nbsp;que lleva la firma de los titulares de los siete ministerios y del jefe de Gabinete, Guillermo Francos. El [&hellip;]<\/p>\n","protected":false},"author":1,"featured_media":45491,"comment_status":"open","ping_status":"closed","sticky":false,"template":"","format":"standard","meta":[],"categories":[12,14],"tags":[],"_links":{"self":[{"href":"http:\/\/nuevacordoba.net\/index.php\/wp-json\/wp\/v2\/posts\/45490"}],"collection":[{"href":"http:\/\/nuevacordoba.net\/index.php\/wp-json\/wp\/v2\/posts"}],"about":[{"href":"http:\/\/nuevacordoba.net\/index.php\/wp-json\/wp\/v2\/types\/post"}],"author":[{"embeddable":true,"href":"http:\/\/nuevacordoba.net\/index.php\/wp-json\/wp\/v2\/users\/1"}],"replies":[{"embeddable":true,"href":"http:\/\/nuevacordoba.net\/index.php\/wp-json\/wp\/v2\/comments?post=45490"}],"version-history":[{"count":0,"href":"http:\/\/nuevacordoba.net\/index.php\/wp-json\/wp\/v2\/posts\/45490\/revisions"}],"wp:featuredmedia":[{"embeddable":true,"href":"http:\/\/nuevacordoba.net\/index.php\/wp-json\/wp\/v2\/media\/45491"}],"wp:attachment":[{"href":"http:\/\/nuevacordoba.net\/index.php\/wp-json\/wp\/v2\/media?parent=45490"}],"wp:term":[{"taxonomy":"category","embeddable":true,"href":"http:\/\/nuevacordoba.net\/index.php\/wp-json\/wp\/v2\/categories?post=45490"},{"taxonomy":"post_tag","embeddable":true,"href":"http:\/\/nuevacordoba.net\/index.php\/wp-json\/wp\/v2\/tags?post=45490"}],"curies":[{"name":"wp","href":"https:\/\/api.w.org\/{rel}","templated":true}]}}