{"id":45839,"date":"2024-07-14T06:47:18","date_gmt":"2024-07-14T06:47:18","guid":{"rendered":"http:\/\/estaciontrip.com.ar\/?p=9207"},"modified":"2024-07-14T06:47:18","modified_gmt":"2024-07-14T06:47:18","slug":"la-desregulacion-de-los-cielos-es-una-gran-noticia-para-cordoba-dijo-dario-capitani","status":"publish","type":"post","link":"http:\/\/nuevacordoba.net\/index.php\/2024\/07\/14\/la-desregulacion-de-los-cielos-es-una-gran-noticia-para-cordoba-dijo-dario-capitani\/","title":{"rendered":"\u00abLa desregulaci\u00f3n de los cielos es una gran noticia para C\u00f3rdoba\u201d, dijo Dar\u00edo Capitani"},"content":{"rendered":"<div><img src=\"http:\/\/nuevacordoba.net\/wp-content\/uploads\/2024\/07\/la-desregulacion-de-los-cielos-es-una-gran-noticia-para-cordoba-dijo-dario-capitani.jpg\" class=\"ff-og-image-inserted\"><\/div>\n<p>El presidente de la Agencia C\u00f3rdoba Turismo, Dar\u00edo Capitani, expres\u00f3 hoy que el proyecto de desregulaci\u00f3n de los cielos \u201ces una gran noticia para C\u00f3rdoba porque nos permitir\u00e1 \u2013de prosperar en toda su magnitud- recuperar el hub que el kirchnerismo se encarg\u00f3 de destruir\u201d.<\/p>\n<p>\u201cSi bien existi\u00f3 una pandemia, tambi\u00e9n existi\u00f3 la decisi\u00f3n de relegar a C\u00f3rdoba con una pol\u00edtica de cielos abiertos que solo alentaba la presencia y participaci\u00f3n de la aerol\u00edneas de bandera y desalentaba la competencia y las inversiones\u201d, expres\u00f3 Capitani.<\/p>\n<p>Adem\u00e1s, agreg\u00f3 que \u201cperdimos mas de 130 mil turistas extranjeros por las malas decisiones que se tomaron en el pasado. Ahora, y antes de esta disposici\u00f3n del gobierno, estamos en conversaciones para activar distintos tipos de rutas y que C\u00f3rdoba vuelva a ser ese centro neur\u00e1lgico tanto como punto de llegada como punto de distribuci\u00f3n\u201d.<\/p>\n<p>Capitani se\u00f1al\u00f3 que existe \u201cla voluntad de distintas aerol\u00edneas internacionales de invertir y volver a darle valor \u2013no s\u00f3lo tur\u00edstico- sino comercial (respecto a las cargas) a los distintos vuelos. Ojal\u00e1 pronto tengamos el cielo cordob\u00e9s repleto de distintos colores porque eso significar\u00e1 m\u00e1s turismo, m\u00e1s inversiones, m\u00e1s producci\u00f3n y m\u00e1s empleo\u201d, concluy\u00f3.<\/p>\n","protected":false},"excerpt":{"rendered":"<p>El presidente de la Agencia C\u00f3rdoba Turismo, Dar\u00edo Capitani, expres\u00f3 hoy que el proyecto de desregulaci\u00f3n de los cielos \u201ces una gran noticia para C\u00f3rdoba porque nos permitir\u00e1 \u2013de prosperar en toda su magnitud- recuperar el hub que el kirchnerismo se encarg\u00f3 de destruir\u201d. \u201cSi bien existi\u00f3 una pandemia, tambi\u00e9n existi\u00f3 la decisi\u00f3n de relegar [&hellip;]<\/p>\n","protected":false},"author":1,"featured_media":45840,"comment_status":"closed","ping_status":"closed","sticky":false,"template":"","format":"standard","meta":[],"categories":[11],"tags":[],"_links":{"self":[{"href":"http:\/\/nuevacordoba.net\/index.php\/wp-json\/wp\/v2\/posts\/45839"}],"collection":[{"href":"http:\/\/nuevacordoba.net\/index.php\/wp-json\/wp\/v2\/posts"}],"about":[{"href":"http:\/\/nuevacordoba.net\/index.php\/wp-json\/wp\/v2\/types\/post"}],"author":[{"embeddable":true,"href":"http:\/\/nuevacordoba.net\/index.php\/wp-json\/wp\/v2\/users\/1"}],"replies":[{"embeddable":true,"href":"http:\/\/nuevacordoba.net\/index.php\/wp-json\/wp\/v2\/comments?post=45839"}],"version-history":[{"count":0,"href":"http:\/\/nuevacordoba.net\/index.php\/wp-json\/wp\/v2\/posts\/45839\/revisions"}],"wp:featuredmedia":[{"embeddable":true,"href":"http:\/\/nuevacordoba.net\/index.php\/wp-json\/wp\/v2\/media\/45840"}],"wp:attachment":[{"href":"http:\/\/nuevacordoba.net\/index.php\/wp-json\/wp\/v2\/media?parent=45839"}],"wp:term":[{"taxonomy":"category","embeddable":true,"href":"http:\/\/nuevacordoba.net\/index.php\/wp-json\/wp\/v2\/categories?post=45839"},{"taxonomy":"post_tag","embeddable":true,"href":"http:\/\/nuevacordoba.net\/index.php\/wp-json\/wp\/v2\/tags?post=45839"}],"curies":[{"name":"wp","href":"https:\/\/api.w.org\/{rel}","templated":true}]}}