{"id":45851,"date":"2024-07-14T18:04:56","date_gmt":"2024-07-14T18:04:56","guid":{"rendered":"https:\/\/www.ole.com.ar\/autos\/agustin-canapino-iowa-hoy-carrera-falla-auto_0_PF23Hxbltu.html"},"modified":"2024-07-14T18:04:56","modified_gmt":"2024-07-14T18:04:56","slug":"a-canapino-se-le-freno-el-auto-y-se-le-arruino-la-carrera-en-iowa","status":"publish","type":"post","link":"http:\/\/nuevacordoba.net\/index.php\/2024\/07\/14\/a-canapino-se-le-freno-el-auto-y-se-le-arruino-la-carrera-en-iowa\/","title":{"rendered":"A Canapino se le fren\u00f3 el auto y se le arruin\u00f3 la carrera en Iowa"},"content":{"rendered":"<p><time class=\"createDate\" datetime=\"2024-07-14T15:04:56-03:00\">14\/07\/2024 18:04hs.<\/time><\/p>\n<div id=\"storyBody\">\n<div class=\"custom-text \" readability=\"31.114093959732\">\n<p><strong>Agust\u00edn Canapino<\/strong> lleg\u00f3 al \u00f3valo de <strong>Iowa <\/strong>con la ilusi\u00f3n de vivir un fin de semana con emociones y con las ganas de trepar en la tabla de posiciones. Sin embargo, todo lo que le pudo salir mal, sucedi\u00f3. Luego de la que fuera l<strong><a href=\"https:\/\/www.ole.com.ar\/autos\/agustin-canapino-indycar-2024-iowa-hoy-resultado-clasificacion-horario-carrera_0_LHk7Fm5jAe.html\" target=\"_blank\" title=\"a mejor clasificaci\u00f3n desde su arribo a la IndyCar\" alt=\"a mejor clasificaci\u00f3n desde su arribo a la IndyCar\" rel=\"noopener\">a mejor clasificaci\u00f3n desde su arribo a la IndyCar<\/a><\/strong>, el arrecife\u00f1o no pudo dar <strong><a href=\"https:\/\/www.ole.com.ar\/autos\/agustin-canapino-indycar-2024-iowa-carrera-hoy-accidente-choque-largada_0_abB9txHDTv.html\" target=\"_blank\" title=\"ni un giro en la primera final\" alt=\"ni un giro en la primera final\" rel=\"noopener\">ni un giro en la primera final<\/a><\/strong> y en la segunda sufri\u00f3 un desperfecto t\u00e9cnico tras haber superado las 100 vueltas de las 250 programadas.<\/p>\n<\/div>\n<div class=\"custom-text \" readability=\"37\">\n<p>El auto de Canapino se qued\u00f3 parado a la salida de boxes. Y la parada, que hab\u00eda durado 8,3 segundos y hab\u00eda sido dentro de todo r\u00e1pida, lo hab\u00eda dejado en la pista con la chance de seguir apretando para pelear con el top 10.<\/p>\n<\/div>\n<div type=\"embed\" class=\"sc-3f46f5ae-0 djVTgz\">\n<div class=\"sc-3f46f5ae-1 fTjZec videoText\" id=\"contentTitleembedm3qaKEKS\" type=\"embed\"><svg fill=\"#ffffff\"><symbol id=\"play\" viewBox=\"0 0 512 512\"><path d=\"M512 256C512 397.4 397.4 512 256 512C114.6 512 0 397.4 0 256C0 114.6 114.6 0 256 0C397.4 0 512 114.6 512 256zM176 168V344C176 352.7 180.7 360.7 188.3 364.9C195.8 369.2 205.1 369 212.5 364.5L356.5 276.5C363.6 272.1 368 264.4 368 256C368 247.6 363.6 239.9 356.5 235.5L212.5 147.5C205.1 142.1 195.8 142.8 188.3 147.1C180.7 151.3 176 159.3 176 168V168z\" \/><\/symbol><use xlink:href=\"#play\" \/><\/svg><\/p>\n<div class=\"right\">\n<p>Agust\u00edn Canapino<!-- --> &#8211;<!-- --> <span>&nbsp;<\/span><\/p>\n<h2 class=\"title-vid\">A la salida de boxes, a Canapino se le par\u00f3 el auto<\/h2>\n<\/div>\n<\/div>\n<p><span class=\"back\" id=\"spanBackembedm3qaKEKS\"><\/span><\/div>\n<div class=\"custom-text \" readability=\"40\">\n<p>De hecho, el Tit\u00e1n marchaba 13\u00ba cuando hab\u00eda entrado para cambiar el compuesto de neum\u00e1ticos y para recargar combustible. Adem\u00e1s, <strong>su ritmo ven\u00eda siendo igual o, por momentos, superior al de los pilotos de punta<\/strong>. No obstante, ese problema le cost\u00f3 toda la carrera y tuvo que ser remolcado por el servicio que dispone la categor\u00eda.<\/p>\n<\/div>\n<div class=\"custom-text \" readability=\"36\">\n<p>Si bien logr\u00f3 regresar a la pista para seguir dando vueltas, lo hizo con una diferencia de 16 giros con respecto a sus rivales. Finalmente, <strong>termin\u00f3 abandonando a falta de 10 giros para ver la bandera a cuadros.<\/strong><\/p>\n<\/div>\n<div class=\"sc-e7b891c4-0 jPbnQF\"><img alt=\"Agust\u00edn Canapino y otro fin de semana para el olvido. (Travis Hinkle)\" src=\"http:\/\/nuevacordoba.net\/wp-content\/uploads\/2024\/07\/a-canapino-se-le-freno-el-auto-y-se-le-arruino-la-carrera-en-iowa.jpg\" width=\"720\" height=\"100\" decoding=\"async\" data-nimg=\"future\" loading=\"lazy\"><span class=\"epigraphe\">Agust\u00edn Canapino y otro fin de semana para el olvido. (Travis Hinkle)<\/span><\/div>\n<p><h2><strong>El ganador fue Will Power<\/strong><\/h2>\n<\/p>\n<div class=\"custom-text \" readability=\"35\">\n<p>En un final para el infarto con un accidente m\u00faltiple, el ganador fue Will Power, quien hab\u00eda largado desde la ubicaci\u00f3n N\u00ba 22. El podio lo completaron Alex Palou y Scott McLaughlin.<\/p>\n<\/div>\n<div class=\"sc-a7166897-0 exHLBh\" readability=\"6\">\n<section readability=\"2\"><picture><img alt=\"Bombazo: el m\u00faltiple campe\u00f3n de la IndyCar que se quiere subir a un TC\" src=\"http:\/\/nuevacordoba.net\/wp-content\/uploads\/2024\/07\/a-canapino-se-le-freno-el-auto-y-se-le-arruino-la-carrera-en-iowa-1.jpg\" width=\"290\" height=\"290\" decoding=\"async\" data-nimg=\"future\" loading=\"lazy\"><\/picture>\n<p><span>Mir\u00e1 tambi\u00e9n<\/span><\/p>\n<hr>\n<h3>Bombazo: el m\u00faltiple campe\u00f3n de la IndyCar que se quiere subir a un TC<\/h3>\n<\/p>\n<\/section>\n<\/div>\n<div class=\"sc-a7166897-0 exHLBh\" readability=\"6\">\n<section readability=\"2\"><picture><img alt=\"Se accident\u00f3 Canapino y tuvo que abandonar en la primera carrera del IndyCar en Iowa\" src=\"http:\/\/nuevacordoba.net\/wp-content\/uploads\/2024\/07\/a-canapino-se-le-freno-el-auto-y-se-le-arruino-la-carrera-en-iowa-2.jpg\" width=\"290\" height=\"290\" decoding=\"async\" data-nimg=\"future\" loading=\"lazy\"><\/picture>\n<p><span>Mir\u00e1 tambi\u00e9n<\/span><\/p>\n<hr>\n<h3>Se accident\u00f3 Canapino y tuvo que abandonar en la primera carrera del IndyCar en Iowa<\/h3>\n<\/p>\n<\/section>\n<\/div>\n<\/div>\n","protected":false},"excerpt":{"rendered":"<p>14\/07\/2024 18:04hs. Agust\u00edn Canapino lleg\u00f3 al \u00f3valo de Iowa con la ilusi\u00f3n de vivir un fin de semana con emociones y con las ganas de trepar en la tabla de posiciones. Sin embargo, todo lo que le pudo salir mal, sucedi\u00f3. Luego de la que fuera la mejor clasificaci\u00f3n desde su arribo a la IndyCar, [&hellip;]<\/p>\n","protected":false},"author":1,"featured_media":45852,"comment_status":"closed","ping_status":"closed","sticky":false,"template":"","format":"standard","meta":[],"categories":[10],"tags":[],"_links":{"self":[{"href":"http:\/\/nuevacordoba.net\/index.php\/wp-json\/wp\/v2\/posts\/45851"}],"collection":[{"href":"http:\/\/nuevacordoba.net\/index.php\/wp-json\/wp\/v2\/posts"}],"about":[{"href":"http:\/\/nuevacordoba.net\/index.php\/wp-json\/wp\/v2\/types\/post"}],"author":[{"embeddable":true,"href":"http:\/\/nuevacordoba.net\/index.php\/wp-json\/wp\/v2\/users\/1"}],"replies":[{"embeddable":true,"href":"http:\/\/nuevacordoba.net\/index.php\/wp-json\/wp\/v2\/comments?post=45851"}],"version-history":[{"count":0,"href":"http:\/\/nuevacordoba.net\/index.php\/wp-json\/wp\/v2\/posts\/45851\/revisions"}],"wp:featuredmedia":[{"embeddable":true,"href":"http:\/\/nuevacordoba.net\/index.php\/wp-json\/wp\/v2\/media\/45852"}],"wp:attachment":[{"href":"http:\/\/nuevacordoba.net\/index.php\/wp-json\/wp\/v2\/media?parent=45851"}],"wp:term":[{"taxonomy":"category","embeddable":true,"href":"http:\/\/nuevacordoba.net\/index.php\/wp-json\/wp\/v2\/categories?post=45851"},{"taxonomy":"post_tag","embeddable":true,"href":"http:\/\/nuevacordoba.net\/index.php\/wp-json\/wp\/v2\/tags?post=45851"}],"curies":[{"name":"wp","href":"https:\/\/api.w.org\/{rel}","templated":true}]}}