{"id":45855,"date":"2024-07-14T20:10:53","date_gmt":"2024-07-14T20:10:53","guid":{"rendered":"https:\/\/prensa.cba.gov.ar\/?p=597844"},"modified":"2024-07-14T20:10:53","modified_gmt":"2024-07-14T20:10:53","slug":"realizan-un-relevamiento-del-relieve-del-fondo-del-lago-san-roque","status":"publish","type":"post","link":"http:\/\/nuevacordoba.net\/index.php\/2024\/07\/14\/realizan-un-relevamiento-del-relieve-del-fondo-del-lago-san-roque\/","title":{"rendered":"Realizan un relevamiento del relieve del fondo del lago San Roque"},"content":{"rendered":"<ul class=\" eplus-wrapper eplus-styles-uid-0888bf\">\n<li class=\" eplus-wrapper\"><strong>Equipos t\u00e9cnicos de la Provincia y Facultad de Ciencias Exactas F\u00edsicas y Naturales de la Universidad de C\u00f3rdoba trabajan en conjunto en una nueva batimetr\u00eda del embalse San Roque.<\/strong><\/li>\n<li class=\" eplus-wrapper\"><strong>El objetivo es obtener datos sobre el relieve del fondo del embalse para luego actualizar la cuantificaci\u00f3n de su capacidad de almacenamiento.<\/strong><\/li>\n<li class=\" eplus-wrapper\"><strong>En el procedimiento se utiliza instrumental de precisi\u00f3n, llegando a registrar m\u00e1s de 30.000 datos.<\/strong><\/li>\n<\/ul>\n<p class=\" eplus-wrapper\">La Administraci\u00f3n Provincial de Recursos H\u00eddricos, dependiente del Ministerio de Infraestructura y Servicios P\u00fablicos, trabaja en conjunto con docentes investigadores, estudiantes de grado y de posgrado de la Facultad de Ciencias Exactas F\u00edsicas y Naturales de la Universidad Nacional de C\u00f3rdoba para realizar un relevamiento batim\u00e9trico del Lago San Roque.<\/p>\n<p class=\" eplus-wrapper\">\u201c<em>Estamos haciendo un estudio batim\u00e9trico, un relevamiento del relieve del fondo del lago San Roque. El objetivo es evaluar si, a medida que pasa el tiempo, pierde o no capacidad de almacenamiento por el ingreso de sedimentos desde la cuenca<\/em>\u201d, explic\u00f3 Marcelo Garc\u00eda, profesor de la Facultad de Ciencias Exactas, F\u00edsica y Naturales de la UNC e investigador del CONICET.<\/p>\n<p class=\" eplus-wrapper\">El acad\u00e9mico, que es miembro del equipo de trabajo, explic\u00f3 que este tipo de estudios son un requerimiento para la gesti\u00f3n \u00f3ptima del recurso h\u00eddrico porque permite evaluar la capacidad que tienen los embalses y d\u00f3nde se almacenan los sedimentos que provienen de la cuenca de aporte.<\/p>\n<p class=\" eplus-wrapper\">Y agreg\u00f3: \u201c<em>Las mediciones se realizan desde una embarcaci\u00f3n en movimiento, con instrumental espec\u00edfico aportado por el Servicio Geol\u00f3gico de los Estados Unidos<\/em>\u201d.<\/p>\n<figure class=\" wp-block-gallery has-nested-images columns-default is-cropped eplus-wrapper wp-block-gallery-1 is-layout-flex wp-block-gallery-is-layout-flex\">\n<figure data-wp-context=\"{ &quot;core&quot;: { &quot;image&quot;: { &quot;imageLoaded&quot;: false, &quot;initialized&quot;: false, &quot;lightboxEnabled&quot;: false, &quot;hideAnimationEnabled&quot;: false, &quot;preloadInitialized&quot;: false, &quot;lightboxAnimation&quot;: &quot;zoom&quot;, &quot;imageUploadedSrc&quot;: &quot;http:\/\/nuevacordoba.net\/wp-content\/uploads\/2024\/07\/realizan-un-relevamiento-del-relieve-del-fondo-del-lago-san-roque-5.jpg&quot;, &quot;imageCurrentSrc&quot;: &quot;&quot;, &quot;targetWidth&quot;: &quot;1600&quot;, &quot;targetHeight&quot;: &quot;1066&quot;, &quot;scaleAttr&quot;: &quot;&quot;, &quot;dialogLabel&quot;: &quot;Imagen ampliada&quot; } } }\" data-wp-interactive class=\" wp-block-image size-large eplus-wrapper wp-lightbox-container\"><img loading=\"lazy\" decoding=\"async\" width=\"1024\" height=\"682\" data-wp-effect--setstylesonresize=\"effects.core.image.setStylesOnResize\" data-wp-effect=\"effects.core.image.setButtonStyles\" data-wp-init=\"effects.core.image.initOriginImage\" data-wp-on--click=\"actions.core.image.showLightbox\" data-wp-on--load=\"actions.core.image.handleLoad\" data-id=\"597849\" src=\"http:\/\/nuevacordoba.net\/wp-content\/uploads\/2024\/07\/realizan-un-relevamiento-del-relieve-del-fondo-del-lago-san-roque.jpg\" alt class=\"wp-image-597849\" srcset=\"http:\/\/nuevacordoba.net\/wp-content\/uploads\/2024\/07\/realizan-un-relevamiento-del-relieve-del-fondo-del-lago-san-roque.jpg 1024w, http:\/\/nuevacordoba.net\/wp-content\/uploads\/2024\/07\/realizan-un-relevamiento-del-relieve-del-fondo-del-lago-san-roque-2.jpg 300w, http:\/\/nuevacordoba.net\/wp-content\/uploads\/2024\/07\/realizan-un-relevamiento-del-relieve-del-fondo-del-lago-san-roque-3.jpg 768w, http:\/\/nuevacordoba.net\/wp-content\/uploads\/2024\/07\/realizan-un-relevamiento-del-relieve-del-fondo-del-lago-san-roque-4.jpg 1536w, http:\/\/nuevacordoba.net\/wp-content\/uploads\/2024\/07\/realizan-un-relevamiento-del-relieve-del-fondo-del-lago-san-roque-5.jpg 1600w\" sizes=\"(max-width: 1024px) 100vw, 1024px\"><button class=\"lightbox-trigger\" type=\"button\" aria-haspopup=\"dialog\" aria-label=\"Ampliar la imagen\" data-wp-on--click=\"actions.core.image.showLightbox\" data-wp-style--right=\"context.core.image.imageButtonRight\" data-wp-style--top=\"context.core.image.imageButtonTop\"> <svg width=\"12\" height=\"12\" fill=\"none\" viewBox=\"0 0 12 12\"> <path fill=\"#fff\" d=\"M2 0a2 2 0 0 0-2 2v2h1.5V2a.5.5 0 0 1 .5-.5h2V0H2Zm2 10.5H2a.5.5 0 0 1-.5-.5V8H0v2a2 2 0 0 0 2 2h2v-1.5ZM8 12v-1.5h2a.5.5 0 0 0 .5-.5V8H12v2a2 2 0 0 1-2 2H8Zm2-12a2 2 0 0 1 2 2v2h-1.5V2a.5.5 0 0 0-.5-.5H8V0h2Z\" \/> <\/svg> <\/button> <\/p>\n<div data-wp-body class=\"wp-lightbox-overlay zoom\" data-wp-bind--role=\"selectors.core.image.roleAttribute\" data-wp-bind--aria-label=\"selectors.core.image.dialogLabel\" data-wp-class--initialized=\"context.core.image.initialized\" data-wp-class--active=\"context.core.image.lightboxEnabled\" data-wp-class--hideanimationenabled=\"context.core.image.hideAnimationEnabled\" data-wp-bind--aria-modal=\"selectors.core.image.ariaModal\" data-wp-effect=\"effects.core.image.initLightbox\" data-wp-on--keydown=\"actions.core.image.handleKeydown\" data-wp-on--touchstart=\"actions.core.image.handleTouchStart\" data-wp-on--touchmove=\"actions.core.image.handleTouchMove\" data-wp-on--touchend=\"actions.core.image.handleTouchEnd\" data-wp-on--click=\"actions.core.image.hideLightbox\" tabindex=\"-1\"> <button type=\"button\" aria-label=\"Cerrar\" class=\"close-button\" data-wp-on--click=\"actions.core.image.hideLightbox\"> <svg viewBox=\"0 0 24 24\" width=\"20\" height=\"20\" aria-hidden=\"true\" focusable=\"false\"><path d=\"M13 11.8l6.1-6.3-1-1-6.1 6.2-6.1-6.2-1 1 6.1 6.3-6.5 6.7 1 1 6.5-6.6 6.5 6.6 1-1z\" \/><\/svg> <\/button> <\/p>\n<div class=\"lightbox-image-container\">\n<figure class=\" wp-block-image size-large eplus-wrapper responsive-image\"><img decoding=\"async\" data-wp-bind--src=\"context.core.image.imageCurrentSrc\" data-wp-style--object-fit=\"selectors.core.image.lightboxObjectFit\" data-id=\"597849\" src=\"https:\/\/prensa.cba.gov.ar\/informacion-general\/realizan-un-relevamiento-del-relieve-del-fondo-del-lago-san-roque\/\" alt class=\"wp-image-597849\"><\/figure>\n<\/div>\n<div class=\"lightbox-image-container\">\n<figure class=\" wp-block-image size-large eplus-wrapper enlarged-image\"><img decoding=\"async\" data-wp-bind--src=\"selectors.core.image.enlargedImgSrc\" data-wp-style--object-fit=\"selectors.core.image.lightboxObjectFit\" data-id=\"597849\" src=\"https:\/\/prensa.cba.gov.ar\/informacion-general\/realizan-un-relevamiento-del-relieve-del-fondo-del-lago-san-roque\/\" alt class=\"wp-image-597849\"><\/figure>\n<\/div><\/div>\n<\/figure>\n<figure data-wp-context=\"{ &quot;core&quot;: { &quot;image&quot;: { &quot;imageLoaded&quot;: false, &quot;initialized&quot;: false, &quot;lightboxEnabled&quot;: false, &quot;hideAnimationEnabled&quot;: false, &quot;preloadInitialized&quot;: false, &quot;lightboxAnimation&quot;: &quot;zoom&quot;, &quot;imageUploadedSrc&quot;: &quot;http:\/\/nuevacordoba.net\/wp-content\/uploads\/2024\/07\/realizan-un-relevamiento-del-relieve-del-fondo-del-lago-san-roque-1.jpg&quot;, &quot;imageCurrentSrc&quot;: &quot;&quot;, &quot;targetWidth&quot;: &quot;960&quot;, &quot;targetHeight&quot;: &quot;540&quot;, &quot;scaleAttr&quot;: &quot;&quot;, &quot;dialogLabel&quot;: &quot;Imagen ampliada&quot; } } }\" data-wp-interactive class=\" wp-block-image size-large eplus-wrapper wp-lightbox-container\"><img loading=\"lazy\" decoding=\"async\" width=\"960\" height=\"540\" data-wp-effect--setstylesonresize=\"effects.core.image.setStylesOnResize\" data-wp-effect=\"effects.core.image.setButtonStyles\" data-wp-init=\"effects.core.image.initOriginImage\" data-wp-on--click=\"actions.core.image.showLightbox\" data-wp-on--load=\"actions.core.image.handleLoad\" data-id=\"597845\" src=\"http:\/\/nuevacordoba.net\/wp-content\/uploads\/2024\/07\/realizan-un-relevamiento-del-relieve-del-fondo-del-lago-san-roque-1.jpg\" alt class=\"wp-image-597845\" srcset=\"http:\/\/nuevacordoba.net\/wp-content\/uploads\/2024\/07\/realizan-un-relevamiento-del-relieve-del-fondo-del-lago-san-roque-1.jpg 960w, http:\/\/nuevacordoba.net\/wp-content\/uploads\/2024\/07\/realizan-un-relevamiento-del-relieve-del-fondo-del-lago-san-roque-6.jpg 300w, http:\/\/nuevacordoba.net\/wp-content\/uploads\/2024\/07\/realizan-un-relevamiento-del-relieve-del-fondo-del-lago-san-roque-7.jpg 768w\" sizes=\"(max-width: 960px) 100vw, 960px\"><button class=\"lightbox-trigger\" type=\"button\" aria-haspopup=\"dialog\" aria-label=\"Ampliar la imagen\" data-wp-on--click=\"actions.core.image.showLightbox\" data-wp-style--right=\"context.core.image.imageButtonRight\" data-wp-style--top=\"context.core.image.imageButtonTop\"> <svg width=\"12\" height=\"12\" fill=\"none\" viewBox=\"0 0 12 12\"> <path fill=\"#fff\" d=\"M2 0a2 2 0 0 0-2 2v2h1.5V2a.5.5 0 0 1 .5-.5h2V0H2Zm2 10.5H2a.5.5 0 0 1-.5-.5V8H0v2a2 2 0 0 0 2 2h2v-1.5ZM8 12v-1.5h2a.5.5 0 0 0 .5-.5V8H12v2a2 2 0 0 1-2 2H8Zm2-12a2 2 0 0 1 2 2v2h-1.5V2a.5.5 0 0 0-.5-.5H8V0h2Z\" \/> <\/svg> <\/button> <\/p>\n<div data-wp-body class=\"wp-lightbox-overlay zoom\" data-wp-bind--role=\"selectors.core.image.roleAttribute\" data-wp-bind--aria-label=\"selectors.core.image.dialogLabel\" data-wp-class--initialized=\"context.core.image.initialized\" data-wp-class--active=\"context.core.image.lightboxEnabled\" data-wp-class--hideanimationenabled=\"context.core.image.hideAnimationEnabled\" data-wp-bind--aria-modal=\"selectors.core.image.ariaModal\" data-wp-effect=\"effects.core.image.initLightbox\" data-wp-on--keydown=\"actions.core.image.handleKeydown\" data-wp-on--touchstart=\"actions.core.image.handleTouchStart\" data-wp-on--touchmove=\"actions.core.image.handleTouchMove\" data-wp-on--touchend=\"actions.core.image.handleTouchEnd\" data-wp-on--click=\"actions.core.image.hideLightbox\" tabindex=\"-1\"> <button type=\"button\" aria-label=\"Cerrar\" class=\"close-button\" data-wp-on--click=\"actions.core.image.hideLightbox\"> <svg viewBox=\"0 0 24 24\" width=\"20\" height=\"20\" aria-hidden=\"true\" focusable=\"false\"><path d=\"M13 11.8l6.1-6.3-1-1-6.1 6.2-6.1-6.2-1 1 6.1 6.3-6.5 6.7 1 1 6.5-6.6 6.5 6.6 1-1z\" \/><\/svg> <\/button> <\/p>\n<div class=\"lightbox-image-container\">\n<figure class=\" wp-block-image size-large eplus-wrapper responsive-image\"><img decoding=\"async\" data-wp-bind--src=\"context.core.image.imageCurrentSrc\" data-wp-style--object-fit=\"selectors.core.image.lightboxObjectFit\" data-id=\"597845\" src=\"https:\/\/prensa.cba.gov.ar\/informacion-general\/realizan-un-relevamiento-del-relieve-del-fondo-del-lago-san-roque\/\" alt class=\"wp-image-597845\"><\/figure>\n<\/div>\n<div class=\"lightbox-image-container\">\n<figure class=\" wp-block-image size-large eplus-wrapper enlarged-image\"><img decoding=\"async\" data-wp-bind--src=\"selectors.core.image.enlargedImgSrc\" data-wp-style--object-fit=\"selectors.core.image.lightboxObjectFit\" data-id=\"597845\" src=\"https:\/\/prensa.cba.gov.ar\/informacion-general\/realizan-un-relevamiento-del-relieve-del-fondo-del-lago-san-roque\/\" alt class=\"wp-image-597845\"><\/figure>\n<\/div><\/div>\n<\/figure>\n<\/figure>\n<h4 class=\" wp-block-heading eplus-wrapper\">\u00bfQu\u00e9 es y para qu\u00e9 sirve la batimetr\u00eda?<\/h4>\n<p class=\" eplus-wrapper\">Una batimetr\u00eda es un relevamiento en campo que consiste en el levantamiento topogr\u00e1fico del relieve del fondo del embalse para analizar la variaci\u00f3n de su capacidad de almacenamiento.<\/p>\n<p class=\" eplus-wrapper\">Para realizar este procedimiento, el equipo de trabajo se embarca durante 4 \u00f3 5 d\u00edas y navega en distintas direcciones en el embalse para registrar mediciones de profundidad en m\u00e1s de 30.000 puntos distribuidos en toda la superficie del espejo de agua.<\/p>\n<p class=\" eplus-wrapper\">Luego, la informaci\u00f3n registrada se procesa y se analiza para realizar un informe t\u00e9cnico que sirve de referencia para ver la variaci\u00f3n de la capacidad de almacenamiento y del volumen \u00fatil del embalse, que se ve afectada por el ingreso de sedimentos a lo largo del tiempo.<\/p>\n<p class=\" eplus-wrapper\">Este trabajo es llevado a cabo por el equipo del \u00c1rea de Servicios Hidrol\u00f3gicos de la Administraci\u00f3n Provincial de Recursos H\u00eddricos, en colaboraci\u00f3n con representantes de la Facultad de Ciencias Exactas, F\u00edsicas y Naturales de la UNC.<\/p>\n<p class=\" eplus-wrapper\">Al respecto, Marcelo Garc\u00eda destaca: \u201c<em>Adem\u00e1s del desarrollo cient\u00edfico y tecnol\u00f3gico de esta iniciativa, nos parece fundamental los avances que se realizan en la capacitaci\u00f3n de recursos humanos. En la embarcaci\u00f3n hay estudiantes de grado, de posgrado y j\u00f3venes investigadores que ya se est\u00e1n capacitando y que luego podr\u00e1n aplicar estos conocimientos en otros cuerpos de agua de la provincia<\/em>\u201d.<\/p>\n<p class=\" eplus-wrapper\">Para estas mediciones, se aplican en forma complementaria t\u00e9cnicas hidroac\u00fasticas que incluyen un Perfilador de Corriente Ac\u00fastico Doppler (ADCP por sus siglas en ingl\u00e9s) y equipos topogr\u00e1ficos espec\u00edficos (sondas, GPS, etc.) para desarrollar la actividad.<\/p>\n<p class=\" eplus-wrapper\">Cabe destacar que en esta actividad participan profesionales, docentes, t\u00e9cnicos y estudiantes, estos \u00faltimos tomando estas actividades como una pr\u00e1ctica en el marco de las carreras de grado que cursan.<\/p>\n<p> <iframe loading=\"lazy\" width=\"560\" height=\"315\" src=\"https:\/\/www.youtube.com\/embed\/V8L3kJjZOUs?si=eZcby5zI4XpsJdym\" title=\"YouTube video player\" frameborder=\"0\" allow=\"accelerometer; autoplay; clipboard-write; encrypted-media; gyroscope; picture-in-picture; web-share\" referrerpolicy=\"strict-origin-when-cross-origin\" allowfullscreen>[embedded content]<\/iframe> <\/p>\n","protected":false},"excerpt":{"rendered":"<p>Equipos t\u00e9cnicos de la Provincia y Facultad de Ciencias Exactas F\u00edsicas y Naturales de la Universidad de C\u00f3rdoba trabajan en conjunto en una nueva batimetr\u00eda del embalse San Roque. El objetivo es obtener datos sobre el relieve del fondo del embalse para luego actualizar la cuantificaci\u00f3n de su capacidad de almacenamiento. En el procedimiento se [&hellip;]<\/p>\n","protected":false},"author":1,"featured_media":45856,"comment_status":"closed","ping_status":"closed","sticky":false,"template":"","format":"standard","meta":[],"categories":[14],"tags":[],"_links":{"self":[{"href":"http:\/\/nuevacordoba.net\/index.php\/wp-json\/wp\/v2\/posts\/45855"}],"collection":[{"href":"http:\/\/nuevacordoba.net\/index.php\/wp-json\/wp\/v2\/posts"}],"about":[{"href":"http:\/\/nuevacordoba.net\/index.php\/wp-json\/wp\/v2\/types\/post"}],"author":[{"embeddable":true,"href":"http:\/\/nuevacordoba.net\/index.php\/wp-json\/wp\/v2\/users\/1"}],"replies":[{"embeddable":true,"href":"http:\/\/nuevacordoba.net\/index.php\/wp-json\/wp\/v2\/comments?post=45855"}],"version-history":[{"count":0,"href":"http:\/\/nuevacordoba.net\/index.php\/wp-json\/wp\/v2\/posts\/45855\/revisions"}],"wp:featuredmedia":[{"embeddable":true,"href":"http:\/\/nuevacordoba.net\/index.php\/wp-json\/wp\/v2\/media\/45856"}],"wp:attachment":[{"href":"http:\/\/nuevacordoba.net\/index.php\/wp-json\/wp\/v2\/media?parent=45855"}],"wp:term":[{"taxonomy":"category","embeddable":true,"href":"http:\/\/nuevacordoba.net\/index.php\/wp-json\/wp\/v2\/categories?post=45855"},{"taxonomy":"post_tag","embeddable":true,"href":"http:\/\/nuevacordoba.net\/index.php\/wp-json\/wp\/v2\/tags?post=45855"}],"curies":[{"name":"wp","href":"https:\/\/api.w.org\/{rel}","templated":true}]}}