{"id":45900,"date":"2024-07-14T22:34:09","date_gmt":"2024-07-14T22:34:09","guid":{"rendered":"https:\/\/www.ole.com.ar\/autos\/indycar-2024-carrera-iowa-hoy-volo-aire-tremenda-pina-choque-accidente-sting-ray-robb_0_AXcK7tznwB.html"},"modified":"2024-07-14T22:34:09","modified_gmt":"2024-07-14T22:34:09","slug":"video-choco-y-volo-por-los-aires-en-la-ultima-vuelta-del-indycar-en-iowa","status":"publish","type":"post","link":"http:\/\/nuevacordoba.net\/index.php\/2024\/07\/14\/video-choco-y-volo-por-los-aires-en-la-ultima-vuelta-del-indycar-en-iowa\/","title":{"rendered":"Video: choc\u00f3 y vol\u00f3 por los aires en la \u00faltima vuelta del IndyCar en Iowa"},"content":{"rendered":"<p><time class=\"createDate\" datetime=\"2024-07-14T19:34:09-03:00\">14\/07\/2024 19:34hs.<\/time><time class=\"modificatedDate\" datetime=\"2024-07-14T19:50:59-03:00\"> Actualizado al 14\/07\/2024 19:50hs.<\/time><\/p>\n<div id=\"storyBody\">\n<div class=\"custom-text \" readability=\"32.186206896552\">\n<p>La segunda carrera del IndyCar en Iowa fue atractiva por m\u00e1s razones que por<strong> la sola presencia de Agust\u00edn Canapino<\/strong>, <a href=\"https:\/\/www.ole.com.ar\/autos\/agustin-canapino-indycar-2024-iowa-carrera-hoy-accidente-choque-largada_0_abB9txHDTv.html\" target=\"_self\" title=\"quien se accident\u00f3 en el evento sabatino\" alt=\"quien se accident\u00f3 en el evento sabatino\" rel=\"noopener\">quien se accident\u00f3 en el evento sabatino<\/a> y <a href=\"https:\/\/www.ole.com.ar\/autos\/agustin-canapino-iowa-hoy-carrera-falla-auto_0_PF23Hxbltu.html\" target=\"_self\" title=\"tuvo otro incidente en el dominical\" alt=\"tuvo otro incidente en el dominical\" rel=\"noopener\">tuvo otro incidente en el dominical<\/a>. Al margen de los rueda-a-rueda que se dieron, y culminaron con la victoria de Will Power, hubo varios golpes. El m\u00e1s llamativo, uno impresionante que tuvo como protagonista a Sting Ray Robb y <strong>lo vio volar por los aires<\/strong>. Mir\u00e1 el video.<\/p>\n<\/div>\n<div class=\"custom-text \" readability=\"35\">\n<p>En la \u00faltima vuelta de la carrera, cuando buscaba superar a Alexander Rossi, <strong>el #41 se estrell\u00f3 contra la parte trasera de su auto y se despeg\u00f3 del piso<\/strong> para terminar dando varios vuelcos.<\/p>\n<\/div>\n<div class=\"sc-e7b891c4-0 jPbnQF\"><img alt=\"Will Power gan\u00f3 una accidentada carrera del IndyCar en Iowa. (AP)\" src=\"http:\/\/nuevacordoba.net\/wp-content\/uploads\/2024\/07\/video-choco-y-volo-por-los-aires-en-la-ultima-vuelta-del-indycar-en-iowa.jpg\" width=\"720\" height=\"100\" decoding=\"async\" data-nimg=\"future\" loading=\"lazy\"><span class=\"epigraphe\">Will Power gan\u00f3 una accidentada carrera del IndyCar en Iowa. (AP)<\/span><\/div>\n<div class=\"custom-text \" readability=\"37\">\n<p>Como consecuencia de este accidente, se dio otro: la m\u00e1quina de Rossi termin\u00f3 cruzando toda la pista y provoc\u00f3 que Kyle Kirkwood y Ed Carpenter se estrellen con ella,<strong> con este \u00faltimo levant\u00e1ndose en el aire<\/strong> (aunque no de la forma espectacular con la que lo hizo Sting Ray Robb) y cayendo por encima del auto de Kirkwood. <\/p>\n<\/div>\n<div class=\"custom-text \" readability=\"38\">\n<p>Posteriormente, la organizaci\u00f3n del campeonato inform\u00f3 que \u00ab<strong>Sting Ray Robb est\u00e1 despierto, alerta y en una buena condici\u00f3n tras el accidente<\/strong>. El piloto #41 fue transportado a un hospital local por precauci\u00f3n para m\u00e1s evaluaciones\u00bb. En cuanto al resto de los pilotos, fueron revisados y dados de alta.<\/p>\n<\/div>\n<p><h2><strong>La tremenda pi\u00f1a de Sting Ray Robb en la carrera del IndyCar en Iowa<\/strong><\/h2>\n<\/p>\n<div type=\"embed\" class=\"sc-3f46f5ae-0 djVTgz\">\n<div class=\"sc-3f46f5ae-1 fTjZec videoText\" id=\"contentTitleembedv7KZhdi5\" type=\"embed\"><svg fill=\"#ffffff\"><symbol id=\"play\" viewBox=\"0 0 512 512\"><path d=\"M512 256C512 397.4 397.4 512 256 512C114.6 512 0 397.4 0 256C0 114.6 114.6 0 256 0C397.4 0 512 114.6 512 256zM176 168V344C176 352.7 180.7 360.7 188.3 364.9C195.8 369.2 205.1 369 212.5 364.5L356.5 276.5C363.6 272.1 368 264.4 368 256C368 247.6 363.6 239.9 356.5 235.5L212.5 147.5C205.1 142.1 195.8 142.8 188.3 147.1C180.7 151.3 176 159.3 176 168V168z\" \/><\/symbol><use xlink:href=\"#play\" \/><\/svg><\/p>\n<div class=\"right\">\n<p>Indycar<!-- --> &#8211;<!-- --> <span>&nbsp;<\/span><\/p>\n<h2 class=\"title-vid\">Sting Ray Robb choc\u00f3 y vol\u00f3 por los aires en la IndyCar en Iowa<\/h2>\n<\/div>\n<\/div>\n<p><span class=\"back\" id=\"spanBackembedv7KZhdi5\"><\/span><\/div>\n<div class=\"sc-a7166897-0 exHLBh\" readability=\"6\">\n<section readability=\"2\"><picture><img alt=\"A Canapino se le fren\u00f3 el auto y se le arruin\u00f3 la carrera en Iowa\" src=\"http:\/\/nuevacordoba.net\/wp-content\/uploads\/2024\/07\/video-choco-y-volo-por-los-aires-en-la-ultima-vuelta-del-indycar-en-iowa-1.jpg\" width=\"290\" height=\"290\" decoding=\"async\" data-nimg=\"future\" loading=\"lazy\"><\/picture>\n<p><span>Mir\u00e1 tambi\u00e9n<\/span><\/p>\n<hr>\n<h3>A Canapino se le fren\u00f3 el auto y se le arruin\u00f3 la carrera en Iowa<\/h3>\n<\/p>\n<\/section>\n<\/div>\n<div class=\"sc-a7166897-0 exHLBh\" readability=\"6\">\n<section readability=\"2\"><picture><img alt=\"Se accident\u00f3 Canapino y tuvo que abandonar en la primera carrera del IndyCar en Iowa\" src=\"http:\/\/nuevacordoba.net\/wp-content\/uploads\/2024\/07\/video-choco-y-volo-por-los-aires-en-la-ultima-vuelta-del-indycar-en-iowa-2.jpg\" width=\"290\" height=\"290\" decoding=\"async\" data-nimg=\"future\" loading=\"lazy\"><\/picture>\n<p><span>Mir\u00e1 tambi\u00e9n<\/span><\/p>\n<hr>\n<h3>Se accident\u00f3 Canapino y tuvo que abandonar en la primera carrera del IndyCar en Iowa<\/h3>\n<\/p>\n<\/section>\n<\/div>\n<div class=\"sc-a7166897-0 exHLBh\" readability=\"6\">\n<section readability=\"2\"><picture><img alt=\"Bombazo: el m\u00faltiple campe\u00f3n de la IndyCar que se quiere subir a un TC\" src=\"http:\/\/nuevacordoba.net\/wp-content\/uploads\/2024\/07\/video-choco-y-volo-por-los-aires-en-la-ultima-vuelta-del-indycar-en-iowa-3.jpg\" width=\"290\" height=\"290\" decoding=\"async\" data-nimg=\"future\" loading=\"lazy\"><\/picture>\n<p><span>Mir\u00e1 tambi\u00e9n<\/span><\/p>\n<hr>\n<h3>Bombazo: el m\u00faltiple campe\u00f3n de la IndyCar que se quiere subir a un TC<\/h3>\n<\/p>\n<\/section>\n<\/div>\n<\/div>\n","protected":false},"excerpt":{"rendered":"<p>14\/07\/2024 19:34hs. Actualizado al 14\/07\/2024 19:50hs. La segunda carrera del IndyCar en Iowa fue atractiva por m\u00e1s razones que por la sola presencia de Agust\u00edn Canapino, quien se accident\u00f3 en el evento sabatino y tuvo otro incidente en el dominical. Al margen de los rueda-a-rueda que se dieron, y culminaron con la victoria de Will [&hellip;]<\/p>\n","protected":false},"author":1,"featured_media":45901,"comment_status":"closed","ping_status":"closed","sticky":false,"template":"","format":"standard","meta":[],"categories":[10],"tags":[],"_links":{"self":[{"href":"http:\/\/nuevacordoba.net\/index.php\/wp-json\/wp\/v2\/posts\/45900"}],"collection":[{"href":"http:\/\/nuevacordoba.net\/index.php\/wp-json\/wp\/v2\/posts"}],"about":[{"href":"http:\/\/nuevacordoba.net\/index.php\/wp-json\/wp\/v2\/types\/post"}],"author":[{"embeddable":true,"href":"http:\/\/nuevacordoba.net\/index.php\/wp-json\/wp\/v2\/users\/1"}],"replies":[{"embeddable":true,"href":"http:\/\/nuevacordoba.net\/index.php\/wp-json\/wp\/v2\/comments?post=45900"}],"version-history":[{"count":0,"href":"http:\/\/nuevacordoba.net\/index.php\/wp-json\/wp\/v2\/posts\/45900\/revisions"}],"wp:featuredmedia":[{"embeddable":true,"href":"http:\/\/nuevacordoba.net\/index.php\/wp-json\/wp\/v2\/media\/45901"}],"wp:attachment":[{"href":"http:\/\/nuevacordoba.net\/index.php\/wp-json\/wp\/v2\/media?parent=45900"}],"wp:term":[{"taxonomy":"category","embeddable":true,"href":"http:\/\/nuevacordoba.net\/index.php\/wp-json\/wp\/v2\/categories?post=45900"},{"taxonomy":"post_tag","embeddable":true,"href":"http:\/\/nuevacordoba.net\/index.php\/wp-json\/wp\/v2\/tags?post=45900"}],"curies":[{"name":"wp","href":"https:\/\/api.w.org\/{rel}","templated":true}]}}