{"id":45914,"date":"2024-07-15T15:33:10","date_gmt":"2024-07-15T15:33:10","guid":{"rendered":"http:\/\/cordobanewsnet.wordpress.com\/?p=10638"},"modified":"2024-07-15T15:33:10","modified_gmt":"2024-07-15T15:33:10","slug":"fiesta-violenta-en-cordoba-una-adolescente-de-14-anos-fue-atacada-y-debio-ser-internada","status":"publish","type":"post","link":"http:\/\/nuevacordoba.net\/index.php\/2024\/07\/15\/fiesta-violenta-en-cordoba-una-adolescente-de-14-anos-fue-atacada-y-debio-ser-internada\/","title":{"rendered":"Fiesta violenta en C\u00f3rdoba: Una adolescente de 14 a\u00f1os fue atacada y debi\u00f3 ser internada"},"content":{"rendered":"<p><!-- \/featured-media --> <\/p>\n<div class=\"post-content clear\" readability=\"54.244505494505\">\n<p>La joven sufri\u00f3 tres heridas en el rostro y estuvo en observaci\u00f3n en el hospital de Urgencias.<\/p>\n<figure class=\"wp-block-image\"><img src=\"http:\/\/nuevacordoba.net\/wp-content\/uploads\/2024\/07\/fiesta-violenta-en-cordoba-una-adolescente-de-14-anos-fue-atacada-y-debio-ser-internada.jpg\" alt=\"e-card\"><\/figure>\n<p><strong>Una adolescente de 14 a\u00f1os fue atacada a cuchillazos durante una fiesta en C\u00f3rdoba<\/strong>&nbsp;y debi\u00f3 ser atendida en el hospital Municipal de Urgencias.<\/p>\n<p>El ataque sucedi\u00f3 este fin de semana en una vivienda privada en el&nbsp;<strong>barrio Acosta<\/strong>&nbsp;de la capital cordobesa, cuando se desarrollaba una&nbsp;<strong>fiesta<\/strong>.<\/p>\n<p>Todo transcurr\u00eda sin inconvenientes hasta que un grupo de personas comenz\u00f3 un&nbsp;<strong>enfrentamiento&nbsp;<\/strong>y la situaci\u00f3n&nbsp;<strong>se sali\u00f3 de control.<\/strong><\/p>\n<p>Desde el medio<em>&nbsp;El DoceTv&nbsp;<\/em>informaron que la violencia comenz\u00f3 a escalar hasta tal punto que los asistentes empezaron a agredirse con&nbsp;<strong>armas blancas.<\/strong><\/p>\n<p>Fue en medio de este ataque cuando una menor recibi\u00f3&nbsp;<strong>cortes en el p\u00f3mulo, ala nasal y regi\u00f3n frontal de su rostro.<\/strong><\/p>\n<p>Frente a este escenario, familiares y amigos de la v\u00edctima la trasladaron hasta el hospital de Urgencias donde los m\u00e9dicos confirmaron que la menor&nbsp;<strong>no presenta heridas de gravedad<\/strong>, pero&nbsp;<strong>qued\u00f3 internada en observaci\u00f3n.<\/strong><\/p>\n<figure class=\"wp-block-image size-large\"><img loading=\"lazy\" data-attachment-id=\"10639\" data-permalink=\"https:\/\/cordobanewsnet.wordpress.com\/2024\/07\/15\/fiesta-violenta-en-cordoba-una-adolescente-de-14-anos-fue-atacada-y-debio-ser-internada\/image-237\/\" data-orig-file=\"https:\/\/cordobanewsnet.wordpress.com\/wp-content\/uploads\/2024\/07\/image-84.png\" data-orig-size=\"929,523\" data-comments-opened=\"1\" data-image-meta=\"{&quot;aperture&quot;:&quot;0&quot;,&quot;credit&quot;:&quot;&quot;,&quot;camera&quot;:&quot;&quot;,&quot;caption&quot;:&quot;&quot;,&quot;created_timestamp&quot;:&quot;0&quot;,&quot;copyright&quot;:&quot;&quot;,&quot;focal_length&quot;:&quot;0&quot;,&quot;iso&quot;:&quot;0&quot;,&quot;shutter_speed&quot;:&quot;0&quot;,&quot;title&quot;:&quot;&quot;,&quot;orientation&quot;:&quot;0&quot;}\" data-image-title=\"image\" data-image-description data-image-caption data-medium-file=\"https:\/\/cordobanewsnet.wordpress.com\/wp-content\/uploads\/2024\/07\/image-84.png?w=300\" data-large-file=\"https:\/\/cordobanewsnet.wordpress.com\/wp-content\/uploads\/2024\/07\/image-84.png?w=736\" tabindex=\"0\" role=\"button\" width=\"929\" height=\"523\" src=\"http:\/\/nuevacordoba.net\/wp-content\/uploads\/2024\/07\/fiesta-violenta-en-cordoba-una-adolescente-de-14-anos-fue-atacada-y-debio-ser-internada.png\" alt class=\"wp-image-10639\"><\/figure>\n<p>FUENTE : NA<\/p>\n<p> <span id=\"wordads-inline-marker\"><\/span> <\/p>\n<div id=\"jp-post-flair\" class=\"sharedaddy sd-like-enabled sd-sharing-enabled\">\n<div class=\"sharedaddy sd-sharing-enabled\">\n<div class=\"robots-nocontent sd-block sd-social sd-social-icon-text sd-sharing\">\n<h3 class=\"sd-title\">Comparte esto:<\/h3>\n<\/div>\n<\/div>\n<div class=\"sharedaddy sd-block sd-like jetpack-likes-widget-wrapper jetpack-likes-widget-unloaded\" id=\"like-post-wrapper-143108178-10638-66954a46e8a1b\" data-src=\"\/\/widgets.wp.com\/likes\/index.html?ver=20240715#blog_id=143108178&amp;post_id=10638&amp;origin=cordobanewsnet.wordpress.com&amp;obj_id=143108178-10638-66954a46e8a1b\" data-name=\"like-post-frame-143108178-10638-66954a46e8a1b\" data-title=\"Me gusta o Compartir\">\n<p><span class=\"button\"><span>Me gusta<\/span><\/span> <span class=\"loading\">Cargando&#8230;<\/span><\/p>\n<p><span class=\"sd-text-color\"><\/span><\/div>\n<p><h3 class=\"jp-relatedposts-headline\"><em>Relacionado<\/em><\/h3>\n<\/p>\n<\/div><\/div>\n<p><!--\/.post-content--> <\/p>\n<footer class=\"post-meta-container clear\" readability=\"0.36666666666667\">\n<div class=\"entry-author author-avatar-show\" readability=\"13.114754098361\">\n<div class=\"author-avatar\"> <img alt src=\"http:\/\/nuevacordoba.net\/wp-content\/uploads\/2024\/07\/fiesta-violenta-en-cordoba-una-adolescente-de-14-anos-fue-atacada-y-debio-ser-internada-1.png\" srcset=\"http:\/\/nuevacordoba.net\/wp-content\/uploads\/2024\/07\/fiesta-violenta-en-cordoba-una-adolescente-de-14-anos-fue-atacada-y-debio-ser-internada-1.png 1x, http:\/\/nuevacordoba.net\/wp-content\/uploads\/2024\/07\/fiesta-violenta-en-cordoba-una-adolescente-de-14-anos-fue-atacada-y-debio-ser-internada-2.png 1.5x, http:\/\/nuevacordoba.net\/wp-content\/uploads\/2024\/07\/fiesta-violenta-en-cordoba-una-adolescente-de-14-anos-fue-atacada-y-debio-ser-internada-3.png 2x, http:\/\/nuevacordoba.net\/wp-content\/uploads\/2024\/07\/fiesta-violenta-en-cordoba-una-adolescente-de-14-anos-fue-atacada-y-debio-ser-internada-4.png 3x, http:\/\/nuevacordoba.net\/wp-content\/uploads\/2024\/07\/fiesta-violenta-en-cordoba-una-adolescente-de-14-anos-fue-atacada-y-debio-ser-internada-5.png 4x\" class=\"avatar avatar-90\" height=\"90\" width=\"90\" loading=\"lazy\" decoding=\"async\"> <\/div>\n<p><!-- .author-avatar --> <\/p>\n<p><h2 class=\"author-title\"> Publicado por <span class=\"author-name\">Redacci\u00f3n<\/span> <\/h2>\n<\/p>\n<p><!-- .author-heading --> <\/p>\n<p class=\"author-bio\"> <a class=\"author-link\" href=\"https:\/\/cordobanewsnet.wordpress.com\/author\/prettomatias\/\" rel=\"author\"> Ver todas las entradas de Redacci\u00f3n <\/a> <\/p>\n<p><!-- .author-bio --> <\/div>\n<p><!-- .entry-auhtor --> <\/footer>\n<p> <!-- \/post-meta-container --> <!-- #respond --> <\/p>\n","protected":false},"excerpt":{"rendered":"<p>La joven sufri\u00f3 tres heridas en el rostro y estuvo en observaci\u00f3n en el hospital de Urgencias. Una adolescente de 14 a\u00f1os fue atacada a cuchillazos durante una fiesta en C\u00f3rdoba&nbsp;y debi\u00f3 ser atendida en el hospital Municipal de Urgencias. El ataque sucedi\u00f3 este fin de semana en una vivienda privada en el&nbsp;barrio Acosta&nbsp;de la [&hellip;]<\/p>\n","protected":false},"author":1,"featured_media":45915,"comment_status":"closed","ping_status":"closed","sticky":false,"template":"","format":"standard","meta":[],"categories":[14],"tags":[],"_links":{"self":[{"href":"http:\/\/nuevacordoba.net\/index.php\/wp-json\/wp\/v2\/posts\/45914"}],"collection":[{"href":"http:\/\/nuevacordoba.net\/index.php\/wp-json\/wp\/v2\/posts"}],"about":[{"href":"http:\/\/nuevacordoba.net\/index.php\/wp-json\/wp\/v2\/types\/post"}],"author":[{"embeddable":true,"href":"http:\/\/nuevacordoba.net\/index.php\/wp-json\/wp\/v2\/users\/1"}],"replies":[{"embeddable":true,"href":"http:\/\/nuevacordoba.net\/index.php\/wp-json\/wp\/v2\/comments?post=45914"}],"version-history":[{"count":0,"href":"http:\/\/nuevacordoba.net\/index.php\/wp-json\/wp\/v2\/posts\/45914\/revisions"}],"wp:featuredmedia":[{"embeddable":true,"href":"http:\/\/nuevacordoba.net\/index.php\/wp-json\/wp\/v2\/media\/45915"}],"wp:attachment":[{"href":"http:\/\/nuevacordoba.net\/index.php\/wp-json\/wp\/v2\/media?parent=45914"}],"wp:term":[{"taxonomy":"category","embeddable":true,"href":"http:\/\/nuevacordoba.net\/index.php\/wp-json\/wp\/v2\/categories?post=45914"},{"taxonomy":"post_tag","embeddable":true,"href":"http:\/\/nuevacordoba.net\/index.php\/wp-json\/wp\/v2\/tags?post=45914"}],"curies":[{"name":"wp","href":"https:\/\/api.w.org\/{rel}","templated":true}]}}