{"id":45916,"date":"2024-07-15T20:23:46","date_gmt":"2024-07-15T20:23:46","guid":{"rendered":"https:\/\/prensa.cba.gov.ar\/?p=597914"},"modified":"2024-07-15T20:23:46","modified_gmt":"2024-07-15T20:23:46","slug":"cordoba-tendra-un-puerto-seco-que-beneficiara-a-unas-500-empresas","status":"publish","type":"post","link":"http:\/\/nuevacordoba.net\/index.php\/2024\/07\/15\/cordoba-tendra-un-puerto-seco-que-beneficiara-a-unas-500-empresas\/","title":{"rendered":"C\u00f3rdoba tendr\u00e1 un Puerto Seco que beneficiar\u00e1 a unas 500 empresas"},"content":{"rendered":"<ul class=\" eplus-wrapper eplus-styles-uid-d70d03\">\n<li class=\" eplus-wrapper\"><strong>El gobernador Mart\u00edn Llaryora firm\u00f3 el convenio que establece su creaci\u00f3n.<\/strong><\/li>\n<li class=\" eplus-wrapper\"><strong>Permitir\u00e1 la reducci\u00f3n de costos de log\u00edstica interna y las posibilidades de desarrollo y crecimiento para firmas locales.<\/strong><\/li>\n<\/ul>\n<p class=\" eplus-wrapper\">El Gobierno de la Provincia de C\u00f3rdoba, a trav\u00e9s de la Agencia ProC\u00f3rdoba y la C\u00e1mara de Comercio Exterior de C\u00f3rdoba, firm\u00f3 un convenio que contempla la creaci\u00f3n de un Puerto Seco, que permitir\u00e1 optimizar las operaciones log\u00edsticas y reducir los costos a 500 peque\u00f1as y medianas empresas de C\u00f3rdoba y la regi\u00f3n.<\/p>\n<p class=\" eplus-wrapper\">El acuerdo fue rubricado por el gobernador Mart\u00edn Llaryora; el presidente de la Agencia ProC\u00f3rdoba, Pablo De Chiara y Miguel Zonnaras, titular de la C\u00e1mara de Comercio Exterior de C\u00f3rdoba (CaCEC).<\/p>\n<p class=\" eplus-wrapper\">Tambi\u00e9n estuvieron presentes representantes de c\u00e1maras empresarias y empresas que mantienen relaciones de comercio internacional desde y hacia nuestra provincia.<\/p>\n<p class=\" eplus-wrapper\">De Chiara asegur\u00f3 que<em> \u201cse trata de un proyecto muy importante que posiciona a la Provincia en un lugar diferente y que le va a dar enormes oportunidades y ahorros log\u00edsticos a las pymes cordobesas\u201d.<\/em><\/p>\n<figure class=\" wp-block-gallery has-nested-images columns-default is-cropped eplus-wrapper wp-block-gallery-1 is-layout-flex wp-block-gallery-is-layout-flex\">\n<figure class=\"wp-block-image size-large eplus-wrapper\"><a href=\"http:\/\/nuevacordoba.net\/wp-content\/uploads\/2024\/07\/cordoba-tendra-un-puerto-seco-que-beneficiara-a-unas-500-empresas-5.jpg\"><img loading=\"lazy\" decoding=\"async\" width=\"1024\" height=\"680\" data-id=\"597916\" src=\"http:\/\/nuevacordoba.net\/wp-content\/uploads\/2024\/07\/cordoba-tendra-un-puerto-seco-que-beneficiara-a-unas-500-empresas.jpg\" alt class=\"wp-image-597916\" srcset=\"http:\/\/nuevacordoba.net\/wp-content\/uploads\/2024\/07\/cordoba-tendra-un-puerto-seco-que-beneficiara-a-unas-500-empresas.jpg 1024w, http:\/\/nuevacordoba.net\/wp-content\/uploads\/2024\/07\/cordoba-tendra-un-puerto-seco-que-beneficiara-a-unas-500-empresas-2.jpg 300w, http:\/\/nuevacordoba.net\/wp-content\/uploads\/2024\/07\/cordoba-tendra-un-puerto-seco-que-beneficiara-a-unas-500-empresas-3.jpg 768w, http:\/\/nuevacordoba.net\/wp-content\/uploads\/2024\/07\/cordoba-tendra-un-puerto-seco-que-beneficiara-a-unas-500-empresas-4.jpg 1536w, http:\/\/nuevacordoba.net\/wp-content\/uploads\/2024\/07\/cordoba-tendra-un-puerto-seco-que-beneficiara-a-unas-500-empresas-5.jpg 1600w\" sizes=\"(max-width: 1024px) 100vw, 1024px\"><\/a><\/figure>\n<figure class=\"wp-block-image size-large eplus-wrapper\"><a href=\"http:\/\/nuevacordoba.net\/wp-content\/uploads\/2024\/07\/cordoba-tendra-un-puerto-seco-que-beneficiara-a-unas-500-empresas-1.jpg\"><img loading=\"lazy\" decoding=\"async\" width=\"893\" height=\"893\" data-id=\"597917\" src=\"http:\/\/nuevacordoba.net\/wp-content\/uploads\/2024\/07\/cordoba-tendra-un-puerto-seco-que-beneficiara-a-unas-500-empresas-1.jpg\" alt class=\"wp-image-597917\" srcset=\"http:\/\/nuevacordoba.net\/wp-content\/uploads\/2024\/07\/cordoba-tendra-un-puerto-seco-que-beneficiara-a-unas-500-empresas-1.jpg 893w, http:\/\/nuevacordoba.net\/wp-content\/uploads\/2024\/07\/cordoba-tendra-un-puerto-seco-que-beneficiara-a-unas-500-empresas-6.jpg 300w, http:\/\/nuevacordoba.net\/wp-content\/uploads\/2024\/07\/cordoba-tendra-un-puerto-seco-que-beneficiara-a-unas-500-empresas-7.jpg 150w, http:\/\/nuevacordoba.net\/wp-content\/uploads\/2024\/07\/cordoba-tendra-un-puerto-seco-que-beneficiara-a-unas-500-empresas-8.jpg 768w\" sizes=\"(max-width: 893px) 100vw, 893px\"><\/a><\/figure>\n<\/figure>\n<p class=\" eplus-wrapper\">El acuerdo contempla el desarrollo de un proyecto piloto de eficientizaci\u00f3n del flujo operativo del comercio exterior cordob\u00e9s, en la Terminal Portuaria Interior CaCEC \u2013 TPI-, emplazada en el Parque Industrial CaCEC.<\/p>\n<p class=\" eplus-wrapper\">De Chiara sostuvo que <em>\u201ccon este proyecto se inicia una etapa piloto, con apuesta financiera que hace la provincia en conjunto con el sector privado, para hacer mucho m\u00e1s eficiente, mucho m\u00e1s \u00e1gil, mucho m\u00e1s din\u00e1micas las operaciones de comercio exterior\u201d.<\/em><\/p>\n<p class=\" eplus-wrapper\">Por su parte, Miguel Zonnaras, presidente de la C\u00e1mara de Comercio Exterior de C\u00f3rdoba (CaCEC) elogi\u00f3 el trabajo mancomunado con el Gobierno de la Provincia y sostuvo que el objetivo actual es <em>\u201cdarle al hub del Puerto Seco de la C\u00e1mara un servicio adicional para las peque\u00f1as empresas exportadoras de bienes tangibles\u201d.<\/em><\/p>\n<p class=\" eplus-wrapper\">Explic\u00f3 que <em>\u201cesto nos va a permitir poder exportar desde la terminal con su contenedor y no tener que hacer el env\u00edo del contenedor vac\u00edo a Buenos Aires, con el consiguiente ahorro de costos\u201d.<\/em><\/p>\n<p class=\" eplus-wrapper\">Precis\u00f3 que la expresi\u00f3n puerto seco obedece a que, al no contar con salida al mar, esta iniciativa permite dejar el contenedor listo y consolidado para que pueda ser llevado hacia los buques directamente.<\/p>\n<p class=\" eplus-wrapper\">A\u00f1adi\u00f3 el titular de la C\u00e1mara de Comercio Exterior que<em> \u201ctoda empresa que est\u00e9 en C\u00f3rdoba y sea exportadora puede utilizarlo; Justamente por eso es la plataforma, el sistema que se est\u00e1 dise\u00f1ando para que cualquier usuario exportador pueda emplearlo\u201d.<\/em><\/p>\n<p class=\" eplus-wrapper\">En cuanto a los principales beneficiarios, consider\u00f3 que ser\u00e1n<em> \u201cprincipalmente las empresas automotrices, que son los grandes importadores de partes en la ciudad de C\u00f3rdoba\u201d<\/em>.<\/p>\n<p class=\" eplus-wrapper\">Estim\u00f3 que<em> \u201clos usuarios y los beneficiarios van a ser aproximadamente un complejo de 500 empresas peque\u00f1as exportadoras que van a poder disponer de ese contenedor con una mejor\u00eda en sus costos y obviamente con una oportunidad de acceso mucho m\u00e1s inmediato\u201d.<\/em><\/p>\n<h3 class=\" wp-block-heading eplus-wrapper\">Alcances y beneficios<\/h3>\n<p class=\" eplus-wrapper\">El costo de la log\u00edstica para las empresas exportadoras de esta regi\u00f3n del pa\u00eds es uno de los factores que m\u00e1s afecta a la competitividad al momento de analizar la operatoria del comercio internacional que se practica desde el interior del pa\u00eds.<\/p>\n<p class=\" eplus-wrapper\">En funci\u00f3n de ese diagn\u00f3stico, CaCEC desarroll\u00f3 su terminal de contenedores con el objetivo de evitar fletes innecesarios. De esta manera, se da una respuesta virtuosa al dilema que se presenta al tener que traer un contenedor desde el Puerto de Buenos Aires -por ejemplo- para consolidar su carga de exportaci\u00f3n o devolverlo en el puerto cuando se importan partes, piezas, insumos productivos, entre otros.<\/p>\n<p class=\" eplus-wrapper\">Los beneficios esperados son la reducci\u00f3n de un 25% de los costos asociados a la log\u00edstica interna de las operaciones de comercio exterior de las empresas de la provincia de C\u00f3rdoba y la regi\u00f3n<\/p>\n<p class=\" eplus-wrapper\">Tambi\u00e9n se apuesta a la defensa del ambiente con la reducci\u00f3n de la huella de carbono en un 50%, en lo que respecta a tr\u00e1nsitos de comercio exterior con el puerto.<\/p>\n<p class=\" eplus-wrapper\">El objetivo se consolidar\u00e1 a partir de la disminuci\u00f3n de los recorridos innecesarios y la optimizaci\u00f3n del uso de combustibles.<\/p>\n<p class=\" eplus-wrapper\">Otros de los objetivos es el fortalecimiento de los v\u00ednculos comerciales e institucionales entre CaCEC, la Agencia ProC\u00f3rdoba, los operadores de comercio exterior y las compa\u00f1\u00edas navieras.<\/p>\n<p class=\" eplus-wrapper\">Por \u00faltimo, se apunta al desarrollo de una plataforma tecnol\u00f3gica que facilite la previsi\u00f3n, planificaci\u00f3n y uso de contenedores disponibles en el puerto seco en C\u00f3rdoba y sus medios de transporte. Esto permitir\u00e1 a las empresas optimizar sus operaciones log\u00edsticas y reducir costos.<\/p>\n","protected":false},"excerpt":{"rendered":"<p>El gobernador Mart\u00edn Llaryora firm\u00f3 el convenio que establece su creaci\u00f3n. Permitir\u00e1 la reducci\u00f3n de costos de log\u00edstica interna y las posibilidades de desarrollo y crecimiento para firmas locales. El Gobierno de la Provincia de C\u00f3rdoba, a trav\u00e9s de la Agencia ProC\u00f3rdoba y la C\u00e1mara de Comercio Exterior de C\u00f3rdoba, firm\u00f3 un convenio que contempla [&hellip;]<\/p>\n","protected":false},"author":1,"featured_media":45917,"comment_status":"closed","ping_status":"closed","sticky":false,"template":"","format":"standard","meta":[],"categories":[14],"tags":[],"_links":{"self":[{"href":"http:\/\/nuevacordoba.net\/index.php\/wp-json\/wp\/v2\/posts\/45916"}],"collection":[{"href":"http:\/\/nuevacordoba.net\/index.php\/wp-json\/wp\/v2\/posts"}],"about":[{"href":"http:\/\/nuevacordoba.net\/index.php\/wp-json\/wp\/v2\/types\/post"}],"author":[{"embeddable":true,"href":"http:\/\/nuevacordoba.net\/index.php\/wp-json\/wp\/v2\/users\/1"}],"replies":[{"embeddable":true,"href":"http:\/\/nuevacordoba.net\/index.php\/wp-json\/wp\/v2\/comments?post=45916"}],"version-history":[{"count":0,"href":"http:\/\/nuevacordoba.net\/index.php\/wp-json\/wp\/v2\/posts\/45916\/revisions"}],"wp:featuredmedia":[{"embeddable":true,"href":"http:\/\/nuevacordoba.net\/index.php\/wp-json\/wp\/v2\/media\/45917"}],"wp:attachment":[{"href":"http:\/\/nuevacordoba.net\/index.php\/wp-json\/wp\/v2\/media?parent=45916"}],"wp:term":[{"taxonomy":"category","embeddable":true,"href":"http:\/\/nuevacordoba.net\/index.php\/wp-json\/wp\/v2\/categories?post=45916"},{"taxonomy":"post_tag","embeddable":true,"href":"http:\/\/nuevacordoba.net\/index.php\/wp-json\/wp\/v2\/tags?post=45916"}],"curies":[{"name":"wp","href":"https:\/\/api.w.org\/{rel}","templated":true}]}}