{"id":45918,"date":"2024-07-15T21:55:43","date_gmt":"2024-07-15T21:55:43","guid":{"rendered":"https:\/\/cordoba.gob.ar\/?p=59525"},"modified":"2024-07-15T21:55:43","modified_gmt":"2024-07-15T21:55:43","slug":"centros-vecinales-elaboraron-57-planes-de-promocion-de-seguridad-y-prevencion-comunitaria","status":"publish","type":"post","link":"http:\/\/nuevacordoba.net\/index.php\/2024\/07\/15\/centros-vecinales-elaboraron-57-planes-de-promocion-de-seguridad-y-prevencion-comunitaria\/","title":{"rendered":"Centros Vecinales elaboraron 57 planes de promoci\u00f3n de seguridad y prevenci\u00f3n comunitaria"},"content":{"rendered":"<div><img src=\"http:\/\/nuevacordoba.net\/wp-content\/uploads\/2024\/07\/centros-vecinales-elaboraron-57-planes-de-promocion-de-seguridad-y-prevencion-comunitaria.jpg\" class=\"ff-og-image-inserted\"><\/div>\n<ul>\n<li><strong>Estas medidas son el fruto del trabajo realizado por 79 Centros Vecinales &nbsp;que ser\u00e1n de uso cotidiano en sus barrios y zonas cercanas.<\/strong><\/li>\n<li><strong><strong>Las Jornadas de Capacitaci\u00f3n fueron un trabajo en conjunto entre la Secretar\u00eda de Fortalecimiento Vecinal y Deportes y la Secretar\u00eda de Seguridad y Prevenci\u00f3n Comunitaria.<\/strong><\/strong><br \/>\n<hr>\n<\/li>\n<\/ul>\n<p>En pos de continuar trabajando en la seguridad de los vecinos y vecinas de la ciudad de C\u00f3rdoba, se llev\u00f3 a cabo el programa de formaci\u00f3n \u201cParticipaci\u00f3n Vecinal, Seguridad y Prevenci\u00f3n Comunitaria\u201d.<\/p>\n<p>A trav\u00e9s de seis clases te\u00f3ricas, ciudadanos y ciudadanas cordobesas trataron sobre diversas problem\u00e1ticas como grooming, estafas a adultos mayores y mediaci\u00f3n vecinal, entre otros.<\/p>\n<p>De las jornadas, participaron m\u00e1s de 120 personas que trabajan en los diversos Centros y Comisiones Vecinales que, previamente, hab\u00edan mencionado a la seguridad como uno de sus principales problemas.<\/p>\n<p>H\u00e9ctor Campana, secretario de Fortalecimiento Vecinal y Deportes, agradeci\u00f3 a los dirigentes vecinales el compromiso demostrado: <em>\u201cLa manera en la que se involucraron pone de manifiesto el inter\u00e9s que tienen en ayudar a cambiar las cosas, por el bien de su comunidad. Es fundamental los aportes que nos hicieron; nadie sabe m\u00e1s que ustedes la realidad de cada barrio. Nosotros vamos a acompa\u00f1arlos en todo lo que podamos\u201d<\/em>.<\/p>\n<p>Funcionarios y funcionarias, asesores, acad\u00e9micos y especialistas trabajaron codo a codo con autoridades vecinales en la construcci\u00f3n de estrategias comunitarias.<\/p>\n<p>El resultado de las jornadas fue la elaboraci\u00f3n de 57 planes de promoci\u00f3n de seguridad y prevenci\u00f3n comunitaria que mejoren la calidad de vida de los vecinos y vecinas.<\/p>\n<p>Estos planes servir\u00e1n como un insumo de informaci\u00f3n para las autoridades p\u00fablicas del \u00e1rea.<\/p>\n<p>Pensando en una lucha colectiva contra esta problem\u00e1tica, se alent\u00f3 a las instituciones a una participaci\u00f3n activa, que colaboran y manifiestan un fuerte compromiso en el fortalecimiento de la seguridad y la convivencia.<\/p>\n<p>La \u00faltima clase estuvo a cargo de Claudio Vignetta, secretario de Seguridad y Prevenci\u00f3n Comunitaria de la Municipalidad de C\u00f3rdoba.<\/p>\n","protected":false},"excerpt":{"rendered":"<p>Estas medidas son el fruto del trabajo realizado por 79 Centros Vecinales &nbsp;que ser\u00e1n de uso cotidiano en sus barrios y zonas cercanas. Las Jornadas de Capacitaci\u00f3n fueron un trabajo en conjunto entre la Secretar\u00eda de Fortalecimiento Vecinal y Deportes y la Secretar\u00eda de Seguridad y Prevenci\u00f3n Comunitaria. En pos de continuar trabajando en la [&hellip;]<\/p>\n","protected":false},"author":1,"featured_media":45919,"comment_status":"closed","ping_status":"closed","sticky":false,"template":"","format":"standard","meta":[],"categories":[14],"tags":[],"_links":{"self":[{"href":"http:\/\/nuevacordoba.net\/index.php\/wp-json\/wp\/v2\/posts\/45918"}],"collection":[{"href":"http:\/\/nuevacordoba.net\/index.php\/wp-json\/wp\/v2\/posts"}],"about":[{"href":"http:\/\/nuevacordoba.net\/index.php\/wp-json\/wp\/v2\/types\/post"}],"author":[{"embeddable":true,"href":"http:\/\/nuevacordoba.net\/index.php\/wp-json\/wp\/v2\/users\/1"}],"replies":[{"embeddable":true,"href":"http:\/\/nuevacordoba.net\/index.php\/wp-json\/wp\/v2\/comments?post=45918"}],"version-history":[{"count":0,"href":"http:\/\/nuevacordoba.net\/index.php\/wp-json\/wp\/v2\/posts\/45918\/revisions"}],"wp:featuredmedia":[{"embeddable":true,"href":"http:\/\/nuevacordoba.net\/index.php\/wp-json\/wp\/v2\/media\/45919"}],"wp:attachment":[{"href":"http:\/\/nuevacordoba.net\/index.php\/wp-json\/wp\/v2\/media?parent=45918"}],"wp:term":[{"taxonomy":"category","embeddable":true,"href":"http:\/\/nuevacordoba.net\/index.php\/wp-json\/wp\/v2\/categories?post=45918"},{"taxonomy":"post_tag","embeddable":true,"href":"http:\/\/nuevacordoba.net\/index.php\/wp-json\/wp\/v2\/tags?post=45918"}],"curies":[{"name":"wp","href":"https:\/\/api.w.org\/{rel}","templated":true}]}}