{"id":45940,"date":"2024-07-16T01:51:58","date_gmt":"2024-07-16T01:51:58","guid":{"rendered":"http:\/\/cordobanewsnet.wordpress.com\/?p=10644"},"modified":"2024-07-16T01:51:58","modified_gmt":"2024-07-16T01:51:58","slug":"bomberos-combaten-un-foco-de-incendio-en-el-cerro-champaqui-cordoba","status":"publish","type":"post","link":"http:\/\/nuevacordoba.net\/index.php\/2024\/07\/16\/bomberos-combaten-un-foco-de-incendio-en-el-cerro-champaqui-cordoba\/","title":{"rendered":"Bomberos combaten un foco de incendio en el Cerro Champaqu\u00ed C\u00f3rdoba"},"content":{"rendered":"<p>El Ministerio de Seguridad de la Provincia, a trav\u00e9s de la Secretaria de Secretar\u00eda de Gesti\u00f3n de Riesgo Clim\u00e1tico, Cat\u00e1strofes y Protecci\u00f3n Civil, inform\u00f3 que se encuentra activo un&nbsp;<strong>foco de incendio en el sector sur del Cerro Champaqu\u00ed, en el Valle de Traslasierra.<\/strong><\/p>\n<p><strong>Al momento hay afectadas aproximadamente unas 60 hect\u00e1reas.<\/strong>&nbsp;El sector donde se encuentra el fuego es inaccesible por tierra, por lo que el personal es transportado v\u00eda a\u00e9rea.<\/p>\n<p>En este sentido, 60 Bomberos Voluntarios de los cuarteles de San Javier, Mina Clavero, Las Rosas, Las Tapias, Villa Dolores, y La Paz, realizan tareas de sofocaci\u00f3n. Asimismo, trabajan en el lugar 14 unidades m\u00f3viles livianas, tres aviones y dos helic\u00f3pteros.<\/p>\n<p>Adem\u00e1s participa personal de Polic\u00eda de C\u00f3rdoba, E.T.A.C, Plan Provincial de Manejo del Fuego, y del Servicio Nacional de Manejo del Fuego.<\/p>\n<figure class=\"wp-block-image size-large\"><img loading=\"lazy\" data-attachment-id=\"10645\" data-permalink=\"https:\/\/cordobanewsnet.wordpress.com\/2024\/07\/16\/bomberos-combaten-un-foco-de-incendio-en-el-cerro-champaqui-cordoba\/image-238\/\" data-orig-file=\"https:\/\/cordobanewsnet.wordpress.com\/wp-content\/uploads\/2024\/07\/image-85.png\" data-orig-size=\"952,593\" data-comments-opened=\"1\" data-image-meta=\"{&quot;aperture&quot;:&quot;0&quot;,&quot;credit&quot;:&quot;&quot;,&quot;camera&quot;:&quot;&quot;,&quot;caption&quot;:&quot;&quot;,&quot;created_timestamp&quot;:&quot;0&quot;,&quot;copyright&quot;:&quot;&quot;,&quot;focal_length&quot;:&quot;0&quot;,&quot;iso&quot;:&quot;0&quot;,&quot;shutter_speed&quot;:&quot;0&quot;,&quot;title&quot;:&quot;&quot;,&quot;orientation&quot;:&quot;0&quot;}\" data-image-title=\"image\" data-image-description data-image-caption data-medium-file=\"https:\/\/cordobanewsnet.wordpress.com\/wp-content\/uploads\/2024\/07\/image-85.png?w=300\" data-large-file=\"https:\/\/cordobanewsnet.wordpress.com\/wp-content\/uploads\/2024\/07\/image-85.png?w=736\" tabindex=\"0\" role=\"button\" width=\"952\" height=\"593\" src=\"http:\/\/nuevacordoba.net\/wp-content\/uploads\/2024\/07\/bomberos-combaten-un-foco-de-incendio-en-el-cerro-champaqui-cordoba.png\" alt class=\"wp-image-10645\"><\/figure>\n<p>Fuente : Hoy D\u00eda C\u00f3rdoba Argentina<\/p>\n<p><span id=\"wordads-inline-marker\"><\/span> <\/p>\n<div id=\"jp-post-flair\" class=\"sharedaddy sd-like-enabled sd-sharing-enabled\">\n<div class=\"sharedaddy sd-sharing-enabled\">\n<div class=\"robots-nocontent sd-block sd-social sd-social-icon-text sd-sharing\">\n<h3 class=\"sd-title\">Comparte esto:<\/h3>\n<\/div>\n<\/div>\n<div class=\"sharedaddy sd-block sd-like jetpack-likes-widget-wrapper jetpack-likes-widget-unloaded\" id=\"like-post-wrapper-143108178-10644-6695f068627ba\" data-src=\"\/\/widgets.wp.com\/likes\/index.html?ver=20240716#blog_id=143108178&amp;post_id=10644&amp;origin=cordobanewsnet.wordpress.com&amp;obj_id=143108178-10644-6695f068627ba\" data-name=\"like-post-frame-143108178-10644-6695f068627ba\" data-title=\"Me gusta o Compartir\">\n<p><span class=\"button\"><span>Me gusta<\/span><\/span> <span class=\"loading\">Cargando&#8230;<\/span><\/p>\n<p><span class=\"sd-text-color\"><\/span><\/div>\n<p><h3 class=\"jp-relatedposts-headline\"><em>Relacionado<\/em><\/h3>\n<\/p>\n<\/div>\n","protected":false},"excerpt":{"rendered":"<p>El Ministerio de Seguridad de la Provincia, a trav\u00e9s de la Secretaria de Secretar\u00eda de Gesti\u00f3n de Riesgo Clim\u00e1tico, Cat\u00e1strofes y Protecci\u00f3n Civil, inform\u00f3 que se encuentra activo un&nbsp;foco de incendio en el sector sur del Cerro Champaqu\u00ed, en el Valle de Traslasierra. Al momento hay afectadas aproximadamente unas 60 hect\u00e1reas.&nbsp;El sector donde se encuentra [&hellip;]<\/p>\n","protected":false},"author":1,"featured_media":45941,"comment_status":"closed","ping_status":"closed","sticky":false,"template":"","format":"standard","meta":[],"categories":[14],"tags":[],"_links":{"self":[{"href":"http:\/\/nuevacordoba.net\/index.php\/wp-json\/wp\/v2\/posts\/45940"}],"collection":[{"href":"http:\/\/nuevacordoba.net\/index.php\/wp-json\/wp\/v2\/posts"}],"about":[{"href":"http:\/\/nuevacordoba.net\/index.php\/wp-json\/wp\/v2\/types\/post"}],"author":[{"embeddable":true,"href":"http:\/\/nuevacordoba.net\/index.php\/wp-json\/wp\/v2\/users\/1"}],"replies":[{"embeddable":true,"href":"http:\/\/nuevacordoba.net\/index.php\/wp-json\/wp\/v2\/comments?post=45940"}],"version-history":[{"count":0,"href":"http:\/\/nuevacordoba.net\/index.php\/wp-json\/wp\/v2\/posts\/45940\/revisions"}],"wp:featuredmedia":[{"embeddable":true,"href":"http:\/\/nuevacordoba.net\/index.php\/wp-json\/wp\/v2\/media\/45941"}],"wp:attachment":[{"href":"http:\/\/nuevacordoba.net\/index.php\/wp-json\/wp\/v2\/media?parent=45940"}],"wp:term":[{"taxonomy":"category","embeddable":true,"href":"http:\/\/nuevacordoba.net\/index.php\/wp-json\/wp\/v2\/categories?post=45940"},{"taxonomy":"post_tag","embeddable":true,"href":"http:\/\/nuevacordoba.net\/index.php\/wp-json\/wp\/v2\/tags?post=45940"}],"curies":[{"name":"wp","href":"https:\/\/api.w.org\/{rel}","templated":true}]}}